{"id":265550,"date":"2025-12-01T14:29:10","date_gmt":"2025-12-01T14:29:10","guid":{"rendered":"https:\/\/www.europesays.com\/es\/265550\/"},"modified":"2025-12-01T14:29:10","modified_gmt":"2025-12-01T14:29:10","slug":"alba-carrillo-carga-contra-alessandro-lequio-a-mi-me-ha-tratado-mal-me-acuso-practicamente-de-prostitucion-el-mundo","status":"publish","type":"post","link":"https:\/\/www.europesays.com\/es\/265550\/","title":{"rendered":"Alba Carrillo carga contra Alessandro Lequio: &quot;A m\u00ed me ha tratado mal. Me acus\u00f3 pr\u00e1cticamente de prostituci\u00f3n&quot; &#8211; El Mundo"},"content":{"rendered":"<ol>\n<li><a href=\"https:\/\/news.google.com\/rss\/articles\/CBMigAFBVV95cUxNQ1pkME9Dc2dMUFB5MkNXLWowWk1pcHI3cGZvYzk4TW1OR0ZFa3hjNnQxMk05VWZqTHhkTmFCYXhJbUg3RDFsa0hmQnNxb1VMNUJtaDBFSjJIVkxjcFNmSjlSSWx0S3hQWVNBMFM1QTRleWgzeGNFS1ZWRFR1Q0J4StIBgAFBVV95cUxOTzNtMGhvaWhiRkFnc2dkVmNmcEhLTERHNDVmeW1QUHZKV2l4bjNRc19tV1BKRGd6RG45QjFOVENXallZcGpaLUxUdk5ZV29MVG5pc28tamN3bTZZcTV1Vnhra2czS3RQTkxhQW82aFVQNUNvTTRhUjdLanJCMXhJaw?oc=5\" target=\"_blank\" rel=\"nofollow noopener\">Alba Carrillo carga contra Alessandro Lequio: \u00abA m\u00ed me ha tratado mal. Me acus\u00f3 pr\u00e1cticamente de prostituci\u00f3n\u00bb<\/a>&nbsp;&nbsp;El Mundo<\/li>\n<li><a href=\"https:\/\/news.google.com\/rss\/articles\/CBMi4AFBVV95cUxPTWFxb3FnbTBSbXBtMk5UYnduVkc4ZzgtM0tGc29ucXFfMmR4eGRSYWQ0QnFCX0NrZjVzcW12bFk2Q0w1QTE2M0s5THpIVVFEdUZGam8zNHo0WkF2WmdBMUs4Ni1qX2tlTDMwMkdCdlIxbE93WWRUMWZCRzl4V3BTdng5RUdGVDl2MGxLZlAtbkRrSHFWWlBtYTZkN2huMUFyM3hvSFF2OXNNbm9UVEdrTk9QRlRjNTFmcmdHaW5DSHlYYkx2RC1vR3JtTEkyX1MwMVZaczhJYS1GcG5QeEgzQg?oc=5\" target=\"_blank\" rel=\"nofollow noopener\">El demoledor mensaje de Clemente, hijo de Lecquio, tras su despido y la entrevista de su mujer: \u00abNadie puede escapar al karma\u00bb<\/a>&nbsp;&nbsp;20Minutos<\/li>\n<li><a href=\"https:\/\/news.google.com\/rss\/articles\/CBMimwFBVV95cUxQOFcxbHFRU3NRTEJLeDJKNGdZVHVGT1lPQ3B5S3FqNkNWb3FsX2hYTXphVUFZUmlfQUtOOXRDaXU4REVWeDBKanJGdV9iM2d5bVR3bjZscWJlYUFrV2RWcGcxVko5RXVzRktXSEQtbHQ2eE1TRUZ5c2RuTUsxaTZxV1RHVFpzMkw1aHNQRFpINUpERHNXV191Nzlibw?oc=5\" target=\"_blank\" rel=\"nofollow noopener\">Antonia Dell\u2019Atte, la tele p\u00fablica y el labial rojo<\/a>&nbsp;&nbsp;EL PA\u00cdS<\/li>\n<li><a href=\"https:\/\/news.google.com\/rss\/articles\/CBMi1wFBVV95cUxNSTFkdEN6c04xbF9oN3FsZnBLbU5oS2pGWDRqdThnb2ZIeW42dDVEaDRUc2RGYWZGM3hlZTlneXJhOVRHSDRmck9FdUN4aFBIR3JYdzVGRjFtWVJxd0sxMzY3NlNQWl9wMTVrQkdMZGh6amlGaWZnQ3NNaEtXYmpncEVrQ2ZGUkViTEpCc2ZyQ21ISmd3b2hELU53S2VSM2ctQkR0cGJDc0lwQzRzT3hCLVdzdFNWY1dHdGNkZ1d2b25kR1I0cWZFdExEeDNUTExZcXl4bTd1QdIB1wFBVV95cUxNLWJuTm9vU0kzWG5CSHN6OFhvWm1taWFuYzcyZFVBRkF5YzlkanJyTmVrNUM2TC1mM0oydXhmWEc2Sm5yaVdkUTJBOFdCMFlqX3VMaGtWcndBRHJZQ1gzQUxPbGlnTnA5aHFYMU8tTFdwX1BfdlJTTFE1VElDa3FGOGh1OFFDODY4X0I0QmQzRWJNWjNkaFl6Vmt0RDFfVzJRazEyQnFaN0RSSkN4SnExNHEtcFdlcXh0UWpqRmcyUkxHQnpqT0VSelhfN1VpbERUZkJUSDRzUQ?oc=5\" target=\"_blank\" rel=\"nofollow noopener\">Alba Carrillo fulmina a Lequio tras su despido de Mediaset: \u00abYo soy una de las v\u00edctimas, ya es hora de limpiar a este tipo de hombres\u00bb<\/a>&nbsp;&nbsp;MARCA<\/li>\n<li><a href=\"https:\/\/news.google.com\/rss\/articles\/CBMirgFBVV95cUxQVklhaWxkbU4ydExKZTFzUXcwV3JJR09YNGROa1ZTblFGUFFXLVpYU2JzcTZtR0V5amlvRlBYNFFtU0k5aGVObDIyWnlzcXd4cnZJRW9Na0gybWpXa1VzUXh3TDZ6VHkxVWtvNldVdUg2NVh2Y1Zhdk9oamg4UTRJbS1lU1JFLUtrYnlIdU5kNjd3UmptVVlxanVEOHpUQ2hCc2NJQWduLThSa3kwa3c?oc=5\" target=\"_blank\" rel=\"nofollow noopener\">Alba Carrillo afirma ser \u00abuna de las v\u00edctimas\u00bb de Alessandro Lecquio<\/a>&nbsp;&nbsp;El Correo<\/li>\n<\/ol>\n","protected":false},"excerpt":{"rendered":"Alba Carrillo carga contra Alessandro Lequio: \u00abA m\u00ed me ha tratado mal. Me acus\u00f3 pr\u00e1cticamente de prostituci\u00f3n\u00bb&nbsp;&nbsp;El Mundo&hellip;\n","protected":false},"author":2,"featured_media":265551,"comment_status":"","ping_status":"","sticky":false,"template":"","format":"standard","meta":{"footnotes":""},"categories":[91],"tags":[879,15908,146,147,25,24,720,23],"class_list":{"0":"post-265550","1":"post","2":"type-post","3":"status-publish","4":"format-standard","5":"has-post-thumbnail","7":"category-entretenimiento","8":"tag-alba-carrillo","9":"tag-alessandro-lequio","10":"tag-entertainment","11":"tag-entretenimiento","12":"tag-es","13":"tag-espana","14":"tag-loc-famosos","15":"tag-spain"},"share_on_mastodon":{"url":"https:\/\/pubeurope.com\/@es\/115644790637834210","error":""},"_links":{"self":[{"href":"https:\/\/www.europesays.com\/es\/wp-json\/wp\/v2\/posts\/265550","targetHints":{"allow":["GET"]}}],"collection":[{"href":"https:\/\/www.europesays.com\/es\/wp-json\/wp\/v2\/posts"}],"about":[{"href":"https:\/\/www.europesays.com\/es\/wp-json\/wp\/v2\/types\/post"}],"author":[{"embeddable":true,"href":"https:\/\/www.europesays.com\/es\/wp-json\/wp\/v2\/users\/2"}],"replies":[{"embeddable":true,"href":"https:\/\/www.europesays.com\/es\/wp-json\/wp\/v2\/comments?post=265550"}],"version-history":[{"count":0,"href":"https:\/\/www.europesays.com\/es\/wp-json\/wp\/v2\/posts\/265550\/revisions"}],"wp:featuredmedia":[{"embeddable":true,"href":"https:\/\/www.europesays.com\/es\/wp-json\/wp\/v2\/media\/265551"}],"wp:attachment":[{"href":"https:\/\/www.europesays.com\/es\/wp-json\/wp\/v2\/media?parent=265550"}],"wp:term":[{"taxonomy":"category","embeddable":true,"href":"https:\/\/www.europesays.com\/es\/wp-json\/wp\/v2\/categories?post=265550"},{"taxonomy":"post_tag","embeddable":true,"href":"https:\/\/www.europesays.com\/es\/wp-json\/wp\/v2\/tags?post=265550"}],"curies":[{"name":"wp","href":"https:\/\/api.w.org\/{rel}","templated":true}]}}