{"id":265558,"date":"2025-12-01T14:33:11","date_gmt":"2025-12-01T14:33:11","guid":{"rendered":"https:\/\/www.europesays.com\/es\/265558\/"},"modified":"2025-12-01T14:33:11","modified_gmt":"2025-12-01T14:33:11","slug":"la-derecha-espanola-protesta-en-madrid-contra-pedro-sanchez-asediado-por-varios-casos-judiciales","status":"publish","type":"post","link":"https:\/\/www.europesays.com\/es\/265558\/","title":{"rendered":"La derecha espa\u00f1ola protesta en Madrid contra Pedro S\u00e1nchez, asediado por varios casos judiciales"},"content":{"rendered":"<p>    <img src=\"https:\/\/www.europesays.com\/es\/wp-content\/uploads\/2025\/12\/2025-12-01T133A483A10Z-90564109.jpg\" width=\"1024\" height=\"721\" alt=\"\" loading=\"eager\" decoding=\"sync\" fetchpriority=\"high\"\/><\/p>\n<p>            afp_tickers        <\/p>\n<p>        Este contenido fue publicado en    <\/p>\n<p>        01 diciembre 2025 &#8211; 14:48\n<\/p>\n<p>La oposici\u00f3n de derecha espa\u00f1ola y decenas de miles de simpatizantes se congregaron este domingo en Madrid para pedir la \u00abdimisi\u00f3n\u00bb del presidente del gobierno, el socialista Pedro S\u00e1nchez, asediado por varios casos judiciales en su entorno.<\/p>\n<p>Esta concentraci\u00f3n, organizada por el Partido Popular (PP, derecha), se produjo pocos d\u00edas despu\u00e9s de que el dirigente de izquierda sufriera dos reveses: la condena del fiscal general del Estado por violaci\u00f3n del secreto judicial y el ingreso el jueves en prisi\u00f3n provisional de su antigua mano derecha y exministro, Jos\u00e9 Luis \u00c1balos, por un caso de corrupci\u00f3n.<\/p>\n<p>\u00ab\u00a1Espa\u00f1a est\u00e1 harta de los que se creen por encima de los dem\u00e1s!\u00bb, denunci\u00f3 el l\u00edder del PP, Alberto N\u00fa\u00f1ez Feij\u00f3o, pidiendo una vez m\u00e1s al Ejecutivo que convoque elecciones generales anticipadas.\u00a0<\/p>\n<p>\u00abEl \u2018sanchismo\u2019 est\u00e1 en la c\u00e1rcel y tiene que salir del gobierno\u00bb, volvi\u00f3 a reprender ante una multitud compacta que ondeaba banderas espa\u00f1olas, tras enumerar los casos judiciales que afectan, en particular, a la pareja y al hermano de Pedro S\u00e1nchez.<\/p>\n<p>La corrupci\u00f3n \u00abes su sistema, su mecanismo, su forma de llegar al poder y de mantenerse\u00bb, reproch\u00f3 N\u00fa\u00f1ez Feij\u00f3o en una protesta que congreg\u00f3 al alcalde de Madrid, Jos\u00e9 Luis Mart\u00ednez-Almeida, y al expresidente Mariano Rajoy.<\/p>\n<p>Seg\u00fan una cifra comunicada por la delegaci\u00f3n del gobierno en Madrid a AFP, 40.000 personas asistieron el domingo a la concentraci\u00f3n.<\/p>\n<p>En su intervenci\u00f3n, la presidenta de la Comunidad de Madrid, Isabel D\u00edaz Ayuso, afirm\u00f3 que \u00abEspa\u00f1a vive su momento m\u00e1s cr\u00edtico en 47 a\u00f1os de democracia\u00bb, \u00ababandonada a manos de una mafia\u00bb con \u00abun proyecto totalitario\u00bb.<\/p>\n<p>Entre los manifestantes, los entrevistados por AFP repet\u00edan el mismo mensaje de hartazgo: \u00abEs insostenible ya la situaci\u00f3n\u00bb, lament\u00f3 Daniel Noguera, un estudiante madrile\u00f1o de 18 a\u00f1os que acudi\u00f3 con su padre, deplorando \u00ablos precios [que] est\u00e1n subiendo cada vez m\u00e1s\u00bb, en particular los de la vivienda.<\/p>\n<p>El dirigente socialista, en el cargo desde 2018, se ha disculpado en varias ocasiones ante los espa\u00f1oles por los casos judiciales que afectan a su entorno, pero afirma que no dimitir\u00e1 antes de que termine la legislatura en 2027. S\u00e1nchez denuncia por su parte ataques orquestados por la derecha y la extrema derecha con el fin de debilitarlo.<\/p>\n<p>rbj\/hgs\/an<\/p>\n","protected":false},"excerpt":{"rendered":"afp_tickers Este contenido fue publicado en 01 diciembre 2025 &#8211; 14:48 La oposici\u00f3n de derecha espa\u00f1ola y decenas&hellip;\n","protected":false},"author":2,"featured_media":265559,"comment_status":"","ping_status":"","sticky":false,"template":"","format":"standard","meta":{"footnotes":""},"categories":[8],"tags":[17,18,3675,636,11890,11891,11892,18680,25,24,13,14,4437,11,26325,19,20,7657,17067,9,10,15,16,1384,88,23,90,12,21,22],"class_list":{"0":"post-265558","1":"post","2":"type-post","3":"status-publish","4":"format-standard","5":"has-post-thumbnail","7":"category-espana","8":"tag-breaking-news","9":"tag-breakingnews","10":"tag-civil-unrest","11":"tag-conflict","12":"tag-corporate-crime","13":"tag-corruption","14":"tag-crime","15":"tag-demonstration","16":"tag-es","17":"tag-espana","18":"tag-featured-news","19":"tag-featurednews","20":"tag-government","21":"tag-headlines","22":"tag-investigation","23":"tag-latest-news","24":"tag-latestnews","25":"tag-law-and-order","26":"tag-law-enforcement","27":"tag-news","28":"tag-noticias","29":"tag-noticias-destacadas","30":"tag-noticiasdestacadas","31":"tag-police","32":"tag-politics","33":"tag-spain","34":"tag-ticker","35":"tag-titulares","36":"tag-ultimas-noticias","37":"tag-ultimasnoticias"},"share_on_mastodon":{"url":"https:\/\/pubeurope.com\/@es\/115644806595483578","error":""},"_links":{"self":[{"href":"https:\/\/www.europesays.com\/es\/wp-json\/wp\/v2\/posts\/265558","targetHints":{"allow":["GET"]}}],"collection":[{"href":"https:\/\/www.europesays.com\/es\/wp-json\/wp\/v2\/posts"}],"about":[{"href":"https:\/\/www.europesays.com\/es\/wp-json\/wp\/v2\/types\/post"}],"author":[{"embeddable":true,"href":"https:\/\/www.europesays.com\/es\/wp-json\/wp\/v2\/users\/2"}],"replies":[{"embeddable":true,"href":"https:\/\/www.europesays.com\/es\/wp-json\/wp\/v2\/comments?post=265558"}],"version-history":[{"count":0,"href":"https:\/\/www.europesays.com\/es\/wp-json\/wp\/v2\/posts\/265558\/revisions"}],"wp:featuredmedia":[{"embeddable":true,"href":"https:\/\/www.europesays.com\/es\/wp-json\/wp\/v2\/media\/265559"}],"wp:attachment":[{"href":"https:\/\/www.europesays.com\/es\/wp-json\/wp\/v2\/media?parent=265558"}],"wp:term":[{"taxonomy":"category","embeddable":true,"href":"https:\/\/www.europesays.com\/es\/wp-json\/wp\/v2\/categories?post=265558"},{"taxonomy":"post_tag","embeddable":true,"href":"https:\/\/www.europesays.com\/es\/wp-json\/wp\/v2\/tags?post=265558"}],"curies":[{"name":"wp","href":"https:\/\/api.w.org\/{rel}","templated":true}]}}