{"id":265560,"date":"2025-12-01T14:34:20","date_gmt":"2025-12-01T14:34:20","guid":{"rendered":"https:\/\/www.europesays.com\/es\/265560\/"},"modified":"2025-12-01T14:34:20","modified_gmt":"2025-12-01T14:34:20","slug":"el-ipc-adelantado-de-noviembre-augura-una-subida-de-pensiones-del-27-para-2026","status":"publish","type":"post","link":"https:\/\/www.europesays.com\/es\/265560\/","title":{"rendered":"El IPC adelantado de noviembre augura una subida de pensiones del 2,7% para 2026"},"content":{"rendered":"<p>El 12 de diciembre se conocer\u00e1 el IPC de noviembre, cuyo dato adelantado cifra en un 2,7% la subida de las pensiones en 2026<\/p>\n<p>En las pr\u00f3ximas semanas sabremos cu\u00e1l va a ser la subida de las pensiones para 2026. Tras la publicaci\u00f3n de la Ley 20\/2021, se estableci\u00f3 que las pensiones contributivas se revalorizaban conforme al IPC definitivo del mes de noviembre.<\/p>\n<p>Pese a que hasta el 12 de diciembre no se conocer\u00e1 el dato definitivo, que es el que se toma como referencia para la subida, el IPC adelantado se ha fijado en el 2,7%. Todo apunta a que las pensiones contributivas subir\u00e1n en torno a ese porcentaje de cara a 2026, pero tendremos que esperar hasta la publicaci\u00f3n del IPC definitivo y que el BOE publique c\u00f3mo van a quedar las pensiones contributivas para el pr\u00f3ximo a\u00f1o y tambi\u00e9n qu\u00e9 porcentaje de subida se aplicar\u00e1 a las no contributivas y otras pensiones y prestaciones.<\/p>\n<p>La subida de las pensiones beneficiar\u00e1 a m\u00e1s de 9,4 millones de pensionistas, a los que hay que sumar en torno a los 715.000 pensionistas de las clases pasivas del Estado. De confirmarse la subida para 2026, ser\u00e1 algo inferior que en los \u00faltimos a\u00f1os, todo ello motivada por la moderaci\u00f3n de la inflaci\u00f3n desde 2024.<\/p>\n<p>Esta revalorizaci\u00f3n conforme al IPC , siguiendo las recomendaciones del Pacto de Toledo que se vieron reflejadas en la Ley 20\/2021, permite a las personas pensionistas no perder poder adquisitivo. Desde USO, como miembros de la Mesa Estatal por el Blindaje de las Pensiones (MERP), recordamos que las pensiones se deben blindar en la Constituci\u00f3n como un derecho fundamental. Ese blindaje prohibir\u00eda de forma expresa la privatizaci\u00f3n total o parcial del sistema p\u00fablico de pensiones y asegurar\u00eda el poder adquisitivo de los y las pensionistas, evitando congelaciones o subidas rid\u00edculas como ocurri\u00f3 a\u00f1os atr\u00e1s.<\/p>\n","protected":false},"excerpt":{"rendered":"El 12 de diciembre se conocer\u00e1 el IPC de noviembre, cuyo dato adelantado cifra en un 2,7% la&hellip;\n","protected":false},"author":2,"featured_media":265561,"comment_status":"","ping_status":"","sticky":false,"template":"","format":"standard","meta":{"footnotes":""},"categories":[5],"tags":[3076,517,17,18,25,24,13,14,11,11529,19,20,9,10,15,16,12865,23,12,21,22],"class_list":{"0":"post-265560","1":"post","2":"type-post","3":"status-publish","4":"format-standard","5":"has-post-thumbnail","7":"category-titulares","8":"tag-3076","9":"tag-actualidad","10":"tag-breaking-news","11":"tag-breakingnews","12":"tag-es","13":"tag-espana","14":"tag-featured-news","15":"tag-featurednews","16":"tag-headlines","17":"tag-ipc","18":"tag-latest-news","19":"tag-latestnews","20":"tag-news","21":"tag-noticias","22":"tag-noticias-destacadas","23":"tag-noticiasdestacadas","24":"tag-pensiones","25":"tag-spain","26":"tag-titulares","27":"tag-ultimas-noticias","28":"tag-ultimasnoticias"},"share_on_mastodon":{"url":"https:\/\/pubeurope.com\/@es\/115644810155078262","error":""},"_links":{"self":[{"href":"https:\/\/www.europesays.com\/es\/wp-json\/wp\/v2\/posts\/265560","targetHints":{"allow":["GET"]}}],"collection":[{"href":"https:\/\/www.europesays.com\/es\/wp-json\/wp\/v2\/posts"}],"about":[{"href":"https:\/\/www.europesays.com\/es\/wp-json\/wp\/v2\/types\/post"}],"author":[{"embeddable":true,"href":"https:\/\/www.europesays.com\/es\/wp-json\/wp\/v2\/users\/2"}],"replies":[{"embeddable":true,"href":"https:\/\/www.europesays.com\/es\/wp-json\/wp\/v2\/comments?post=265560"}],"version-history":[{"count":0,"href":"https:\/\/www.europesays.com\/es\/wp-json\/wp\/v2\/posts\/265560\/revisions"}],"wp:featuredmedia":[{"embeddable":true,"href":"https:\/\/www.europesays.com\/es\/wp-json\/wp\/v2\/media\/265561"}],"wp:attachment":[{"href":"https:\/\/www.europesays.com\/es\/wp-json\/wp\/v2\/media?parent=265560"}],"wp:term":[{"taxonomy":"category","embeddable":true,"href":"https:\/\/www.europesays.com\/es\/wp-json\/wp\/v2\/categories?post=265560"},{"taxonomy":"post_tag","embeddable":true,"href":"https:\/\/www.europesays.com\/es\/wp-json\/wp\/v2\/tags?post=265560"}],"curies":[{"name":"wp","href":"https:\/\/api.w.org\/{rel}","templated":true}]}}