{"id":265562,"date":"2025-12-01T14:38:06","date_gmt":"2025-12-01T14:38:06","guid":{"rendered":"https:\/\/www.europesays.com\/es\/265562\/"},"modified":"2025-12-01T14:38:06","modified_gmt":"2025-12-01T14:38:06","slug":"diego-y-guillermo-schmidt-campeones-four-ball-en-el-aero","status":"publish","type":"post","link":"https:\/\/www.europesays.com\/es\/265562\/","title":{"rendered":"Diego y Guillermo Schmidt campeones Four Ball en el Aero"},"content":{"rendered":"\n<p>Los primos Diego y Guillermo Schmidt ganaron la copa \u201cLaboratorio R\u00edgoli\u201d y se adjudicaron el campeonato de compa\u00f1eros, la modalidad Four Ball en el Aero Golf Club.\u00a0<\/p>\n<p>El certamen se disput\u00f3 en match play, luego de una clasificaci\u00f3n a 36 hoyos. Los Schmidt se impusieron al binomio integrado por Guillermo Ballestrielo y Eduardo Canini. La definici\u00f3n se produjo en el hoyo 16 donde los ganadores acumularon una ventaja de 4 hoyos y 2 a jugar.<\/p>\n","protected":false},"excerpt":{"rendered":"Los primos Diego y Guillermo Schmidt ganaron la copa \u201cLaboratorio R\u00edgoli\u201d y se adjudicaron el campeonato de compa\u00f1eros,&hellip;\n","protected":false},"author":2,"featured_media":265563,"comment_status":"","ping_status":"","sticky":false,"template":"","format":"standard","meta":{"footnotes":""},"categories":[275],"tags":[168,25,24,329,23,167],"class_list":{"0":"post-265562","1":"post","2":"type-post","3":"status-publish","4":"format-standard","5":"has-post-thumbnail","7":"category-golf","8":"tag-deportes","9":"tag-es","10":"tag-espana","11":"tag-golf","12":"tag-spain","13":"tag-sports"},"share_on_mastodon":{"url":"https:\/\/pubeurope.com\/@es\/115644826057660871","error":""},"_links":{"self":[{"href":"https:\/\/www.europesays.com\/es\/wp-json\/wp\/v2\/posts\/265562","targetHints":{"allow":["GET"]}}],"collection":[{"href":"https:\/\/www.europesays.com\/es\/wp-json\/wp\/v2\/posts"}],"about":[{"href":"https:\/\/www.europesays.com\/es\/wp-json\/wp\/v2\/types\/post"}],"author":[{"embeddable":true,"href":"https:\/\/www.europesays.com\/es\/wp-json\/wp\/v2\/users\/2"}],"replies":[{"embeddable":true,"href":"https:\/\/www.europesays.com\/es\/wp-json\/wp\/v2\/comments?post=265562"}],"version-history":[{"count":0,"href":"https:\/\/www.europesays.com\/es\/wp-json\/wp\/v2\/posts\/265562\/revisions"}],"wp:featuredmedia":[{"embeddable":true,"href":"https:\/\/www.europesays.com\/es\/wp-json\/wp\/v2\/media\/265563"}],"wp:attachment":[{"href":"https:\/\/www.europesays.com\/es\/wp-json\/wp\/v2\/media?parent=265562"}],"wp:term":[{"taxonomy":"category","embeddable":true,"href":"https:\/\/www.europesays.com\/es\/wp-json\/wp\/v2\/categories?post=265562"},{"taxonomy":"post_tag","embeddable":true,"href":"https:\/\/www.europesays.com\/es\/wp-json\/wp\/v2\/tags?post=265562"}],"curies":[{"name":"wp","href":"https:\/\/api.w.org\/{rel}","templated":true}]}}