{"id":265566,"date":"2025-12-01T14:40:14","date_gmt":"2025-12-01T14:40:14","guid":{"rendered":"https:\/\/www.europesays.com\/es\/265566\/"},"modified":"2025-12-01T14:40:14","modified_gmt":"2025-12-01T14:40:14","slug":"el-ciclista-que-movistar-team-necesita-como-capitan-general-en-2026","status":"publish","type":"post","link":"https:\/\/www.europesays.com\/es\/265566\/","title":{"rendered":"El ciclista que Movistar Team necesita como capit\u00e1n general en 2026"},"content":{"rendered":"<p>Para sobrevivir al nuevo trienio que comienza en 2026, hasta ahora, <a href=\"https:\/\/ciclismoaldia.es\/movistar-team\" title=\"Movistar Team\" rel=\"nofollow noopener\" target=\"_blank\">Movistar Team<\/a> ha hecho bastante bien los deberes. El equipo telef\u00f3nico ha juntado los ingredientes necesarios: fichajes estrella (Cian Uijtdebroeks), renovaciones clave y la formaci\u00f3n de un filial sub 23 que se ped\u00eda a gritos desde hac\u00eda a\u00f1os. Pero todo eso tiene que funcionar con un director de orquesta en la plantilla.\u00bfQui\u00e9n debe asumir ese rol de capit\u00e1n general de Movistar en 2026? En principio, el primer nombre que se viene a la cabeza es el de Enric Mas. Sin embargo, el balear est\u00e1 lesionado de la rodilla desde el pasado <a href=\"https:\/\/ciclismoaldia.es\/tour-de-francia\" title=\"Tour de Francia\" rel=\"nofollow noopener\" target=\"_blank\">Tour de Francia<\/a>, y se perder\u00e1 los primeros meses de competici\u00f3n, cruciales para cualquier escuadra, tanto World Tour como Pro Team. No, quien debe ser el l\u00edder es <a href=\"https:\/\/ciclismoaldia.es\/ivan-garcia-cortina\" title=\"Iv\u00e1n Garc\u00eda Cortina\" rel=\"nofollow noopener\" target=\"_blank\">Iv\u00e1n Garc\u00eda Cortina<\/a>.<\/p>\n<p>A sus 30 a\u00f1os reci\u00e9n cumplidos, el ciclista asturiano se prepara para la que ser\u00e1 su sexta temporada con el maillot de Movistar Team. Aunque no es el m\u00e1s veterano, s\u00ed que ha ejercido como tal durante el \u00faltimo curso. Sus actuaciones en 2025 no solo no han pasado desapercibidas, sino que han puesto de manifiesto lo importante que es su presencia para el conjunto espa\u00f1ol en las principales carreras.<\/p>\n<p>M\u00e1s all\u00e1 de reencontrarse con la victoria al sumar en la <a href=\"https:\/\/www.procyclingstats.com\/race\/vuelta-asturias\/2025\/stage-2\" target=\"_blank\" rel=\"nofollow noopener\">etapa 2 de la Vuelta a Asturias<\/a> su cuarto triunfo como profesional, Iv\u00e1n Garc\u00eda Cortina corri\u00f3 tanto el Tour de Francia como la <a href=\"https:\/\/ciclismoaldia.es\/vuelta-a-espana\" title=\"Vuelta a Espa\u00f1a\" rel=\"nofollow noopener\" target=\"_blank\">Vuelta a Espa\u00f1a<\/a>, y siendo uno de los ciclistas m\u00e1s importantes de ambas alineaciones.<\/p>\n<p>En primer lugar, en el Tour de Francia fue clave para mantener a salvo a Enric Mas en los primeros d\u00edas, que fueron muy complicados. Sus actuaciones le valieron todos los elogios pese a no marcar grandes resultados en meta. Ese tipo de labores son las que hacen grande a un capit\u00e1n dentro de un equipo que compite en los mejores escenarios del mundo.<\/p>\n<p>M\u00e1s tarde, en la Vuelta a Espa\u00f1a, gan\u00f3 m\u00e1s protagonismo individual, peleando la victoria en la etapa inaugural hasta el \u00faltimo metro (donde qued\u00f3 5\u00ba con Orluis Aular, su compa\u00f1ero, 3\u00ba), meti\u00e9ndose en una fuga y volviendo a ejercer de rodador clave para sus l\u00edderes. Aunque ah\u00ed se not\u00f3 que Movistar Team no estaba peleando por la clasificaci\u00f3n general.<\/p>\n<p><img decoding=\"async\" width=\"500\" height=\"280\" loading=\"lazy\" src=\"https:\/\/www.europesays.com\/es\/wp-content\/uploads\/2025\/12\/cortina-flandes-1207974775-67f387d3c75d5.jpg@webp.webp\" class=\"w-auto h-auto\" alt=\"Iv\u00e1n Garc\u00eda Cortina, l\u00edder en la plantilla de Movistar Team\u00a0\"\/><\/p>\n<p>Iv\u00e1n Garc\u00eda Cortina debe ser el capit\u00e1n general de Movistar Team en 2026<\/p>\n<p>Otra raz\u00f3n de peso que demuestra la relevancia de Cortina en el equipo es que, en 2025, <a href=\"https:\/\/ciclismoaldia.es\/ciclismo\/los-20-ciclistas-que-mas-dias-han-competido-en-la-temporada-2025\" target=\"_self\" rel=\"nofollow noopener\">ha sido el quinto ciclista de todo el pelot\u00f3n con m\u00e1s d\u00edas de carrera<\/a> acumulados. Un dato as\u00ed no hace sino resaltar todo lo que aporta un corredor como \u00e9l en los planes de Movistar.El mejor de las cl\u00e1sicas de primavera<\/p>\n<p>Y los motivos no se quedan ah\u00ed. El impacto de Iv\u00e1n Garc\u00eda Cortina en Movistar Team es tan grande que se traslada tambi\u00e9n a las cl\u00e1sicas de primavera, como todo el mundo sabe. De hecho, desde la salida de Oier Lazkano, el asturiano es la gran referencia del equipo en las carreras de un d\u00eda y monumentos de los primeros meses de temporada.<\/p>\n<p>En 2026, su aportaci\u00f3n ser\u00e1 mucho m\u00e1s importante. Los puntos UCI valen mucho m\u00e1s que en 2025, cuando el equipo de Eusebio Unzu\u00e9 ya estaba salvado del descenso. Repetir el Top 9 en el Tour de Flandes de esta \u00faltima temporada, que le dio 160 puntos, ser\u00eda de lo mejor que podr\u00eda sacar Movistar de un escenario tan grande.<\/p>\n<p>Y sin olvidar, por supuesto, el resto de esas cl\u00e1sicas donde puede pelear por victorias y resultados m\u00e1s que notables en meta: Par\u00eds-Roubaix, Gante-Wevelgem, E3 Saxo Classic, A Trav\u00e9s de Flandes, Cl\u00e1sica Brujas-La Panne o incluso la Mil\u00e1n-San Remo, donde quedar entre los 15-20 primeros es asequible para alguien de sus caracter\u00edsticas.<\/p>\n<p>Por todas esas razones y los galones que tiene dentro de la plantilla, el camino del \u00e9xito para Movistar Team en 2026 pasa por el hecho de que Iv\u00e1n Garc\u00eda Cortina ejerza de l\u00edder espiritual. Adem\u00e1s, aparte de todo esto, el asturiano termina contrato en el pr\u00f3ximo mercado ciclista, y por su parte se tiene que ganar tambi\u00e9n la renovaci\u00f3n.<\/p>\n","protected":false},"excerpt":{"rendered":"Para sobrevivir al nuevo trienio que comienza en 2026, hasta ahora, Movistar Team ha hecho bastante bien los&hellip;\n","protected":false},"author":2,"featured_media":265567,"comment_status":"","ping_status":"","sticky":false,"template":"","format":"standard","meta":{"footnotes":""},"categories":[273],"tags":[313,312,168,25,24,65780,8660,23,167,462,5411],"class_list":{"0":"post-265566","1":"post","2":"type-post","3":"status-publish","4":"format-standard","5":"has-post-thumbnail","7":"category-ciclismo","8":"tag-ciclismo","9":"tag-cycling","10":"tag-deportes","11":"tag-es","12":"tag-espana","13":"tag-ivan-garcia-cortina","14":"tag-movistar-team","15":"tag-spain","16":"tag-sports","17":"tag-tour-de-francia","18":"tag-vuelta-a-espana"},"share_on_mastodon":{"url":"https:\/\/pubeurope.com\/@es\/115644834137050586","error":""},"_links":{"self":[{"href":"https:\/\/www.europesays.com\/es\/wp-json\/wp\/v2\/posts\/265566","targetHints":{"allow":["GET"]}}],"collection":[{"href":"https:\/\/www.europesays.com\/es\/wp-json\/wp\/v2\/posts"}],"about":[{"href":"https:\/\/www.europesays.com\/es\/wp-json\/wp\/v2\/types\/post"}],"author":[{"embeddable":true,"href":"https:\/\/www.europesays.com\/es\/wp-json\/wp\/v2\/users\/2"}],"replies":[{"embeddable":true,"href":"https:\/\/www.europesays.com\/es\/wp-json\/wp\/v2\/comments?post=265566"}],"version-history":[{"count":0,"href":"https:\/\/www.europesays.com\/es\/wp-json\/wp\/v2\/posts\/265566\/revisions"}],"wp:featuredmedia":[{"embeddable":true,"href":"https:\/\/www.europesays.com\/es\/wp-json\/wp\/v2\/media\/265567"}],"wp:attachment":[{"href":"https:\/\/www.europesays.com\/es\/wp-json\/wp\/v2\/media?parent=265566"}],"wp:term":[{"taxonomy":"category","embeddable":true,"href":"https:\/\/www.europesays.com\/es\/wp-json\/wp\/v2\/categories?post=265566"},{"taxonomy":"post_tag","embeddable":true,"href":"https:\/\/www.europesays.com\/es\/wp-json\/wp\/v2\/tags?post=265566"}],"curies":[{"name":"wp","href":"https:\/\/api.w.org\/{rel}","templated":true}]}}