{"id":265570,"date":"2025-12-01T14:43:08","date_gmt":"2025-12-01T14:43:08","guid":{"rendered":"https:\/\/www.europesays.com\/es\/265570\/"},"modified":"2025-12-01T14:43:08","modified_gmt":"2025-12-01T14:43:08","slug":"flick-explica-su-charla-con-raphinha-estoy-fuerte","status":"publish","type":"post","link":"https:\/\/www.europesays.com\/es\/265570\/","title":{"rendered":"Flick explica su charla con Raphinha: \u00abEstoy fuerte\u00bb"},"content":{"rendered":"<p data-gtm-element-container=\"modulo-texto-link\" class=\"paragraph\">El Bar\u00e7a-Alav\u00e9s del pasado s\u00e1bado dej\u00f3 una imagen llamativa. Tras el partido, pese al triunfo 3-1, a <strong>Hansi Flick <\/strong>se le vio afligido en una charla con <strong>Raphinha<\/strong>, que parec\u00eda consolarle. En la previa del Bar\u00e7a-Atl\u00e8tico de este martes (21 horas), el t\u00e9cnico alem\u00e1n explic\u00f3 al detalle el transfondo de esa imagen.<\/p>\n<p data-gtm-element-container=\"modulo-texto-link\" class=\"paragraph\">\u00abEs curioso todo lo que se ha dicho de esa imagen. No s\u00e9 qui\u00e9n comenz\u00f3 a hablar. Estaba decepcionado porque perdimos muchos balones y al final recibimos dos tarjetas rojas en el banquillo&#8230; Cuando marcamos el tercero, le mostaron la tarjeta roja a <strong>Marcus Sorg <\/strong>y yo hab\u00eda discutido do con \u00e9l, es mi amigo, es la persona m\u00e1s importante que tengo aqu\u00ed, y ten\u00eda en mi cabeza la conversaci\u00f3n. En el banquillo necesito mirar a mi alrededor y apoyarme en mi gente. Quise tomar un poco el aire, no quer\u00eda bajar directamente al vestuario y discutir. Pero estoy bien y fuerte para todo lo que depare\u00a0 la temporada, s\u00e9 que lo que significa un club como el Bar\u00e7a y estoy preparado. Estoy muy contento de estar aqu\u00ed\u00bb, explic\u00f3.<\/p>\n<p>    Lee tambi\u00e9n<\/p>\n<p data-gtm-element-container=\"modulo-texto-link\" class=\"paragraph\">Y en su extensa respuesta concluy\u00f3 normalizando lo sucedido: \u00abEs normal que en un partido as\u00ed se tuerzan las cosas. <strong>Estos partidos te afectan,<\/strong> dedicas muchas energ\u00edas. Pero luego, llego a casa y me relajo. Y me preparo para el siguiente partido. Pero no estaba triste ni pensando en otras cosas. No estamos tan al m\u00e1ximo como el a\u00f1o pasado, pero tenemos potencial y trabajamos para subir el nivel\u00bb.<\/p>\n","protected":false},"excerpt":{"rendered":"El Bar\u00e7a-Alav\u00e9s del pasado s\u00e1bado dej\u00f3 una imagen llamativa. Tras el partido, pese al triunfo 3-1, a Hansi&hellip;\n","protected":false},"author":2,"featured_media":265571,"comment_status":"","ping_status":"","sticky":false,"template":"","format":"standard","meta":{"footnotes":""},"categories":[268],"tags":[168,25,24,280,282,281,23,167],"class_list":{"0":"post-265570","1":"post","2":"type-post","3":"status-publish","4":"format-standard","5":"has-post-thumbnail","7":"category-futbol","8":"tag-deportes","9":"tag-es","10":"tag-espana","11":"tag-football","12":"tag-futbol","13":"tag-soccer","14":"tag-spain","15":"tag-sports"},"share_on_mastodon":{"url":"https:\/\/pubeurope.com\/@es\/115644845591312998","error":""},"_links":{"self":[{"href":"https:\/\/www.europesays.com\/es\/wp-json\/wp\/v2\/posts\/265570","targetHints":{"allow":["GET"]}}],"collection":[{"href":"https:\/\/www.europesays.com\/es\/wp-json\/wp\/v2\/posts"}],"about":[{"href":"https:\/\/www.europesays.com\/es\/wp-json\/wp\/v2\/types\/post"}],"author":[{"embeddable":true,"href":"https:\/\/www.europesays.com\/es\/wp-json\/wp\/v2\/users\/2"}],"replies":[{"embeddable":true,"href":"https:\/\/www.europesays.com\/es\/wp-json\/wp\/v2\/comments?post=265570"}],"version-history":[{"count":0,"href":"https:\/\/www.europesays.com\/es\/wp-json\/wp\/v2\/posts\/265570\/revisions"}],"wp:featuredmedia":[{"embeddable":true,"href":"https:\/\/www.europesays.com\/es\/wp-json\/wp\/v2\/media\/265571"}],"wp:attachment":[{"href":"https:\/\/www.europesays.com\/es\/wp-json\/wp\/v2\/media?parent=265570"}],"wp:term":[{"taxonomy":"category","embeddable":true,"href":"https:\/\/www.europesays.com\/es\/wp-json\/wp\/v2\/categories?post=265570"},{"taxonomy":"post_tag","embeddable":true,"href":"https:\/\/www.europesays.com\/es\/wp-json\/wp\/v2\/tags?post=265570"}],"curies":[{"name":"wp","href":"https:\/\/api.w.org\/{rel}","templated":true}]}}