{"id":265572,"date":"2025-12-01T14:44:13","date_gmt":"2025-12-01T14:44:13","guid":{"rendered":"https:\/\/www.europesays.com\/es\/265572\/"},"modified":"2025-12-01T14:44:13","modified_gmt":"2025-12-01T14:44:13","slug":"rodolfo-sancho-reaparece-con-un-nuevo-proyecto-bajo-el-brazo","status":"publish","type":"post","link":"https:\/\/www.europesays.com\/es\/265572\/","title":{"rendered":"Rodolfo Sancho reaparece con un nuevo proyecto bajo el brazo"},"content":{"rendered":"<p class=\"v-mdl-ath__p v-mdl-ath__p--6\">\nLunes, 1 de diciembre 2025, 13:32<\/p>\n<p class=\"v-p\">Rodolfo Sancho ha vuelto a ponerse ante las c\u00e1maras. Esta vez por su participaci\u00f3n en un nuevo proyecto audiovisual de ficci\u00f3n junto a la actriz Toni Acosta. Ha sido durante el Atresplayer Day celebrado en Las Palmas de Gran Canaria este fin de semana, en el que la plataforma ha presentado sus pr\u00f3ximos estrenos y novedades. El <a href=\"https:\/\/www.elcorreo.com\/gente-estilo\/precio-paga-rodolfo-sancho-bienestar-hijo-daniel-20250804124601-ntrc.html\" data-voc-vtm-id=\"in-text-traffic\" title=\"actor ha anunciado\" rel=\"nofollow noopener\" target=\"_blank\">actor ha anunciado<\/a> su incorporaci\u00f3n a &#8216;Trazos ocultos&#8217;, un nuevo thriller producido por Buend\u00eda Estudios Canarias y participado por Atresmedia que promete \u00abemoci\u00f3n, intriga y suspense\u00bb en torno a una vida aparentemente perfecta que se desmorona. <\/p>\n<p class=\"v-p\">Entusiasmado con el proyecto, <a href=\"https:\/\/www.elcorreo.com\/gente-estilo\/rodolfo-sancho-reaparece-sonriente-estreno-cine-20250730123446-ntrc.html\" data-voc-vtm-id=\"in-text-traffic\" title=\"Sancho ha subrayado\" rel=\"nofollow noopener\" target=\"_blank\">Sancho ha subrayado<\/a> la complejidad psicol\u00f3gica de los personajes de la trama y ha puesto de relieve una ilusionante coincidencia: \u00abEmpezamos a grabar el 14 de enero que es mi cumplea\u00f1os. Mejor regalo que eso no se puede tener\u00bb. <\/p>\n<p class=\"v-p\">En &#8216;Trazos ocultos&#8217;, la protagonista, Toni Acosta, encarna a una restauradora que vive en Santa Cruz de Tenerife junto a su marido, un piloto con el que tiene una hija adolescente. Todo en su vida parece perfecto hasta que viaja a la otra punta de la isla por motivos laborales y ve a su marido en una zona de fiesta frecuentada por turistas. Ese mismo d\u00eda, \u00e9l le dice por tel\u00e9fono que est\u00e1 en T\u00fanez. Comienza as\u00ed una secuencia de mentiras y secretos que har\u00e1n tambalear la vida de la mujer. <\/p>\n<p class=\"v-p\">Durante la presentaci\u00f3n de la nueva ficci\u00f3n tambi\u00e9n se ha anunciado el estreno de la segunda temporada de &#8216;Entre tierras&#8217; el pr\u00f3ximo marzo. Una serie a cuyo elenco se ha sumado Sancho. \u00ab\u00a1Estoy en racha!\u00bb, ha expresado sobre la buena salud de su carrera profesional junto al presentador Roberto Leal, maestro de ceremonias del evento.<\/p>\n<p class=\"v-p\">Volcado en su trabajo, el actor ha evitado posar para los periodistas con lo que ha podido esquivar cualquier pregunta sobre la evoluci\u00f3n del caso de su hijo Daniel que permanece en prisi\u00f3n en Tailandia condenado a cadena perpetua por el asesinato y descuartizamiento del cirujano colombiano Edwin Arrieta mientras espera que se resuelva el recurso presentado por su defensa. \u00a0<\/p>\n<p class=\"v-p\">Ingresado en la c\u00e1rcel de Surat Thani, considerada una de las m\u00e1s peligrosas del pa\u00eds asi\u00e1tico, se encuentra en r\u00e9gimen de aislamiento, a pesar de lo que el pasado 28 de octubre hizo una misteriosa publicaci\u00f3n en su perfil de Instagram: un v\u00eddeo de unas j\u00f3venes rezando en una ceremonia tradicional en homenaje a la madre del rey de Tailandia, la reina Sirikit Kitiyakorn, que hab\u00eda fallecido cuatro d\u00edas antes. <\/p>\n<p class=\"v-p\">La publicaci\u00f3n, que pill\u00f3 de sorpresa incluso a la familia de Daniel, desat\u00f3 todo tipo de especulaciones. Parece que el hijo del actor habr\u00eda pedido a uno de los funcionarios del centro penitenciario que subiera el v\u00eddeo a su perfil. Dado que el rey de Tailandia es la \u00fanica persona con capacidad para otorgarle el indulto, desde &#8216;El programa de Ana Rosa&#8217; plantearon que el c\u00e1ntico tuviera por objeto favorecer la indulgencia. Denominado &#8216;Adoraci\u00f3n de las Tres Joyas&#8217;, en referencia a los tres pilares del budismo, Buda (el maestro), Dharma (las ense\u00f1anzas) y Sangha (el pueblo), el rezo cantado es una se\u00f1al de luto y respeto hacia el mandatario asi\u00e1tico. <\/p>\n<p class=\"v-p\">Tras la detenci\u00f3n de Daniel, Rodolfo Sancho volc\u00f3 todos sus esfuerzos f\u00edsicos, mentales y econ\u00f3micos en proporcionar a su hijo la mejor defensa posible, aparcando el resto de su vida. Tras la condena a cadena perpetua un a\u00f1o despu\u00e9s del arresto, el actor ha retomado su actividad profesional sin perder la esperanza que su hijo pueda regresar a Espa\u00f1a m\u00e1s pronto que tarde tras la resoluci\u00f3n del recurso de apelaci\u00f3n. <\/p>\n<p>Reporta un error<\/p>\n","protected":false},"excerpt":{"rendered":"Lunes, 1 de diciembre 2025, 13:32 Rodolfo Sancho ha vuelto a ponerse ante las c\u00e1maras. Esta vez por&hellip;\n","protected":false},"author":2,"featured_media":265573,"comment_status":"","ping_status":"","sticky":false,"template":"","format":"standard","meta":{"footnotes":""},"categories":[174],"tags":[7569,23984,255,146,147,25,24,256,524,5568,6495,9220,9221,23],"class_list":{"0":"post-265572","1":"post","2":"type-post","3":"status-publish","4":"format-standard","5":"has-post-thumbnail","7":"category-famosos","8":"tag-bajo","9":"tag-brazo","10":"tag-celebrities","11":"tag-entertainment","12":"tag-entretenimiento","13":"tag-es","14":"tag-espana","15":"tag-famosos","16":"tag-nuevo","17":"tag-proyecto","18":"tag-reaparece","19":"tag-rodolfo","20":"tag-sancho","21":"tag-spain"},"share_on_mastodon":{"url":"https:\/\/pubeurope.com\/@es\/115644849406268967","error":""},"_links":{"self":[{"href":"https:\/\/www.europesays.com\/es\/wp-json\/wp\/v2\/posts\/265572","targetHints":{"allow":["GET"]}}],"collection":[{"href":"https:\/\/www.europesays.com\/es\/wp-json\/wp\/v2\/posts"}],"about":[{"href":"https:\/\/www.europesays.com\/es\/wp-json\/wp\/v2\/types\/post"}],"author":[{"embeddable":true,"href":"https:\/\/www.europesays.com\/es\/wp-json\/wp\/v2\/users\/2"}],"replies":[{"embeddable":true,"href":"https:\/\/www.europesays.com\/es\/wp-json\/wp\/v2\/comments?post=265572"}],"version-history":[{"count":0,"href":"https:\/\/www.europesays.com\/es\/wp-json\/wp\/v2\/posts\/265572\/revisions"}],"wp:featuredmedia":[{"embeddable":true,"href":"https:\/\/www.europesays.com\/es\/wp-json\/wp\/v2\/media\/265573"}],"wp:attachment":[{"href":"https:\/\/www.europesays.com\/es\/wp-json\/wp\/v2\/media?parent=265572"}],"wp:term":[{"taxonomy":"category","embeddable":true,"href":"https:\/\/www.europesays.com\/es\/wp-json\/wp\/v2\/categories?post=265572"},{"taxonomy":"post_tag","embeddable":true,"href":"https:\/\/www.europesays.com\/es\/wp-json\/wp\/v2\/tags?post=265572"}],"curies":[{"name":"wp","href":"https:\/\/api.w.org\/{rel}","templated":true}]}}