{"id":265580,"date":"2025-12-01T14:52:08","date_gmt":"2025-12-01T14:52:08","guid":{"rendered":"https:\/\/www.europesays.com\/es\/265580\/"},"modified":"2025-12-01T14:52:08","modified_gmt":"2025-12-01T14:52:08","slug":"la-gripe-se-ha-adelantado-medidas-para-prevenir-el-contagio-de-gripe","status":"publish","type":"post","link":"https:\/\/www.europesays.com\/es\/265580\/","title":{"rendered":"La gripe se ha adelantado: medidas para prevenir el contagio de gripe"},"content":{"rendered":"<p>La Sociedad Espa\u00f1ola de Medicina de Familia y Comunitaria (semFYC) tambi\u00e9n ha alertado que la temporada actual los virus respiratorios estn mostrando un comportamiento at\u00edpico: con un adelanto de aproximadamente un mes\u00a0en el inicio de la actividad gripal, junto con un aumento simult\u00e1neo de infecciones por VRS y otros virus respiratorios.<\/p>\n<p>Seg\u00fan el<a href=\"https:\/\/docsivira.isciii.es\/informe_semanal_SiVIRA_202547.html\" target=\"_blank\" rel=\"noopener nofollow\"> informe semanal de, Sistema de Vigilancia de Infecci\u00f3n Respiratoria Aguda<\/a>, del 17 al 23 de noviembre, la tasa de s\u00edndrome gripal en Atenci\u00f3n Primaria ha sido de 40,1 casos por 100.000 habitantes, lo que ha supuesto superar el umbral epid\u00e9mico a nivel nacional. El a\u00f1o pasado el umbral no se super\u00f3 hasta finales de diciembre.<\/p>\n<p>Causas del adelanto de la epidemia de gripe en 2025<\/p>\n<p>Este a\u00f1o la epidemia de gripe se ha adelantado varias semanas por varios motivos:<\/p>\n<p>1. El fr\u00edo ha venido antes<\/p>\n<p>La bajada adelantada de temperaturas, que ha tra\u00eddo r\u00e1pidamente los primeros <a href=\"https:\/\/www.mujerymadrehoy.com\/consejos-para-distinguir-covid-gripe-y-catarro\/\" rel=\"nofollow noopener\" target=\"_blank\">catarros y gripes<\/a> de la temporada, cuando apenas ha avanzado la campa\u00f1a de vacunaci\u00f3n de la gripe<\/p>\n<p>2. Hay una nueva cepa: la gripe K<\/p>\n<p>La aparici\u00f3n de una nueva cepa de gripe: la subclade <strong>gripe K<\/strong> del virus A(H3N2) , que est\u00e1 \u00a0circulando desde abril o mayo en distintos pa\u00edses de la Uni\u00f3n Europea, tiene\u00a0 mutaciones que le permiten esquivar parcialmente la inmunidad previa que se ha obtenido con los anticuerpos, lo que aumentar su capacidad de transmisi\u00f3n.<\/p>\n<p>Seg\u00fan indican desde (semFYC) \u00abaunque la confirmaci\u00f3n oficial en Espa\u00f1a todav\u00eda no existe por falta de datos de secuenciaci\u00f3n, todo apunta a que, la variante circulante fuera esta, estar\u00edamos ante un virus m\u00e1s transmisible\u201d.<\/p>\n<p style=\"font-weight: 400;\">Esta cepa tiene alteraciones en la prote\u00edna hemaglutinina (necesaria para la uni\u00f3n del virus a las c\u00e9lulas humanas) que pueden dificultar que el sistema inmunitario reconozca el virus, tanto por haberse puesto la vacuna como por una infecci\u00f3n previa, lo que podr\u00eda explicar el adelanto de la circulaci\u00f3n del virus y el aumento de las infecciones respiratorias incluso en las personas vacunadas.<\/p>\n<p>Seg\u00fan explica Estanislao Nistal, doctor en Virolog\u00eda, investigador y profesor de Microbiolog\u00eda en la Facultad de Farmacia de la Universidad CEU San Pablo \u00abesta nueva variante tambi\u00e9n es m\u00e1s resistente a la vacuna que el resto de las cepas porque la vacuna antigripal 2025-2026 se dise\u00f1\u00f3 antes de que el subclade K comenzara a imponerse sobre otros H3N2, lo que ha generado cierto desajuste antig\u00e9nico que implica una menor protecci\u00f3n frente a la infecci\u00f3n. A\u00fan as\u00ed, la eficacia de las vacunas para evitar las complicaciones sigue siendo alta, incluso aunque la protecci\u00f3n frente al contagio no sea completa\u00bb.<\/p>\n<p>3. Menor tasa de vacunaci\u00f3n en comparaci\u00f3n con otros a\u00f1os<\/p>\n<p>El propio adelanto epidemiol\u00f3gico ha acortado la ventana de vacunaci\u00f3n eficaz, especialmente importante para proteger a la poblaci\u00f3n de riesgo.<\/p>\n<p>Sin embargo, desde la Sociedad Espa\u00f1ola de Medicina de Familia y Comunitaria insisten en que \u00abHay que seguir vacun\u00e1ndose. Todav\u00eda es buen momento. La vacuna es efectiva a partir de la segunda semana y es previsible que el pico epid\u00e9mico llegue a finales de diciembre, coincidiendo con reuniones familiares que aumentan la transmisi\u00f3n.\u00bb<\/p>\n<p>De hecho, algunas comunidades aut\u00f3nomas ya han tomado medidas extras para reforzar la vacunaci\u00f3n frente a la gripe, por ejemplo\u00a0 en la Comunidad de Madrid se ha habilitado el Hospital p\u00fablico Enfermera Isabel Zendal para vacunar a adultos contra la gripe sin cita previa. Tienes m\u00e1s informaci\u00f3n\u00a0 sobrela vacunaci\u00f3n de menores y en otros puntos en el post Empieza la campa\u00f1a de vacunaci\u00f3n de la gripe 2025-26 en Madrid.<\/p>\n<p>El primer paso para prevenir la gripe:\u00a0 la vacuna de la gripe<\/p>\n<p>La vacuna de la gripe es la\u00a0 mdida m\u00e1s eficaz para <strong>prevenir el contagio de gripe<\/strong> y evitar las complicaciones graves de la gripe, seguida del uso de medidas de protecci\u00f3n para evitar la propagaci\u00f3n del virus, como el uso de mascarilla en espacios p\u00fablicos y o en presencia de personas vulnerables y el lavado de manos frecuente.<\/p>\n<p>La vacuna se aconseja especialmente a los ni\u00f1os menores de 5 a\u00f1os (a partir de los 6 meses) , los mayores de 60 a\u00f1os, el personal sanitario y sociosanitario, las personas que trabajan en servicios p\u00fablicos esenciales, como bomberos y miembros de las Fuerzas y Cuerpos de Seguridad del Estado, los pacientes cr\u00f3nicos y las personas\u00a0 internas en residencias o instituciones cerrada. Pero tambi\u00e9n se recomienda <a href=\"https:\/\/www.mujerymadrehoy.com\/me-pongo-la-vacuna-de-la-gripe-en-el-embarazo\/\" rel=\"nofollow noopener\" target=\"_blank\">en las mujeres embarazadas<\/a> y durante el puerperio, las personas con diabetes, obesidad m\u00f3rbida o patolog\u00edas cr\u00f3nica cardiovasculares, respiratorias o renales, los cuidadores de personas vulnerables, los fumadores y las personas que trabajan en guarder\u00edas y centros de Educaci\u00f3n Infantil y quienes tienen exposici\u00f3n laboral a animales.<\/p>\n<p>Desde la temporada 2021-2022, la vacuna de la gripe se ha aconsejado junto a la del COVID-19. Sin embargo, para esta temporada 2025-2026 la Comisi\u00f3n de Salud P\u00fablica del Sistema Nacional de Salud ha emitido las recomendaciones por separado porque cada virus presenta una situaci\u00f3n epidemiol\u00f3gica distinta.<\/p>\n<p>Es necesario vacunarse cada cada temporada porque la estructura molecular de los virus experimenta cambios que les permiten esquivar la protecci\u00f3n que se ha obtenido tras\u00a0 la vacunaci\u00f3n o las infecciones previas. Adem\u00e1s, con el tiempo se van reduciendo los anticuerposque ha producido el sistema inmune tras la vacunaci\u00f3n o la infecci\u00f3n. Las vacunas que se ponen cada temporada est\u00e1n adaptadas a los virus que es m\u00e1s probable que circulen.<\/p>\n<p>La gripe produjo en Espa\u00f1a m\u00e1s de 33.000 hospitalizaciones, 1.800 ingresos en unidades de cuidados intensivos y 1.800 fallecimientos entre octubre de 2024 y mayo de 2025. E<\/p>\n<p>Medidas de protecci\u00f3n para evitar transmitir la gripe<\/p>\n<p>El virus de la gripe se transmite a trav\u00e9s de las gotitas de saliva y moco que echan las personas infectadas al toser o estornudar y que son inhaladas por otras personas. Por lo tanto Si aparecen s\u00edntomas de nfecci\u00f3n respiratoria conviene tomar medidas para prevenir el contagio de gripe a otras personas, como:<\/p>\n<ul>\n<li>Taparse la boca al toser o al estornudar con la parte interna del codo o con pa\u00f1uelos desechables.<\/li>\n<li>Lavarse las manos con frecuencia, sobre todo despu\u00e9s de\u00a0 toser o estornudar (o de llevarlas a la boca, por cualquier motivo).<\/li>\n<li>Mantener una buena higiene de las superficies.<\/li>\n<li>Si aparecen s\u00edntomas de gripe (malestar, fiebre, etc.) , limitar el contacto, en la medida de lo posible, con otras personas<\/li>\n<li>Usar\u00a0 mascarilla si aparecen s\u00edntomas respiratorios, y tambi\u00e9n como medida de protecci\u00f3n personal en las personas vulnerables (personas mayores o inmunodeprimidas<\/li>\n<li>Evitar el contacto con personas enfermas.<\/li>\n<li>Ventilar los espacios cerrados, especialmente en lugares concurridos.<\/li>\n<\/ul>\n<p>TAMBI\u00c9N TE PUEDE INTERESAR<\/p>\n<p>\u00a0<\/p>\n<p>\u00a0<\/p>\n","protected":false},"excerpt":{"rendered":"La Sociedad Espa\u00f1ola de Medicina de Familia y Comunitaria (semFYC) tambi\u00e9n ha alertado que la temporada actual los&hellip;\n","protected":false},"author":2,"featured_media":133861,"comment_status":"","ping_status":"","sticky":false,"template":"","format":"standard","meta":{"footnotes":""},"categories":[92],"tags":[25,24,7749,165,42619,166,23,51375],"class_list":{"0":"post-265580","1":"post","2":"type-post","3":"status-publish","4":"format-standard","5":"has-post-thumbnail","7":"category-salud","8":"tag-es","9":"tag-espana","10":"tag-gripe","11":"tag-health","12":"tag-prevenir-enfermedades","13":"tag-salud","14":"tag-spain","15":"tag-vacuna-gripe"},"share_on_mastodon":{"url":"https:\/\/pubeurope.com\/@es\/115644881034866628","error":""},"_links":{"self":[{"href":"https:\/\/www.europesays.com\/es\/wp-json\/wp\/v2\/posts\/265580","targetHints":{"allow":["GET"]}}],"collection":[{"href":"https:\/\/www.europesays.com\/es\/wp-json\/wp\/v2\/posts"}],"about":[{"href":"https:\/\/www.europesays.com\/es\/wp-json\/wp\/v2\/types\/post"}],"author":[{"embeddable":true,"href":"https:\/\/www.europesays.com\/es\/wp-json\/wp\/v2\/users\/2"}],"replies":[{"embeddable":true,"href":"https:\/\/www.europesays.com\/es\/wp-json\/wp\/v2\/comments?post=265580"}],"version-history":[{"count":0,"href":"https:\/\/www.europesays.com\/es\/wp-json\/wp\/v2\/posts\/265580\/revisions"}],"wp:featuredmedia":[{"embeddable":true,"href":"https:\/\/www.europesays.com\/es\/wp-json\/wp\/v2\/media\/133861"}],"wp:attachment":[{"href":"https:\/\/www.europesays.com\/es\/wp-json\/wp\/v2\/media?parent=265580"}],"wp:term":[{"taxonomy":"category","embeddable":true,"href":"https:\/\/www.europesays.com\/es\/wp-json\/wp\/v2\/categories?post=265580"},{"taxonomy":"post_tag","embeddable":true,"href":"https:\/\/www.europesays.com\/es\/wp-json\/wp\/v2\/tags?post=265580"}],"curies":[{"name":"wp","href":"https:\/\/api.w.org\/{rel}","templated":true}]}}