{"id":265582,"date":"2025-12-01T14:54:17","date_gmt":"2025-12-01T14:54:17","guid":{"rendered":"https:\/\/www.europesays.com\/es\/265582\/"},"modified":"2025-12-01T14:54:17","modified_gmt":"2025-12-01T14:54:17","slug":"caravantur-10a-edicion-de-la-feria-de-caravaning-camper-y-furgonetas","status":"publish","type":"post","link":"https:\/\/www.europesays.com\/es\/265582\/","title":{"rendered":"CARAVANTUR, 10\u00aa edici\u00f3n de la feria de Caravaning, Camper y Furgonetas"},"content":{"rendered":"<p>La d\u00e9cima edici\u00f3n de la feria <strong>Caravantur\u00a0<\/strong>vuelve a\u00a0<strong>Ficoba<\/strong>, con la exposici\u00f3n, venta y alquiler de\u00a0<strong>autocaravanas, camper,\u00a0furgonetas<\/strong>\u00a0y\u00a0<strong>accesorios de caravaning.\u00a0<\/strong>An\u00edmate a disfrutar de las ofertas y novedades que la feria os proporcionar\u00e1.<\/p>\n<p><strong>Podr\u00e1s acudir a la feria con tu animal de compa\u00f1\u00eda<\/strong>, siempre y cuando vaya atado y junto a su due\u00f1o.<\/p>\n<p>Horarios:<\/p>\n<ul>\n<li>Viernes 6 de marzo: <strong>16:00-20:00<\/strong><\/li>\n<li>S\u00e1bado 7 de marzo: <strong>10:00-20:00<\/strong><\/li>\n<li>Domingo 8 de marzo: <strong>10:00-19:00<\/strong><\/li>\n<\/ul>\n<p>M\u00e1s informaci\u00f3n\u00a0<strong><a href=\"https:\/\/caravantur.diariovasco.com\/\" rel=\"nofollow noopener\" target=\"_blank\">AQU\u00cd\u00a0<\/a><\/strong><\/p>\n","protected":false},"excerpt":{"rendered":"La d\u00e9cima edici\u00f3n de la feria Caravantur\u00a0vuelve a\u00a0Ficoba, con la exposici\u00f3n, venta y alquiler de\u00a0autocaravanas, camper,\u00a0furgonetas\u00a0y\u00a0accesorios de caravaning.\u00a0An\u00edmate&hellip;\n","protected":false},"author":2,"featured_media":265583,"comment_status":"","ping_status":"","sticky":false,"template":"","format":"standard","meta":{"footnotes":""},"categories":[81],"tags":[119,123,124,25,24,117,121,122,23,118,120],"class_list":{"0":"post-265582","1":"post","2":"type-post","3":"status-publish","4":"format-standard","5":"has-post-thumbnail","7":"category-ciencia-y-tecnologia","8":"tag-ciencia","9":"tag-ciencia-y-tecnologia","10":"tag-cienciaytecnologia","11":"tag-es","12":"tag-espana","13":"tag-science","14":"tag-science-and-technology","15":"tag-scienceandtechnology","16":"tag-spain","17":"tag-technology","18":"tag-tecnologia"},"share_on_mastodon":{"url":"https:\/\/pubeurope.com\/@es\/115644888932621506","error":""},"_links":{"self":[{"href":"https:\/\/www.europesays.com\/es\/wp-json\/wp\/v2\/posts\/265582","targetHints":{"allow":["GET"]}}],"collection":[{"href":"https:\/\/www.europesays.com\/es\/wp-json\/wp\/v2\/posts"}],"about":[{"href":"https:\/\/www.europesays.com\/es\/wp-json\/wp\/v2\/types\/post"}],"author":[{"embeddable":true,"href":"https:\/\/www.europesays.com\/es\/wp-json\/wp\/v2\/users\/2"}],"replies":[{"embeddable":true,"href":"https:\/\/www.europesays.com\/es\/wp-json\/wp\/v2\/comments?post=265582"}],"version-history":[{"count":0,"href":"https:\/\/www.europesays.com\/es\/wp-json\/wp\/v2\/posts\/265582\/revisions"}],"wp:featuredmedia":[{"embeddable":true,"href":"https:\/\/www.europesays.com\/es\/wp-json\/wp\/v2\/media\/265583"}],"wp:attachment":[{"href":"https:\/\/www.europesays.com\/es\/wp-json\/wp\/v2\/media?parent=265582"}],"wp:term":[{"taxonomy":"category","embeddable":true,"href":"https:\/\/www.europesays.com\/es\/wp-json\/wp\/v2\/categories?post=265582"},{"taxonomy":"post_tag","embeddable":true,"href":"https:\/\/www.europesays.com\/es\/wp-json\/wp\/v2\/tags?post=265582"}],"curies":[{"name":"wp","href":"https:\/\/api.w.org\/{rel}","templated":true}]}}