{"id":265586,"date":"2025-12-01T14:56:09","date_gmt":"2025-12-01T14:56:09","guid":{"rendered":"https:\/\/www.europesays.com\/es\/265586\/"},"modified":"2025-12-01T14:56:09","modified_gmt":"2025-12-01T14:56:09","slug":"margarita-robles-abunda-en-la-unidad-de-todos-los-paises-de-la-union-europea-por-seguir-apoyando-a-ucrania","status":"publish","type":"post","link":"https:\/\/www.europesays.com\/es\/265586\/","title":{"rendered":"Margarita Robles abunda en la unidad de todos los pa\u00edses de la Uni\u00f3n Europea por seguir apoyando a Ucrania"},"content":{"rendered":"<p class=\"main-image\">&#13; <img decoding=\"async\" alt=\"\u200b\u200bLa ministra de Defensa, Margarita Robles, asiste en Bruselas a la reuni\u00f3n de ministros de Defensa de la Uni\u00f3n Europea.\" title=\"\u200b\u200bLa ministra de Defensa, Margarita Robles, asiste en Bruselas a la reuni\u00f3n de ministros de Defensa de la Uni\u00f3n Europea.\" src=\"https:\/\/www.europesays.com\/es\/wp-content\/uploads\/2025\/12\/011225-robles-ue-apoyo-ucrania.jpg\"\/>&#13;\u200b\u200bLa ministra de Defensa, Margarita Robles, asiste en Bruselas a la reuni\u00f3n de ministros de Defensa de la Uni\u00f3n Europea.&#13;&#13;<\/p>\n<p>La reuni\u00f3n ha contado con la presencia del comisario de Defensa y Espacio de la UE, Andrius Kubilius, as\u00ed como de la vicesecretaria general de la OTAN, Radmila Scherinska, y del ministro de Defensa de Ucrania, Denys Shmyhal. Ante la situaci\u00f3n actual sobre las conversaciones para un posible acuerdo de paz, el encuentro se ha centrado en la importancia de que esa paz no se haga al margen de la poblaci\u00f3n ucraniana ni de la Uni\u00f3n Europea.<\/p>\n<p>Robles ha destacado la unidad de todos los pa\u00edses para que as\u00ed sea y ha puesto como ejemplo a Espa\u00f1a \u00abque ha estado desde el primer momento y estar\u00e1 el tiempo que sea necesario\u00bb.<\/p>\n<p>En este sentido, los titulares de Defensa europeos han abordado las capacidades para trabajar conjuntamente en ese apoyo. Espa\u00f1a estar\u00e1 presente en cinco de ellas, dotando de mayor protagonismo e impulso al dominio mar\u00edtimo, sin olvidar aportaciones como el programa SAFE o el programa PURL, que suman m\u00e1s de 700 millones para poder atender las necesidades de la defensa ucraniana.<\/p>\n<p>Margarita Robles, adem\u00e1s, ha enfatizado la necesidad de reforzar no s\u00f3lo las capacidades militares identificadas, sino tambi\u00e9n otras \u00e1reas estrat\u00e9gicas de doble uso, como la ciberseguridad o la innovaci\u00f3n tecnol\u00f3gica.<\/p>\n<p>La ministra ha se\u00f1alado los desaf\u00edos a lo que se enfrenta la industria de defensa europea, subrayando la importancia de garantizar que el impulso inversor se distribuya de manera equitativa, favorezca el desarrollo de las peque\u00f1as y medianas empresas, el progreso tecnol\u00f3gico y la creaci\u00f3n de puestos de trabajo cualificados.<\/p>\n<p>Posteriormente, la ministra se ha trasladado a la residencia del embajador representante permanente de Espa\u00f1a ante el Consejo del Atl\u00e1ntico Norte, Federico de Torres, para presidir una imposici\u00f3n de condecoraciones a personal civil con motivo del 30 aniversario del primer gran despliegue de nuestras Fuerzas Armadas en una misi\u00f3n de paz de la OTAN, la Fuerza de Implementaci\u00f3n (IFOR) en Bosnia-Herzegovina. En el acto, Robles ha destacado la importancia de este personal en la continuidad y la salvaguarda de los intereses de Espa\u00f1a en la UE y en la OTAN.<\/p>\n","protected":false},"excerpt":{"rendered":"&#13; &#13;\u200b\u200bLa ministra de Defensa, Margarita Robles, asiste en Bruselas a la reuni\u00f3n de ministros de Defensa de&hellip;\n","protected":false},"author":2,"featured_media":265587,"comment_status":"","ping_status":"","sticky":false,"template":"","format":"standard","meta":{"footnotes":""},"categories":[42],"tags":[517,17,18,1616,13,14,11,61,62,63,64,19,20,9,10,15,16,2330,12,21,22,65,66,67],"class_list":{"0":"post-265586","1":"post","2":"type-post","3":"status-publish","4":"format-standard","5":"has-post-thumbnail","7":"category-internacional","8":"tag-actualidad","9":"tag-breaking-news","10":"tag-breakingnews","11":"tag-defensa","12":"tag-featured-news","13":"tag-featurednews","14":"tag-headlines","15":"tag-internacional","16":"tag-international","17":"tag-international-news","18":"tag-internationalnews","19":"tag-latest-news","20":"tag-latestnews","21":"tag-news","22":"tag-noticias","23":"tag-noticias-destacadas","24":"tag-noticiasdestacadas","25":"tag-prensa","26":"tag-titulares","27":"tag-ultimas-noticias","28":"tag-ultimasnoticias","29":"tag-world","30":"tag-world-news","31":"tag-worldnews"},"share_on_mastodon":{"url":"https:\/\/pubeurope.com\/@es\/115644896958396524","error":""},"_links":{"self":[{"href":"https:\/\/www.europesays.com\/es\/wp-json\/wp\/v2\/posts\/265586","targetHints":{"allow":["GET"]}}],"collection":[{"href":"https:\/\/www.europesays.com\/es\/wp-json\/wp\/v2\/posts"}],"about":[{"href":"https:\/\/www.europesays.com\/es\/wp-json\/wp\/v2\/types\/post"}],"author":[{"embeddable":true,"href":"https:\/\/www.europesays.com\/es\/wp-json\/wp\/v2\/users\/2"}],"replies":[{"embeddable":true,"href":"https:\/\/www.europesays.com\/es\/wp-json\/wp\/v2\/comments?post=265586"}],"version-history":[{"count":0,"href":"https:\/\/www.europesays.com\/es\/wp-json\/wp\/v2\/posts\/265586\/revisions"}],"wp:featuredmedia":[{"embeddable":true,"href":"https:\/\/www.europesays.com\/es\/wp-json\/wp\/v2\/media\/265587"}],"wp:attachment":[{"href":"https:\/\/www.europesays.com\/es\/wp-json\/wp\/v2\/media?parent=265586"}],"wp:term":[{"taxonomy":"category","embeddable":true,"href":"https:\/\/www.europesays.com\/es\/wp-json\/wp\/v2\/categories?post=265586"},{"taxonomy":"post_tag","embeddable":true,"href":"https:\/\/www.europesays.com\/es\/wp-json\/wp\/v2\/tags?post=265586"}],"curies":[{"name":"wp","href":"https:\/\/api.w.org\/{rel}","templated":true}]}}