{"id":265590,"date":"2025-12-01T14:58:09","date_gmt":"2025-12-01T14:58:09","guid":{"rendered":"https:\/\/www.europesays.com\/es\/265590\/"},"modified":"2025-12-01T14:58:09","modified_gmt":"2025-12-01T14:58:09","slug":"la-ugr-pone-la-primera-piedra-de-la-reforma-de-la-azucarera-de-san-isidro","status":"publish","type":"post","link":"https:\/\/www.europesays.com\/es\/265590\/","title":{"rendered":"La UGR pone la primera piedra de la reforma de la Azucarera de San Isidro"},"content":{"rendered":"<p>El rector de la Universidad de Granada, Pedro Mercado, ha presidido el acto de colocaci\u00f3n de la primera piedra del edificio de la Azucarera de San Isidro, el complejo de patrimonio industrial arquitect\u00f3nico que se convertir\u00e1 en el Campus UGR-Sostenibilidad.<\/p>\n<p>El evento ha contado con una amplia representaci\u00f3n institucional. Han participado Pedro Fern\u00e1ndez Pe\u00f1alver, delegado del Gobierno de Espa\u00f1a en Andaluc\u00eda; Marifr\u00e1n Carazo, alcaldesa de Granada; I\u00f1aqui Carnicero Alonso-Colmenares, secretario general de Agenda Urbana, Vivienda y Arquitectura; Mar\u00eda Teresa Verd\u00fa Mart\u00ednez, directora general de Agenda Urbana y Arquitectura; y Francis Rodr\u00edguez Guerrero, presidente de la Diputaci\u00f3n de Granada.<\/p>\n<p>\u201cEste excepcional conjunto hist\u00f3rico, s\u00edmbolo del patrimonio industrial, volver\u00e1 a ser un motor de innovaci\u00f3n y progreso para Granada gracias a la UGR\u201d, ha destacado el rector Pedro Mercado durante su intervenci\u00f3n.<\/p>\n<p><a href=\"https:\/\/canal.ugr.es\/noticia\/la-ugr-pone-la-primera-piedra-de-la-reforma-de-la-azucarera-de-san-isidro\/\" rel=\"nofollow noopener\" target=\"_blank\">Seguir leyendo<\/a><\/p>\n","protected":false},"excerpt":{"rendered":"El rector de la Universidad de Granada, Pedro Mercado, ha presidido el acto de colocaci\u00f3n de la primera&hellip;\n","protected":false},"author":2,"featured_media":265591,"comment_status":"","ping_status":"","sticky":false,"template":"","format":"standard","meta":{"footnotes":""},"categories":[5],"tags":[17,18,25,24,13,14,11,19,20,9,10,15,16,23,12,21,22],"class_list":{"0":"post-265590","1":"post","2":"type-post","3":"status-publish","4":"format-standard","5":"has-post-thumbnail","7":"category-titulares","8":"tag-breaking-news","9":"tag-breakingnews","10":"tag-es","11":"tag-espana","12":"tag-featured-news","13":"tag-featurednews","14":"tag-headlines","15":"tag-latest-news","16":"tag-latestnews","17":"tag-news","18":"tag-noticias","19":"tag-noticias-destacadas","20":"tag-noticiasdestacadas","21":"tag-spain","22":"tag-titulares","23":"tag-ultimas-noticias","24":"tag-ultimasnoticias"},"share_on_mastodon":{"url":"https:\/\/pubeurope.com\/@es\/115644904475683261","error":""},"_links":{"self":[{"href":"https:\/\/www.europesays.com\/es\/wp-json\/wp\/v2\/posts\/265590","targetHints":{"allow":["GET"]}}],"collection":[{"href":"https:\/\/www.europesays.com\/es\/wp-json\/wp\/v2\/posts"}],"about":[{"href":"https:\/\/www.europesays.com\/es\/wp-json\/wp\/v2\/types\/post"}],"author":[{"embeddable":true,"href":"https:\/\/www.europesays.com\/es\/wp-json\/wp\/v2\/users\/2"}],"replies":[{"embeddable":true,"href":"https:\/\/www.europesays.com\/es\/wp-json\/wp\/v2\/comments?post=265590"}],"version-history":[{"count":0,"href":"https:\/\/www.europesays.com\/es\/wp-json\/wp\/v2\/posts\/265590\/revisions"}],"wp:featuredmedia":[{"embeddable":true,"href":"https:\/\/www.europesays.com\/es\/wp-json\/wp\/v2\/media\/265591"}],"wp:attachment":[{"href":"https:\/\/www.europesays.com\/es\/wp-json\/wp\/v2\/media?parent=265590"}],"wp:term":[{"taxonomy":"category","embeddable":true,"href":"https:\/\/www.europesays.com\/es\/wp-json\/wp\/v2\/categories?post=265590"},{"taxonomy":"post_tag","embeddable":true,"href":"https:\/\/www.europesays.com\/es\/wp-json\/wp\/v2\/tags?post=265590"}],"curies":[{"name":"wp","href":"https:\/\/api.w.org\/{rel}","templated":true}]}}