{"id":265596,"date":"2025-12-01T15:06:10","date_gmt":"2025-12-01T15:06:10","guid":{"rendered":"https:\/\/www.europesays.com\/es\/265596\/"},"modified":"2025-12-01T15:06:10","modified_gmt":"2025-12-01T15:06:10","slug":"directo-basquet-girona-rio-breogan","status":"publish","type":"post","link":"https:\/\/www.europesays.com\/es\/265596\/","title":{"rendered":"Directo: B\u00e1squet Girona &#8211; R\u00edo Breog\u00e1n"},"content":{"rendered":"<p>Tras el par\u00f3n por la ventana Fiba, el <strong>R\u00edo Breog\u00e1n<\/strong> retoma la competici\u00f3n con la novena jornada de la <strong>Liga Endesa<\/strong>. El equipo de Luis Casimiro visita al <strong>B\u00e1squet Girona<\/strong> que dirige Moncho Fern\u00e1ndez este s\u00e1bado 6 de diciembre a las 21.00 horas.<\/p>\n<p>Se presenta un duelo directo entre dos equipos con la <strong>permanencia<\/strong> como prioridad. El Breog\u00e1n, en buen momento de juego y resultados, se sit\u00faa noveno en la clasificaci\u00f3n con <strong>cuatro victorias y cuatro derrotas<\/strong>, mientras que el Girona es decimocuarto con un balance de 3-5 tras haber superado en Fontajau a rivales como Gran Canaria, Bar\u00e7a y Granada.<\/p>\n","protected":false},"excerpt":{"rendered":"Tras el par\u00f3n por la ventana Fiba, el R\u00edo Breog\u00e1n retoma la competici\u00f3n con la novena jornada de&hellip;\n","protected":false},"author":2,"featured_media":265597,"comment_status":"","ping_status":"","sticky":false,"template":"","format":"standard","meta":{"footnotes":""},"categories":[269],"tags":[302,299,298,8778,168,25,24,21920,23,167],"class_list":{"0":"post-265596","1":"post","2":"type-post","3":"status-publish","4":"format-standard","5":"has-post-thumbnail","7":"category-baloncesto","8":"tag-acb","9":"tag-baloncesto","10":"tag-basketball","11":"tag-cb-breogan","12":"tag-deportes","13":"tag-es","14":"tag-espana","15":"tag-forza-breo","16":"tag-spain","17":"tag-sports"},"share_on_mastodon":{"url":"https:\/\/pubeurope.com\/@es\/115644936080691206","error":""},"_links":{"self":[{"href":"https:\/\/www.europesays.com\/es\/wp-json\/wp\/v2\/posts\/265596","targetHints":{"allow":["GET"]}}],"collection":[{"href":"https:\/\/www.europesays.com\/es\/wp-json\/wp\/v2\/posts"}],"about":[{"href":"https:\/\/www.europesays.com\/es\/wp-json\/wp\/v2\/types\/post"}],"author":[{"embeddable":true,"href":"https:\/\/www.europesays.com\/es\/wp-json\/wp\/v2\/users\/2"}],"replies":[{"embeddable":true,"href":"https:\/\/www.europesays.com\/es\/wp-json\/wp\/v2\/comments?post=265596"}],"version-history":[{"count":0,"href":"https:\/\/www.europesays.com\/es\/wp-json\/wp\/v2\/posts\/265596\/revisions"}],"wp:featuredmedia":[{"embeddable":true,"href":"https:\/\/www.europesays.com\/es\/wp-json\/wp\/v2\/media\/265597"}],"wp:attachment":[{"href":"https:\/\/www.europesays.com\/es\/wp-json\/wp\/v2\/media?parent=265596"}],"wp:term":[{"taxonomy":"category","embeddable":true,"href":"https:\/\/www.europesays.com\/es\/wp-json\/wp\/v2\/categories?post=265596"},{"taxonomy":"post_tag","embeddable":true,"href":"https:\/\/www.europesays.com\/es\/wp-json\/wp\/v2\/tags?post=265596"}],"curies":[{"name":"wp","href":"https:\/\/api.w.org\/{rel}","templated":true}]}}