{"id":265598,"date":"2025-12-01T15:07:12","date_gmt":"2025-12-01T15:07:12","guid":{"rendered":"https:\/\/www.europesays.com\/es\/265598\/"},"modified":"2025-12-01T15:07:12","modified_gmt":"2025-12-01T15:07:12","slug":"la-justicia-rechaza-el-recurso-del-betis-por-el-despido-de-francis-y-le-condena-a-pagar","status":"publish","type":"post","link":"https:\/\/www.europesays.com\/es\/265598\/","title":{"rendered":"La Justicia rechaza el recurso del Betis por el despido de Francis y le condena a pagar"},"content":{"rendered":"<p>El Tribunal Superior de Justicia ha desestimado el recurso verdiblanco sobre la nulidad del despido del canterano y condena al Betis a ejecutar el pago de las costas judiciales y de los salarios devengados <\/p>\n<p class=\"parrafo\">El Betis comunic\u00f3 el 19 de octubre de 2020 <strong>la resoluci\u00f3n del contrato <\/strong>hasta 2022 de manera unilateral de <strong>Francis Guerrero<\/strong>, lateral izquierdo formado en la cantera verdiblanca, tras volver de la cesi\u00f3n en el Almer\u00eda. El futbolista no hab\u00eda sido inscrito en la plantilla y se <strong>tom\u00f3 la decisi\u00f3n de formalizar su despido por &#8216;ineptitud sobrevenida\u00bb <\/strong>que el futbolista llev\u00f3 a la justicia.<\/p>\n<p class=\"parrafo\">As\u00ed, el 13 de junio de 2023, el Juzgado de lo Social 12 de Sevilla, de 13 de junio de 2023, <strong>dict\u00f3 la nulidad del despido<\/strong>, con la consecuencia de la readmisi\u00f3n del futbolista y el pago de salarios devengados. <\/p>\n<p>El TSJA ha desestimado el recurso del Betis por Francis<\/p>\n<p class=\"parrafo\">Una sentencia que recurri\u00f3 el Betis y ahora, la Sala de lo Social del Tribunal Superior de Justicia de Andaluc\u00eda (TSJA) <strong>ha desestimado el recurso verdiblanco <\/strong>sobre dicha la nulidad del despido por &#8216;ineptitud sobrevenida&#8217; del ex futbolista de Co\u00edn. El Tribunal ha considerado que <strong>no hay justificaci\u00f3n para el argumento empleado por el club<\/strong>.<\/p>\n<p><a class=\"elementos-rel-t2\" href=\"https:\/\/www.estadiodeportivo.com\/futbol\/betis\/buen-pellizco-que-podria-volver-estar-disponible-caja-20241120-471862.html\" title=\"Un buen pellizco que podr\u00eda volver a estar disponible en caja\" rel=\"nofollow noopener\" target=\"_blank\"><\/p>\n<p class=\"titular titulo-4\">Un buen pellizco que podr\u00eda volver a estar disponible en caja<\/p>\n<p><img decoding=\"async\" src=\"https:\/\/www.europesays.com\/es\/wp-content\/uploads\/2025\/12\/3b9edbf3-31b5-431f-a7fc-35c650bc996b_320x180.jpeg\" alt=\"Un buen pellizco que podr\u00eda volver a estar disponible en caja\"\/><\/a><\/p>\n<p class=\"parrafo\">&#8216;\u00bbLa decisi\u00f3n empresarial adoptada por la empresaria <strong>no ha quedado debidamente justificada al no acreditar certeramente la ineptitud que produzca en el deportista incapacidad permanente total o absoluta o gran invalidez\u00bb, <\/strong>se\u00f1ala el fallo judicial, que estima que \u00abse ha vulnerado el derecho fundamental de tutela judicial efectiva sin indefensi\u00f3n por lesi\u00f3n de su garant\u00eda de indemnidad, motivo por el cual, y ante la falta de acreditaci\u00f3n debida de la justificaci\u00f3n en la que se basa la causa del despido, procede su calificaci\u00f3n como nulo\u00bb. <\/p>\n<p>El Betis consign\u00f3 una cantidad millonaria por si el fallo judicial era contrario<\/p>\n<p class=\"parrafo\">Es decir, que <strong>el TSJA ratifica la sentencia de 2013 al rechazar el recurso del club y condena al Betis a pagar las costas del proceso <\/strong>al atisbar en el &#8216;modus operandi&#8217; de los verdiblancos una violaci\u00f3n de los derechos fundamentales de Francis Guerrero al vulnerar su garant\u00eda de indemnidad.<\/p>\n<p><img decoding=\"async\" src=\"https:\/\/www.europesays.com\/es\/wp-content\/uploads\/2025\/12\/9f38d6a0-887e-4cc6-9e39-7a1f9e4cd1dc_800x528.jpeg\" loading=\"lazy\"\/><\/p>\n<p class=\"parrafo\">En las cuentas de 2024, <strong>el Betis consign\u00f3 2,65 millones de euros para la indemnizaci\u00f3n de Francis <\/strong>en el caso de que el fallo judicial fuera contrario, lo que finalmente se ha producido. <\/p>\n<p class=\"parrafo\">Francis Guerrero, en la cantera del Betis desde los 14 a\u00f1os, debut\u00f3 en el primer equipo de la mano de Quique Seti\u00e9n y lleg\u00f3 a hacerse un sitio en los planes de Quique Seti\u00e9n, con el que <strong>lleg\u00f3 a disputar 43 partidos <\/strong>tras retrasar su posici\u00f3n en el carril zurdo. En enero de 2020 fue cedido al Almer\u00eda y cuando regres\u00f3 se produjo el despido en el mes de octubre. Despu\u00e9s milit\u00f3 en el Majadahonda para retirarse en 2023 por sus problemas en la rodilla.<\/p>\n<p><img decoding=\"async\" src=\"https:\/\/www.europesays.com\/es\/wp-content\/uploads\/2025\/12\/10d0d03c-81f9-4642-b482-a1ed8be33dcf_800x1202.jpeg\" loading=\"lazy\"\/><\/p>\n","protected":false},"excerpt":{"rendered":"El Tribunal Superior de Justicia ha desestimado el recurso verdiblanco sobre la nulidad del despido del canterano y&hellip;\n","protected":false},"author":2,"featured_media":265599,"comment_status":"","ping_status":"","sticky":false,"template":"","format":"standard","meta":{"footnotes":""},"categories":[268],"tags":[168,25,24,284,280,65782,282,286,281,23,167],"class_list":{"0":"post-265598","1":"post","2":"type-post","3":"status-publish","4":"format-standard","5":"has-post-thumbnail","7":"category-futbol","8":"tag-deportes","9":"tag-es","10":"tag-espana","11":"tag-estadio-deportivo","12":"tag-football","13":"tag-francis-guerrero","14":"tag-futbol","15":"tag-real-betis-balompie","16":"tag-soccer","17":"tag-spain","18":"tag-sports"},"share_on_mastodon":{"url":"https:\/\/pubeurope.com\/@es\/115644940386553572","error":""},"_links":{"self":[{"href":"https:\/\/www.europesays.com\/es\/wp-json\/wp\/v2\/posts\/265598","targetHints":{"allow":["GET"]}}],"collection":[{"href":"https:\/\/www.europesays.com\/es\/wp-json\/wp\/v2\/posts"}],"about":[{"href":"https:\/\/www.europesays.com\/es\/wp-json\/wp\/v2\/types\/post"}],"author":[{"embeddable":true,"href":"https:\/\/www.europesays.com\/es\/wp-json\/wp\/v2\/users\/2"}],"replies":[{"embeddable":true,"href":"https:\/\/www.europesays.com\/es\/wp-json\/wp\/v2\/comments?post=265598"}],"version-history":[{"count":0,"href":"https:\/\/www.europesays.com\/es\/wp-json\/wp\/v2\/posts\/265598\/revisions"}],"wp:featuredmedia":[{"embeddable":true,"href":"https:\/\/www.europesays.com\/es\/wp-json\/wp\/v2\/media\/265599"}],"wp:attachment":[{"href":"https:\/\/www.europesays.com\/es\/wp-json\/wp\/v2\/media?parent=265598"}],"wp:term":[{"taxonomy":"category","embeddable":true,"href":"https:\/\/www.europesays.com\/es\/wp-json\/wp\/v2\/categories?post=265598"},{"taxonomy":"post_tag","embeddable":true,"href":"https:\/\/www.europesays.com\/es\/wp-json\/wp\/v2\/tags?post=265598"}],"curies":[{"name":"wp","href":"https:\/\/api.w.org\/{rel}","templated":true}]}}