{"id":265600,"date":"2025-12-01T15:08:09","date_gmt":"2025-12-01T15:08:09","guid":{"rendered":"https:\/\/www.europesays.com\/es\/265600\/"},"modified":"2025-12-01T15:08:09","modified_gmt":"2025-12-01T15:08:09","slug":"eulalia-de-orleans-borbon-y-almudena-dailly-de-orleans-las-espanolas-que-deslumbran-en-el-baile-de-debutantes-2025","status":"publish","type":"post","link":"https:\/\/www.europesays.com\/es\/265600\/","title":{"rendered":"Eulalia de Orleans-Borb\u00f3n y Almudena Dailly de Orleans, las espa\u00f1olas que deslumbran en el Baile de Debutantes 2025"},"content":{"rendered":"<p>Ricas, espa\u00f1olas y presentadas en sociedad. El <strong>hotel Shangri-La de Par\u00eds<\/strong> despleg\u00f3 este fin de semana su habitual mezcla de esplendor imperial y discreci\u00f3n moderna para acoger una nueva edici\u00f3n del <strong>Baile de Debutantes<\/strong>, un acontecimiento que contin\u00faa funcionando como uno de los rituales m\u00e1s selectos del calendario internacional. Este a\u00f1o, el protagonismo espa\u00f1ol lleg\u00f3 de la mano de <strong>Eulalia de Orleans-Borb\u00f3n<\/strong> y <strong>Almudena Dailly de Orleans<\/strong>, dos j\u00f3venes cuya presencia confirm\u00f3 el peso que siguen teniendo los linajes hist\u00f3ricos en este escenario donde tradici\u00f3n, alta costura y beneficencia se entrelazan con precisi\u00f3n coreogr\u00e1fica.<\/p>\n<p><strong>Dos espa\u00f1olas en el centro de la escena<\/strong><\/p>\n<p>Las dos representantes espa\u00f1olas fueron, para muchos asistentes, las figuras m\u00e1s comentadas de la noche. <\/p>\n<p><strong>Eulalia de Orleans-Borb\u00f3n<\/strong>, hija del empresario \u00c1lvaro de Orleans-Borb\u00f3n y estudiante de Econom\u00eda y Finanzas en la Universidad de St. Andrews, lleg\u00f3 acompa\u00f1ada por <strong>Albert Windsor<\/strong>, nieto del duque de Kent. Para la ocasi\u00f3n escogi\u00f3 un vestido de <strong>Tony Ward<\/strong>, acompa\u00f1ado por una tiara de <strong>V Muse,<\/strong> una pieza hist\u00f3rica creada en 1912 por el joyero vien\u00e9s Moritz H\u00fcbner, confeccionada en platino y oro y decorada con diamantes antiguos en forma de flor de lis. Una joya que perteneci\u00f3 a la princesa Mar\u00eda Ana de Parma y que conecta directamente con la herencia Borb\u00f3n.<\/p>\n<p>Por su parte, <strong>Almudena Dailly de Orleans<\/strong>, hija de Pierre-Louis Dailly y de la princesa Adelaida de Orleans \u2014y ahijada del rey Juan Carlos\u2014, rindi\u00f3 homenaje a su madre eligiendo un vestido de <strong>Christian Dior<\/strong>, la misma casa que la visti\u00f3 en su boda de 2002. Lleg\u00f3 acompa\u00f1ada por su hermano Diego y luci\u00f3 una sofisticada tiara de <strong>Ansorena<\/strong>, compuesta por dos piezas: una delicada media luna adornada con nomeolvides y motivos cl\u00e1sicos, y una gargantilla de diamantes talla rosa y antigua que reforz\u00f3 su presencia en el sal\u00f3n.<\/p>\n<p>Ambas j\u00f3venes encarnaron a la mezcla de tradici\u00f3n, modernidad y discreci\u00f3n que exige Le Bal, un evento donde la actitud cuenta tanto como el linaje.<\/p>\n<p><strong>Un ritual que ha sobrevivido al tiempo<\/strong><\/p>\n<p>Aunque su origen se remonta al siglo XVIII, el Baile de Debutantes vive hoy gracias a la visi\u00f3n de <strong>Oph\u00e9lie Renouard<\/strong>, la mujer que ha transformado este antiguo debut aristocr\u00e1tico en una sofisticada coreograf\u00eda social. Renouard selecciona personalmente a las diecinueve debutantes que cada a\u00f1o participan en el evento, <strong>no busca perfecci\u00f3n sino actitud<\/strong>, su criterio son j\u00f3venes que representen excelencia, cosmopolitismo y presencia esc\u00e9nica. <\/p>\n<p>Antes del baile, las participantes reciben<strong> instrucciones sobre c\u00f3mo caminar, c\u00f3mo descender una escalera o c\u00f3mo sostener una mirada<\/strong>. Renouard afina cada gesto para que la puesta en escena funcione como un mecanismo preciso, donde nada parece improvisado aunque tampoco resulte teatral.<\/p>\n<p>Las casas que participan \u2014Dior, Tony Ward, Wes Gordon para Carolina Herrera, Guo Pei, Armani Priv\u00e9, St\u00e9phane Rolland, Vera Wang\u2014 no buscan protagonismo, sino contribuir a un ecosistema donde la exclusividad se interpreta como permanencia, no como tendencia. Este a\u00f1o, adem\u00e1s de las dos espa\u00f1olas, desfilaron nombres como <strong>Carolina B. Lansing<\/strong>, \u2013  nieta de Carolina Herrera \u2013  <strong>Eugenia de Hohenzollern<\/strong>, <strong>Jillian Chan<\/strong>, <strong>Ruby Kemper<\/strong>, <strong>Bronwyn Vance<\/strong> o <strong>Lady Araminta Spencer-Churchill<\/strong>, un elenco que dibuja un mapa global del poder cultural seg\u00fan la mirada parisina.<\/p>\n<p>Las negociaciones suelen concretarse en almuerzos informales con familiares, que apoyan la iniciativa tambi\u00e9n por su objetivo filantr\u00f3pico. La edici\u00f3n de 2025 ha destinado su recaudaci\u00f3n al <strong>Hospital Infantil Maria Fareri de Nueva York<\/strong>, especializado en investigaci\u00f3n del c\u00e1ncer pedi\u00e1trico, y a la <strong>Asociaci\u00f3n para la Investigaci\u00f3n de Cardiolog\u00eda desde Fetos a Adultos (ARCFA)<\/strong> del Hospital Necker-Enfants Malades de Par\u00eds.<\/p>\n<p>La jornada previa al Baile de Debutantes es casi tan intensa como la noche oficial. Las 19 participantes pasan la tarde entre \u00faltimas pruebas de vestuario, ensayos del vals y sesiones de fotos con Jonathan Becker. Muchos se conocen apenas un d\u00eda antes, pero logran una coordinaci\u00f3n entre todas las asistentes. <\/p>\n<p>El ritual m\u00e1s exclusivo de Par\u00eds<\/p>\n<p>El presentador <strong>St\u00e9phane Bern<\/strong> gu\u00eda la ceremonia combinando datos hist\u00f3ricos, an\u00e9cdotas nobles y comentarios ingeniosos hasta que comienza el desfile de las debutantes en un ambiente elegante pero relajado.<\/p>\n<p>Tras los postres llega el momento m\u00e1s esperado, el momento del baile. Comienza con un <strong>vals con los chevaliers<\/strong> al ritmo del Danubio Azul, seguido de un <strong>vals con los padres<\/strong>, con m\u00fasica de La La Land, terminando con una <strong>transici\u00f3n a m\u00fasica moderna <\/strong>de Dua Lipa, Lykke Li y las Spice Girls.<\/p>\n<p>Despu\u00e9s del vals, las j\u00f3venes se quitan tiaras y tules, guardan las joyas y abandonan el hotel rumbo a una after party en un club de moda parisino, culminando no con un ambiente aristocr\u00e1tico sino festivo.<\/p>\n","protected":false},"excerpt":{"rendered":"Ricas, espa\u00f1olas y presentadas en sociedad. El hotel Shangri-La de Par\u00eds despleg\u00f3 este fin de semana su habitual&hellip;\n","protected":false},"author":2,"featured_media":265601,"comment_status":"","ping_status":"","sticky":false,"template":"","format":"standard","meta":{"footnotes":""},"categories":[174],"tags":[65783,65784,40542,255,29134,146,147,25,24,65785,256,4759,23],"class_list":{"0":"post-265600","1":"post","2":"type-post","3":"status-publish","4":"format-standard","5":"has-post-thumbnail","7":"category-famosos","8":"tag-almudena-dailly-de-orleans","9":"tag-baile-de-debutantes","10":"tag-carolina-herrera","11":"tag-celebrities","12":"tag-dior","13":"tag-entertainment","14":"tag-entretenimiento","15":"tag-es","16":"tag-espana","17":"tag-eulalia-de-orleans-borbon","18":"tag-famosos","19":"tag-paris","20":"tag-spain"},"share_on_mastodon":{"url":"https:\/\/pubeurope.com\/@es\/115644944113196615","error":""},"_links":{"self":[{"href":"https:\/\/www.europesays.com\/es\/wp-json\/wp\/v2\/posts\/265600","targetHints":{"allow":["GET"]}}],"collection":[{"href":"https:\/\/www.europesays.com\/es\/wp-json\/wp\/v2\/posts"}],"about":[{"href":"https:\/\/www.europesays.com\/es\/wp-json\/wp\/v2\/types\/post"}],"author":[{"embeddable":true,"href":"https:\/\/www.europesays.com\/es\/wp-json\/wp\/v2\/users\/2"}],"replies":[{"embeddable":true,"href":"https:\/\/www.europesays.com\/es\/wp-json\/wp\/v2\/comments?post=265600"}],"version-history":[{"count":0,"href":"https:\/\/www.europesays.com\/es\/wp-json\/wp\/v2\/posts\/265600\/revisions"}],"wp:featuredmedia":[{"embeddable":true,"href":"https:\/\/www.europesays.com\/es\/wp-json\/wp\/v2\/media\/265601"}],"wp:attachment":[{"href":"https:\/\/www.europesays.com\/es\/wp-json\/wp\/v2\/media?parent=265600"}],"wp:term":[{"taxonomy":"category","embeddable":true,"href":"https:\/\/www.europesays.com\/es\/wp-json\/wp\/v2\/categories?post=265600"},{"taxonomy":"post_tag","embeddable":true,"href":"https:\/\/www.europesays.com\/es\/wp-json\/wp\/v2\/tags?post=265600"}],"curies":[{"name":"wp","href":"https:\/\/api.w.org\/{rel}","templated":true}]}}