{"id":265611,"date":"2025-12-01T15:15:12","date_gmt":"2025-12-01T15:15:12","guid":{"rendered":"https:\/\/www.europesays.com\/es\/265611\/"},"modified":"2025-12-01T15:15:12","modified_gmt":"2025-12-01T15:15:12","slug":"dia-mundial-contra-el-sida","status":"publish","type":"post","link":"https:\/\/www.europesays.com\/es\/265611\/","title":{"rendered":"D\u00eda Mundial contra el Sida"},"content":{"rendered":"<p>Pamplona (EFE).- Bajo el lema \u2018Comunidad, derechos y vida digna\u2019, Pamplona ha conmemorado este lunes el D\u00eda Mundial del Sida con un acto institucional en el que se ha reclamado mantener la prevenci\u00f3n, combatir el estigma y reforzar el diagn\u00f3stico precoz.<\/p>\n<p>El acto, celebrado en el Instituto Navarro de Administraci\u00f3n P\u00fablica (INAP) y acompa\u00f1ado por una pancarta con frases elaboradas por estudiantes de la UPNA, ha contado con la participaci\u00f3n del director general de Salud, Antonio L\u00f3pez, y el presidente del Colegio de Farmac\u00e9uticos de Navarra, Alberto Mantilla, as\u00ed como representantes de las entidades dedicadas a la prevenci\u00f3n y tratamiento del VIH: Asociaci\u00f3n Sare y Comisi\u00f3n Ciudadana Antisida.<\/p>\n<p>46 farmacias ofrecen pruebas r\u00e1pidas de VIH<\/p>\n<p>Mantilla ha destacado la labor de las 46 oficinas de farmacia que ofrecen pruebas r\u00e1pidas de VIH en toda la Comunidad Foral. En 2024 se realizaron 237 test, con tres resultados positivos, uno de ellos finalmente falso positivo. En lo que va de 2025 se han efectuado 90 pruebas, todas con resultado negativo.<\/p>\n<p>El perfil predominante de las personas que solicitan estas pruebas sigue siendo mayoritariamente masculino, con una media de edad de 37 a\u00f1os.<\/p>\n<p><img data-recalc-dims=\"1\" fetchpriority=\"high\" decoding=\"async\" width=\"980\" height=\"654\" src=\"https:\/\/www.europesays.com\/es\/wp-content\/uploads\/2025\/12\/mesa.webp\" alt=\"\" class=\"wp-image-2327858\"  \/>El presidente del colegio de farmac\u00e9uticos de Navarra Alberto Mantilla (c). EFE\/ Jes\u00fas Diges<\/p>\n<p>Mantilla ha defendido tambi\u00e9n la integraci\u00f3n plena de las farmacias como agentes de salud y ha subrayado la reciente puesta en marcha del programa de dispensaci\u00f3n de leche de f\u00f3rmula para evitar la transmisi\u00f3n vertical del virus de madres seropositivas a sus beb\u00e9s.<\/p>\n<p>La cifra de nuevos diagn\u00f3sticos de VIH se mantiene estable <\/p>\n<p>Seg\u00fan los \u00faltimos datos del Instituto de Salud P\u00fablica y Laboral de Navarra, la cifra de nuevos diagn\u00f3sticos de VIH se mantiene estable o con un ligero descenso, aunque contin\u00faa aumentando el n\u00famero total de personas que viven con el virus gracias a la mayor supervivencia asociada a los tratamientos antirretrovirales.<\/p>\n<p>Entre enero y septiembre de este a\u00f1o se han identificado 18 nuevos casos, frente a los 20 del mismo periodo del a\u00f1o anterior.<\/p>\n<p>El Departamento de Salud ha insistido en la necesidad de promover pr\u00e1cticas sexuales seguras, reforzar la educaci\u00f3n afectivo-sexual e impulsar la detecci\u00f3n precoz. Navarra implant\u00f3 en 2020 el programa de profilaxis preexposici\u00f3n (PrEP), al que actualmente acceden 216 personas.<\/p>\n<p>Reforzar la lucha contra el estigma<\/p>\n<p>Las asociaciones participantes han reclamado reforzar la lucha contra el estigma, garantizar itinerarios claros desde el diagn\u00f3stico hasta el seguimiento cl\u00ednico y situar a las personas con VIH en el centro de las pol\u00edticas p\u00fablicas. Tambi\u00e9n han alertado del riesgo de una \u201cinvoluci\u00f3n social\u201d y han pedido recursos suficientes para transformar la respuesta al Sida.<\/p>\n<p>Desde la Asociaci\u00f3n Sare, Lorea Gurutxarri ha recordado que \u201cel estigma sigue siendo, hoy, la peor consecuencia de vivir con VIH\u201d y ha cerrado su intervenci\u00f3n recuperando una frase del manifiesto de 2010: \u201cOs deseamos un buen d\u00eda, vac\u00edo de prejuicios, lleno de empat\u00eda\u201d.<\/p>\n<p>En \u00faltimo lugar ha intervenido el director general de Salud, Antonio L\u00f3pez, quien ha llamado a renovar el compromiso pol\u00edtico y ha defendido la importancia de detectar la infecci\u00f3n de forma precoz, ya que todav\u00eda se diagnostican entre cinco y seis casos anuales cuando la enfermedad ya est\u00e1 avanzada.<\/p>\n<p>Acceso universal a los tratamientos<\/p>\n<p>Asimismo, ha reivindicado el acceso universal a los tratamientos y la necesidad de fortalecer los derechos sexuales y reproductivos.<\/p>\n<p>Como gesto institucional, el Parlamento de Navarra y el Ayuntamiento de Pamplona iluminar\u00e1n sus fachadas con motivo de la jornada. El Ayuntamiento se suma a la conmemoraci\u00f3n iluminando en color rojo la Casa Consistorial y el quiosco de la Plaza del Castillo.<\/p>\n<p>La celebraci\u00f3n de este a\u00f1o lleva por lema \u2018Superar las interrupciones, transformar la respuesta al sida\u2019, con el objetivo de sensibilizar sobre el s\u00edndrome, superar estigmas y promover los derechos humanos de todas las personas afectadas.<\/p>\n<p>El Parlamento se suma a la conmemoraci\u00f3n<\/p>\n<p>Por su parte, el Parlamento de Navarra ha acogido este lunes un acto institucional de adhesi\u00f3n al D\u00eda Mundial contra el Sida, que este a\u00f1o reivindica la lucha dirigida a \u201cterminar con el estigma asociado a la enfermedad, alinear los derechos sociales con los avances m\u00e9dico-cient\u00edficos y, conforme a lo establecido por ONUSIDA, eliminar el VIH como amenaza de salud p\u00fablica para 2030\u201d.<\/p>\n<p>El acto, celebrado junto a la asociaci\u00f3n Sare y la Comisi\u00f3n Ciudadana AntiSida, tiene este a\u00f1o el lema \u2018Comunidad, derechos y vida digna\u2019, seg\u00fan se ha subrayado en el Parlamento.<\/p>\n<p>Dar visibilidad al VIH<\/p>\n<p>Su presidente, Unai Hualde ha apostado por \u201cseguir trabajando juntas\u201d dando visibilidad al VIH y, sobre todo, por incidir en la educaci\u00f3n y en las campa\u00f1as de prevenci\u00f3n, ya que \u201cuno de cada tres diagn\u00f3sticos se da en menores de 35 a\u00f1os\u201d, seg\u00fan el \u00faltimo bolet\u00edn de Salud P\u00fablica del Instituto de Salud P\u00fablica y Laboral de Navarra (ISPLN).<\/p>\n<p>Hualde se ha remitido al Acuerdo de la Mesa del Parlamento, en el que se considera que, tras 43 a\u00f1os de epidemia, \u201ces necesario seguir trabajando en la prevenci\u00f3n combinada\u201d, para a\u00f1adir que \u201cel diagn\u00f3stico precoz y el inicio temprano del tratamiento son las mejores herramientas para preservar la salud de las personas y prevenir la transmisi\u00f3n\u201d.<\/p>\n<p>El \u00f3rgano de Gobierno de la C\u00e1mara \u201capuesta por seguir avanzando en la implementaci\u00f3n de las medidas recogidas en el Pacto Social por la no discriminaci\u00f3n y la igualdad de trato asociada al VIH\u201d y, en ese sentido, el Parlamento \u201cse compromete a garantizar una atenci\u00f3n socio-sanitaria a las personas con VIH, teniendo en cuenta sus singularidades, especialmente las de las mujeres y las personas mayores\u201d.<\/p>\n<p>Tras corroborar el compromiso de la C\u00e1mara para \u201cseguir impulsando medidas para eliminar la discriminaci\u00f3n hacia las personas que viven con VIH\u201d, Hualde ha agradecido a Sare y a la Comisi\u00f3n Antisida su trabajo \u201cpara garantizar los derechos de las personas con VIH, su colaboraci\u00f3n con las instituciones para un mejor servicio sanitario y por su labor de concienciaci\u00f3n en la prevenci\u00f3n del VIH y de otras enfermedades de transmisi\u00f3n sexual\u201d.<\/p>\n<p>El objetivo 95-95-95<\/p>\n<p>Seguidamente, Rebeca Almagro y Raquel Setu\u00e1in han dado lectura al manifiesto \u2018Comunidad, derechos y vida digna\u2019, un texto con el que han reclamado el cumplimiento del 95-95-95 (objetivo internacional fijado por ONUSIDA para poner fin a la epidemia de VIH como amenaza para la salud p\u00fablica) en todas las comunidades aut\u00f3nomas sin brechas territoriales, generacionales o sociales, as\u00ed como la eliminaci\u00f3n del estigma en centros sanitarios, penitenciarios, educativos, laborales y medi\u00e1ticos.<\/p>\n<p>Tal y como han se\u00f1alado, \u201cel \u00e9xito no puede medirse solo en carga viral suprimida, sino tambi\u00e9n en bienestar emocional, calidad de vida y posibilidad real de proyecto vital\u201d.<\/p>\n<p>A ese respecto, han insistido en reforzar la prevenci\u00f3n combinada \u2014PrEP y PEP accesibles, cribados, autotest y campa\u00f1as basadas en evidencia\u2014 y han puesto el foco en las necesidades urgentes de las personas que viven con VIH, como \u201cel envejecimiento, la fragilidad, las comorbilidades y los obst\u00e1culos para acceder a vivienda, servicios sociales o empleo sin discriminaci\u00f3n\u201d.<\/p>\n<p>Educaci\u00f3n sexual integral <\/p>\n<p>Tras destacar que la educaci\u00f3n sexual integral es una herramienta \u201cimprescindible\u201d de prevenci\u00f3n y un derecho humano fundamental, Uranga y Setuain han hecho un llamamiento a instituciones p\u00fablicas, entidades sociales y administraciones auton\u00f3micas para que \u201crefuercen recursos, coordinen equipos asistenciales y adopten pol\u00edticas valientes que sit\u00faen a las personas en el centro\u201d.<\/p>\n<p>El manifiesto le\u00eddo por los representantes de la Comisi\u00f3n Antisida ha recordado a todas las personas fallecidas en la epidemia y a quienes han impulsado el movimiento comunitario. \u201cPor ellas y por todas las personas que viven con VIH\u201d, han afirmado, \u201cexigimos un futuro en el que convivir con VIH signifique poder vivir plenamente\u201d.<\/p>\n<p>Despu\u00e9s, por la asociaci\u00f3n Sare, Lorea Gurutxarri ha llamado a consolidar los avances sanitarios y sociales logrados en las \u00faltimas d\u00e9cadas y ha solicitado que \u201cel empadronamiento no condicione el acceso a recursos esenciales\u201d, insistiendo en la necesidad de una atenci\u00f3n sanitaria y social universal, \u201csin barreras administrativas, institucionales o actitudinales\u201d.<\/p>\n<p>Jubilaci\u00f3n anticipada de personas con VIH <\/p>\n<p>Sare ha instado por otro lado a los grupos parlamentarios a impulsar una modificaci\u00f3n legal para establecer la jubilaci\u00f3n anticipada de personas con VIH que presentan envejecimiento prematuro.<\/p>\n<p>Adem\u00e1s, la representante de Sare ha recordado que los progresos cient\u00edficos han transformado el VIH en una condici\u00f3n cr\u00f3nica controlable y ha insistido en la importancia de que la sociedad asuma como conocimiento b\u00e1sico que \u201cindetectable es intransmisible\u201d.<\/p>\n<p>En ese sentido, tras alertar de la persistencia del estigma en el \u00e1mbito sanitario, ha propuesto \u201creforzar la formaci\u00f3n continua en VIH y fortalecer los marcos institucionales y los protocolos de confidencialidad\u201d, realizar campa\u00f1as de sensibilizaci\u00f3n y que las comunidades afectadas participen activamente en el dise\u00f1o de pol\u00edticas y materiales.<\/p>\n","protected":false},"excerpt":{"rendered":"Pamplona (EFE).- Bajo el lema \u2018Comunidad, derechos y vida digna\u2019, Pamplona ha conmemorado este lunes el D\u00eda Mundial&hellip;\n","protected":false},"author":2,"featured_media":265612,"comment_status":"","ping_status":"","sticky":false,"template":"","format":"standard","meta":{"footnotes":""},"categories":[92],"tags":[1293,25,24,165,166,23],"class_list":{"0":"post-265611","1":"post","2":"type-post","3":"status-publish","4":"format-standard","5":"has-post-thumbnail","7":"category-salud","8":"tag-enfermedades","9":"tag-es","10":"tag-espana","11":"tag-health","12":"tag-salud","13":"tag-spain"},"share_on_mastodon":{"url":"https:\/\/pubeurope.com\/@es\/115644971801634798","error":""},"_links":{"self":[{"href":"https:\/\/www.europesays.com\/es\/wp-json\/wp\/v2\/posts\/265611","targetHints":{"allow":["GET"]}}],"collection":[{"href":"https:\/\/www.europesays.com\/es\/wp-json\/wp\/v2\/posts"}],"about":[{"href":"https:\/\/www.europesays.com\/es\/wp-json\/wp\/v2\/types\/post"}],"author":[{"embeddable":true,"href":"https:\/\/www.europesays.com\/es\/wp-json\/wp\/v2\/users\/2"}],"replies":[{"embeddable":true,"href":"https:\/\/www.europesays.com\/es\/wp-json\/wp\/v2\/comments?post=265611"}],"version-history":[{"count":0,"href":"https:\/\/www.europesays.com\/es\/wp-json\/wp\/v2\/posts\/265611\/revisions"}],"wp:featuredmedia":[{"embeddable":true,"href":"https:\/\/www.europesays.com\/es\/wp-json\/wp\/v2\/media\/265612"}],"wp:attachment":[{"href":"https:\/\/www.europesays.com\/es\/wp-json\/wp\/v2\/media?parent=265611"}],"wp:term":[{"taxonomy":"category","embeddable":true,"href":"https:\/\/www.europesays.com\/es\/wp-json\/wp\/v2\/categories?post=265611"},{"taxonomy":"post_tag","embeddable":true,"href":"https:\/\/www.europesays.com\/es\/wp-json\/wp\/v2\/tags?post=265611"}],"curies":[{"name":"wp","href":"https:\/\/api.w.org\/{rel}","templated":true}]}}