{"id":265615,"date":"2025-12-01T15:17:10","date_gmt":"2025-12-01T15:17:10","guid":{"rendered":"https:\/\/www.europesays.com\/es\/265615\/"},"modified":"2025-12-01T15:17:10","modified_gmt":"2025-12-01T15:17:10","slug":"las-colas-de-un-cometa-interestelar-nasanet","status":"publish","type":"post","link":"https:\/\/www.europesays.com\/es\/265615\/","title":{"rendered":"Las Colas de un Cometa Interestelar :: NASANET"},"content":{"rendered":"<p><a href=\"https:\/\/www.lanasa.net\/download_file\/view\/5811\/2825\" rel=\"nofollow noopener\" target=\"_blank\"><img loading=\"lazy\" decoding=\"async\" src=\"https:\/\/www.europesays.com\/es\/wp-content\/uploads\/2025\/12\/Comet3I_SabetWinter_4243.jpg\" alt=\"3I ATLAS: Las Colas de un Cometa Interestelar\" height=\"2862\" width=\"4243\"\/><\/a>&#13;<br \/>\n<strong>Credit: Victor Sabet &amp; Julien De Winter<\/strong>&#13;<\/p>\n<p style=\"text-align: justify;\">\u00bfEn qu\u00e9 medida nuestro Sistema Solar se parece a otros? El estudio de 3I\/ATLAS, un cometa que est\u00e1 de paso, est\u00e1 ofreciendo pistas importantes. Hasta ahora, los visitantes interestelares confirmados incluyen un asteroide, un cometa, un meteoro y hasta un flujo de gas dominado por hidr\u00f3geno y helio.<\/p>\n<p style=\"text-align: justify;\">3I\/ATLAS parece ser relativamente normal en comparaci\u00f3n con los cometas de nuestro propio Sistema Solar, lo que refuerza la idea de que el nuestro es, en muchos sentidos, un sistema estelar bastante com\u00fan. Por ejemplo, este cometa muestra una composici\u00f3n qu\u00edmica similar y tambi\u00e9n expulsa polvo como los cometas conocidos.<\/p>\n<p style=\"text-align: justify;\">Esta imagen \u2014captada la semana pasada desde Texas\u2014 revela una coma verde, una cola i\u00f3nica azulada que serpentea mientras es desviada por el viento solar, y una ligera anti-cola, todos rasgos t\u00edpicos de los cometas.<\/p>\n<p style=\"text-align: justify;\">El cometa, visible con telescopio, pas\u00f3 cerca del Sol a finales de octubre y se acercar\u00e1 m\u00e1s a la Tierra a mediados de diciembre. Despu\u00e9s seguir\u00e1 su camino de regreso al espacio interestelar, y no regresar\u00e1 jam\u00e1s.<\/p>\n","protected":false},"excerpt":{"rendered":"&#13; Credit: Victor Sabet &amp; Julien De Winter&#13; \u00bfEn qu\u00e9 medida nuestro Sistema Solar se parece a otros?&hellip;\n","protected":false},"author":2,"featured_media":265616,"comment_status":"","ping_status":"","sticky":false,"template":"","format":"standard","meta":{"footnotes":""},"categories":[81],"tags":[119,123,124,25,24,117,121,122,23,118,120],"class_list":{"0":"post-265615","1":"post","2":"type-post","3":"status-publish","4":"format-standard","5":"has-post-thumbnail","7":"category-ciencia-y-tecnologia","8":"tag-ciencia","9":"tag-ciencia-y-tecnologia","10":"tag-cienciaytecnologia","11":"tag-es","12":"tag-espana","13":"tag-science","14":"tag-science-and-technology","15":"tag-scienceandtechnology","16":"tag-spain","17":"tag-technology","18":"tag-tecnologia"},"share_on_mastodon":{"url":"https:\/\/pubeurope.com\/@es\/115644979758270103","error":""},"_links":{"self":[{"href":"https:\/\/www.europesays.com\/es\/wp-json\/wp\/v2\/posts\/265615","targetHints":{"allow":["GET"]}}],"collection":[{"href":"https:\/\/www.europesays.com\/es\/wp-json\/wp\/v2\/posts"}],"about":[{"href":"https:\/\/www.europesays.com\/es\/wp-json\/wp\/v2\/types\/post"}],"author":[{"embeddable":true,"href":"https:\/\/www.europesays.com\/es\/wp-json\/wp\/v2\/users\/2"}],"replies":[{"embeddable":true,"href":"https:\/\/www.europesays.com\/es\/wp-json\/wp\/v2\/comments?post=265615"}],"version-history":[{"count":0,"href":"https:\/\/www.europesays.com\/es\/wp-json\/wp\/v2\/posts\/265615\/revisions"}],"wp:featuredmedia":[{"embeddable":true,"href":"https:\/\/www.europesays.com\/es\/wp-json\/wp\/v2\/media\/265616"}],"wp:attachment":[{"href":"https:\/\/www.europesays.com\/es\/wp-json\/wp\/v2\/media?parent=265615"}],"wp:term":[{"taxonomy":"category","embeddable":true,"href":"https:\/\/www.europesays.com\/es\/wp-json\/wp\/v2\/categories?post=265615"},{"taxonomy":"post_tag","embeddable":true,"href":"https:\/\/www.europesays.com\/es\/wp-json\/wp\/v2\/tags?post=265615"}],"curies":[{"name":"wp","href":"https:\/\/api.w.org\/{rel}","templated":true}]}}