{"id":265619,"date":"2025-12-01T15:19:13","date_gmt":"2025-12-01T15:19:13","guid":{"rendered":"https:\/\/www.europesays.com\/es\/265619\/"},"modified":"2025-12-01T15:19:13","modified_gmt":"2025-12-01T15:19:13","slug":"iberia-amplia-la-suspension-de-sus-vuelos-con-venezuela-al-menos-hasta-el-31-de-diciembre","status":"publish","type":"post","link":"https:\/\/www.europesays.com\/es\/265619\/","title":{"rendered":"Iberia ampl\u00eda la suspensi\u00f3n de sus vuelos con Venezuela al menos hasta el 31 de diciembre"},"content":{"rendered":"<p style=\"\"><strong>Iberia<\/strong> extender\u00e1 la cancelaci\u00f3n de todos sus vuelos a Venezuela <a href=\"https:\/\/www.abc.es\/internacional\/trump-advierte-aerolineas-consideren-cerrado-espacio-aereo-20251129144101-nt.html\" title=\"www.abc.es\" data-voc-vtm-id=\"in-text-traffic\" data-mrf-link=\"www.abc.es\" rel=\"nofollow noopener\" target=\"_blank\">un mes m\u00e1s<\/a>, <strong>hasta el 31 de diciembre<\/strong>, siguiendo las recomendaciones de la Agencia Estatal de Seguridad A\u00e9rea (AESA), seg\u00fan ha anunciado este lunes.<\/p>\n<p style=\"\">La intenci\u00f3n de la aerol\u00ednea espa\u00f1ola es retomar  &#8230; los vuelos al pa\u00eds latinoamericano en cuanto se recuperen \u00ablas plenas garant\u00edas de seguridad\u00bb.<\/p>\n<p class=\"voc-p\" style=\"\">En este contexto, Iberia ha asegurado que ofrece a los clientes afectados la posibilidad de cambiar sus vuelos para otra fecha, para otro destino cercano o bien, solicitar el reembolso del importe del billete.<\/p>\n<p class=\"voc-p\" style=\"\">El pasado 22 de noviembre, la aerol\u00ednea espa\u00f1ola <strong>anunci\u00f3 la paralizaci\u00f3n de estas operaciones<\/strong> despu\u00e9s de que la Administraci\u00f3n Federal de Aviaci\u00f3n de Estados Unidos (FAA, por sus siglas en ingl\u00e9s) emitiera una alerta a las aerol\u00edneas para \u00abextremar la precauci\u00f3n al operar\u00bb en esa \u00e1rea \u00aba todas las altitudes debido al deterioro de la situaci\u00f3n de seguridad y al aumento de la actividad militar en Venezuela o sus alrededores\u00bb.<\/p>\n<p class=\"voc-p\" style=\"\">La misma decisi\u00f3n tomaron algunas compa\u00f1\u00edas tanto nacionales o internacionales, lo que provoc\u00f3 que el Gobierno de Venezuela revocara las concesiones a <strong>Iberia, TAP Air Portugal, Turkish Airlines, Avianca, Latam Airlines y GOL<\/strong> \u00abpor sumarse a las acciones de terrorismo de Estado promovido por el Gobierno de Estados Unidos\u00bb.<\/p>\n<p class=\"voc-p\" style=\"\">En declaraciones a los medios este lunes, la portavoz de la Uni\u00f3n Sindical de Controladores A\u00e9reos (USCA), <strong>Susana Romero<\/strong>, ha afirmado que el espacio a\u00e9reo venezolano no est\u00e1 cerrado, asegurando que \u00abno hay problema\u00bb para volar a los pa\u00edses de alrededor del destino latinoamericano.<\/p>\n<p class=\"voc-p\" style=\"\">\u00abEl espacio a\u00e9reo venezolano es soberan\u00eda nacional venezolana, con lo cual entiendo que por eso no es posible que se cierre desde Estados Unidos. <strong>Existen documentos como NOTAM<\/strong> y un tweet no puede suplir un documento oficial y reconocido internacionalmente\u00bb, ha subrayado.<\/p>\n<p class=\"voc-p\" style=\"\">Asimismo, la operativa a Venezuela ha bajado \u00abmuch\u00edsimo\u00bb, seg\u00fan la portavoz del sindicato, debido al descenso de vuelos, que en su mayor\u00eda son ahora internos u operaciones de jets privados.<\/p>\n<p class=\"voc-p\" style=\"\">La intenci\u00f3n de la compa\u00f1\u00eda es retomar los vuelos a Venezuela en cuanto se recuperen las plenas garant\u00edas de seguridad a pesar de que el Gobierno de Maduro ha anunciado la suspensi\u00f3n de su licencia.<\/p>\n","protected":false},"excerpt":{"rendered":"Iberia extender\u00e1 la cancelaci\u00f3n de todos sus vuelos a Venezuela un mes m\u00e1s, hasta el 31 de diciembre,&hellip;\n","protected":false},"author":2,"featured_media":265620,"comment_status":"","ping_status":"","sticky":false,"template":"","format":"standard","meta":{"footnotes":""},"categories":[42],"tags":[17,18,13639,35329,13,14,11,13675,61,62,63,64,19,20,9,10,15,16,12,21,22,1192,9648,65,66,67],"class_list":{"0":"post-265619","1":"post","2":"type-post","3":"status-publish","4":"format-standard","5":"has-post-thumbnail","7":"category-internacional","8":"tag-breaking-news","9":"tag-breakingnews","10":"tag-cancela","11":"tag-diciembre","12":"tag-featured-news","13":"tag-featurednews","14":"tag-headlines","15":"tag-iberia","16":"tag-internacional","17":"tag-international","18":"tag-international-news","19":"tag-internationalnews","20":"tag-latest-news","21":"tag-latestnews","22":"tag-news","23":"tag-noticias","24":"tag-noticias-destacadas","25":"tag-noticiasdestacadas","26":"tag-titulares","27":"tag-ultimas-noticias","28":"tag-ultimasnoticias","29":"tag-venezuela","30":"tag-vuelos","31":"tag-world","32":"tag-world-news","33":"tag-worldnews"},"share_on_mastodon":{"url":"https:\/\/pubeurope.com\/@es\/115644987183858009","error":""},"_links":{"self":[{"href":"https:\/\/www.europesays.com\/es\/wp-json\/wp\/v2\/posts\/265619","targetHints":{"allow":["GET"]}}],"collection":[{"href":"https:\/\/www.europesays.com\/es\/wp-json\/wp\/v2\/posts"}],"about":[{"href":"https:\/\/www.europesays.com\/es\/wp-json\/wp\/v2\/types\/post"}],"author":[{"embeddable":true,"href":"https:\/\/www.europesays.com\/es\/wp-json\/wp\/v2\/users\/2"}],"replies":[{"embeddable":true,"href":"https:\/\/www.europesays.com\/es\/wp-json\/wp\/v2\/comments?post=265619"}],"version-history":[{"count":0,"href":"https:\/\/www.europesays.com\/es\/wp-json\/wp\/v2\/posts\/265619\/revisions"}],"wp:featuredmedia":[{"embeddable":true,"href":"https:\/\/www.europesays.com\/es\/wp-json\/wp\/v2\/media\/265620"}],"wp:attachment":[{"href":"https:\/\/www.europesays.com\/es\/wp-json\/wp\/v2\/media?parent=265619"}],"wp:term":[{"taxonomy":"category","embeddable":true,"href":"https:\/\/www.europesays.com\/es\/wp-json\/wp\/v2\/categories?post=265619"},{"taxonomy":"post_tag","embeddable":true,"href":"https:\/\/www.europesays.com\/es\/wp-json\/wp\/v2\/tags?post=265619"}],"curies":[{"name":"wp","href":"https:\/\/api.w.org\/{rel}","templated":true}]}}