{"id":265621,"date":"2025-12-01T15:20:16","date_gmt":"2025-12-01T15:20:16","guid":{"rendered":"https:\/\/www.europesays.com\/es\/265621\/"},"modified":"2025-12-01T15:20:16","modified_gmt":"2025-12-01T15:20:16","slug":"el-pp-cita-a-cerdan-al-hijo-de-abalos-y-a-antonio-hernando-en-la-comision-del-senado-sobre-el-caso-koldo","status":"publish","type":"post","link":"https:\/\/www.europesays.com\/es\/265621\/","title":{"rendered":"El PP cita a Cerd\u00e1n, al hijo de \u00c1balos y a Antonio Hernando en la comisi\u00f3n del Senado sobre el caso Koldo"},"content":{"rendered":"<p class=\"L6-news-detail__text\">El secretario general del PP, <b>Miguel Tellado<\/b>, ha anunciado que forzar\u00e1 la comparecencia de <b><a title=\"Santos Cerd\u00e1n\" href=\"https:\/\/www.lasexta.com\/noticias\/nacional\/cita-cerdan-17-diciembre-comision-senado-caso-koldo_20251201692d87da6e5e5012dcd5e8db.html\" target=\"_blank\" rel=\"nofollow noopener\">Santos Cerd\u00e1n<\/a><\/b>, exsecretario de Organizaci\u00f3n del PSOE, en la comisi\u00f3n de investigaci\u00f3n del Senado sobre el &#8216;caso Koldo&#8217; el pr\u00f3ximo 17 de diciembre.<\/p>\n<p class=\"L6-news-detail__text\">El &#8216;n\u00famero dos&#8217; del PP ha indicado que Cerd\u00e1n &#8211;que ya acudi\u00f3 con anterioridad a la comisi\u00f3n del &#8216;caso Koldo&#8217;&#8211; quiere que explique el \u00ab<b>cheque en blanco<\/b>\u00bb que \u00aben nombre del Gobierno ofreci\u00f3 a \u00c1balos para que <b>no contara los secretos del sanchismo<\/b>\u00ab. Adem\u00e1s, ha dicho que quiere que \u00abclarifique las comisiones del 2% en obras p\u00fablicas\u00bb.<\/p>\n<p class=\"L6-news-detail__text\">Adem\u00e1s, la oposici\u00f3n har\u00e1 comparecer a <b><a title=\"V\u00edctor \u00c1balos\" href=\"https:\/\/www.lasexta.com\/noticias\/nacional\/hijo-abalos-arremete-pruebas-sanchez-ingreso-prision-padre-santos-ofrecio-cheque-blanco-nombre-presidente_20251201692d5ed29261f37ec7379653.html\" target=\"_blank\" rel=\"nofollow noopener\">V\u00edctor \u00c1balos<\/a><\/b>, el hijo del exministro Jos\u00e9 Luis \u00c1balos que denunci\u00f3 en una entrevista en &#8216;El Mundo&#8217; que \u00abCerd\u00e1n le ofreci\u00f3 un cheque en blanco\u00bb a su padre \u00aben nombre\u00bb del presidente del Gobierno, <b>Pedro S\u00e1nchez<\/b>; y de <b>Antonio Hernando<\/b>, exdirector adjunto del Gabinete de la Presidencia que se reuni\u00f3 con <b>Leire D\u00edez<\/b>, la &#8216;fontanera&#8217; del PSOE que lider\u00f3 una presunta operaci\u00f3n de desprestigio contra jueces, fiscales y agentes de la UCO.<\/p>\n<p class=\"L6-news-detail__text\">En paralelo, el PP registrar\u00e1 una serie de preguntas a la vicepresidenta segunda del Gobierno y ministra del Trabajo, <b>Yolanda D\u00edaz<\/b>, para que aclare el supuesto \u00ab<b>uso indebido\u00bb de su vivienda oficial<\/b> que fue denunciado por \u00c1balos la semana pasada.<\/p>\n<p class=\"L6-news-detail__text\">En su comparecencia, <b>Tellado no ha descartado citar a Bego\u00f1a G\u00f3mez<\/b>, esposa del presidente del Gobierno, si bien matiza que desde el PP se han mostrado \u00abprudentes a la hora de citar\u00bb a estas comisiones de investigaci\u00f3n. \u00abEl tiempo nos ha ido la raz\u00f3n porque hemos ido obteniendo m\u00e1s informaci\u00f3n\u00bb, reivindica.<\/p>\n<p class=\"L6-news-detail__text\"><b><a title=\"*Sigue a laSexta en Google. Toda la actualidad y el mejor contenido aqu\u00ed.\" href=\"https:\/\/profile.google.com\/cp\/CgkvbS8wZG5xejA\" target=\"_blank\" rel=\"nofollow noopener\">*Sigue a laSexta en Google. Toda la actualidad y el mejor contenido aqu\u00ed.<\/a><\/b><\/p>\n<p class=\"L6-support-news-video__title\">En el IES Santa Catalina<\/p>\n<p>            <a href=\"https:\/\/www.lasexta.com\/noticias\/sociedad\/instituto-menores-que-suicido-jaen-abrio-curso-pasado-protocolo-autolesiones_20251201692d84009261f37ec737c955.html\" class=\"L6-news__link\" rel=\"nofollow noopener\" target=\"_blank\"><br \/>\n                El instituto de una de las menores que se suicid\u00f3 en Ja\u00e9n abri\u00f3 el curso pasado un protocolo de autolesiones<\/p>\n<p class=\"recirculation-video-desc\">Los detalles Seg\u00fan ha informado la Consejer\u00eda de Desarrollo Educativo y Formaci\u00f3n Profesional, el IES Santa Catalina, donde estudi\u00f3 una de las menores el curso pasado, \u00abmantuvo abierto un protocolo de autolesiones y adopt\u00f3 las medidas correspondientes\u00bb.<\/p>\n<p>            <\/a><\/p>\n","protected":false},"excerpt":{"rendered":"El secretario general del PP, Miguel Tellado, ha anunciado que forzar\u00e1 la comparecencia de Santos Cerd\u00e1n, exsecretario de&hellip;\n","protected":false},"author":2,"featured_media":265622,"comment_status":"","ping_status":"","sticky":false,"template":"","format":"standard","meta":{"footnotes":""},"categories":[8],"tags":[17,18,25,24,13,14,11,19,20,9,10,15,16,23,12,21,22],"class_list":{"0":"post-265621","1":"post","2":"type-post","3":"status-publish","4":"format-standard","5":"has-post-thumbnail","7":"category-espana","8":"tag-breaking-news","9":"tag-breakingnews","10":"tag-es","11":"tag-espana","12":"tag-featured-news","13":"tag-featurednews","14":"tag-headlines","15":"tag-latest-news","16":"tag-latestnews","17":"tag-news","18":"tag-noticias","19":"tag-noticias-destacadas","20":"tag-noticiasdestacadas","21":"tag-spain","22":"tag-titulares","23":"tag-ultimas-noticias","24":"tag-ultimasnoticias"},"share_on_mastodon":{"url":"https:\/\/pubeurope.com\/@es\/115644991179482822","error":""},"_links":{"self":[{"href":"https:\/\/www.europesays.com\/es\/wp-json\/wp\/v2\/posts\/265621","targetHints":{"allow":["GET"]}}],"collection":[{"href":"https:\/\/www.europesays.com\/es\/wp-json\/wp\/v2\/posts"}],"about":[{"href":"https:\/\/www.europesays.com\/es\/wp-json\/wp\/v2\/types\/post"}],"author":[{"embeddable":true,"href":"https:\/\/www.europesays.com\/es\/wp-json\/wp\/v2\/users\/2"}],"replies":[{"embeddable":true,"href":"https:\/\/www.europesays.com\/es\/wp-json\/wp\/v2\/comments?post=265621"}],"version-history":[{"count":0,"href":"https:\/\/www.europesays.com\/es\/wp-json\/wp\/v2\/posts\/265621\/revisions"}],"wp:featuredmedia":[{"embeddable":true,"href":"https:\/\/www.europesays.com\/es\/wp-json\/wp\/v2\/media\/265622"}],"wp:attachment":[{"href":"https:\/\/www.europesays.com\/es\/wp-json\/wp\/v2\/media?parent=265621"}],"wp:term":[{"taxonomy":"category","embeddable":true,"href":"https:\/\/www.europesays.com\/es\/wp-json\/wp\/v2\/categories?post=265621"},{"taxonomy":"post_tag","embeddable":true,"href":"https:\/\/www.europesays.com\/es\/wp-json\/wp\/v2\/tags?post=265621"}],"curies":[{"name":"wp","href":"https:\/\/api.w.org\/{rel}","templated":true}]}}