{"id":265631,"date":"2025-12-01T15:30:14","date_gmt":"2025-12-01T15:30:14","guid":{"rendered":"https:\/\/www.europesays.com\/es\/265631\/"},"modified":"2025-12-01T15:30:14","modified_gmt":"2025-12-01T15:30:14","slug":"sorteo-de-las-entradas-para-el-real-sociedad-b-sporting-real-sporting","status":"publish","type":"post","link":"https:\/\/www.europesays.com\/es\/265631\/","title":{"rendered":"Sorteo de las entradas para el Real Sociedad B-Sporting | Real Sporting"},"content":{"rendered":"<p class=\"p1\">Una vez completado el proceso, ha habido un total de 1.721 abonados inscritos. Tras el sorteo, los abonados inscritos (en primer lugar) a partir del n\u00famero de abonado 12.094 (hasta completar las 645 localidades disponibles) recibir\u00e1n un correo electr\u00f3nico con toda la informaci\u00f3n.<\/p>\n<p class=\"p1\">En la primera parte del sorteo, los diez n\u00fameros aleatorios seleccionados fueron los siguientes (una vez ordenados de menor a mayor): 1.736, 2.750, 6.821, 11.173, 12.094, 20.141, 21.094, 21.544, 23.819 y 24.950. Del bombo de la segunda parte del sorteo sali\u00f3 el 5, por lo que el n\u00famero elegido fue el 12.094 (el quinto n\u00famero en ordinal del primer sorteo).<\/p>\n<p class=\"p1\">Quedan excluidos del sorteo aquellos &#8216;Abonados Embaxadores&#8217; que se hayan inscrito en la solicitud de entradas al tener prioridad en la adquisici\u00f3n de las mismas, aplic\u00e1ndose el beneficio recogido en el &#8216;Plan +SPORTING&#8217;. Toda la informaci\u00f3n est\u00e1 disponible en <a href=\"https:\/\/www.realsporting.com\/plan-mas-sporting\" rel=\"nofollow noopener\" target=\"_blank\">www.realsporting.com\/plan-mas-sporting<\/a>.\u00a0<\/p>\n<p class=\"p1\">El sorteo se realiz\u00f3 bajo supervisi\u00f3n y fue grabado en su totalidad. Las im\u00e1genes est\u00e1n a disposici\u00f3n de los abonados que as\u00ed lo requieran.<\/p>\n","protected":false},"excerpt":{"rendered":"Una vez completado el proceso, ha habido un total de 1.721 abonados inscritos. Tras el sorteo, los abonados&hellip;\n","protected":false},"author":2,"featured_media":265632,"comment_status":"","ping_status":"","sticky":false,"template":"","format":"standard","meta":{"footnotes":""},"categories":[268],"tags":[168,25,24,280,282,281,23,167],"class_list":{"0":"post-265631","1":"post","2":"type-post","3":"status-publish","4":"format-standard","5":"has-post-thumbnail","7":"category-futbol","8":"tag-deportes","9":"tag-es","10":"tag-espana","11":"tag-football","12":"tag-futbol","13":"tag-soccer","14":"tag-spain","15":"tag-sports"},"share_on_mastodon":{"url":"https:\/\/pubeurope.com\/@es\/115645030481522251","error":""},"_links":{"self":[{"href":"https:\/\/www.europesays.com\/es\/wp-json\/wp\/v2\/posts\/265631","targetHints":{"allow":["GET"]}}],"collection":[{"href":"https:\/\/www.europesays.com\/es\/wp-json\/wp\/v2\/posts"}],"about":[{"href":"https:\/\/www.europesays.com\/es\/wp-json\/wp\/v2\/types\/post"}],"author":[{"embeddable":true,"href":"https:\/\/www.europesays.com\/es\/wp-json\/wp\/v2\/users\/2"}],"replies":[{"embeddable":true,"href":"https:\/\/www.europesays.com\/es\/wp-json\/wp\/v2\/comments?post=265631"}],"version-history":[{"count":0,"href":"https:\/\/www.europesays.com\/es\/wp-json\/wp\/v2\/posts\/265631\/revisions"}],"wp:featuredmedia":[{"embeddable":true,"href":"https:\/\/www.europesays.com\/es\/wp-json\/wp\/v2\/media\/265632"}],"wp:attachment":[{"href":"https:\/\/www.europesays.com\/es\/wp-json\/wp\/v2\/media?parent=265631"}],"wp:term":[{"taxonomy":"category","embeddable":true,"href":"https:\/\/www.europesays.com\/es\/wp-json\/wp\/v2\/categories?post=265631"},{"taxonomy":"post_tag","embeddable":true,"href":"https:\/\/www.europesays.com\/es\/wp-json\/wp\/v2\/tags?post=265631"}],"curies":[{"name":"wp","href":"https:\/\/api.w.org\/{rel}","templated":true}]}}