{"id":265635,"date":"2025-12-01T15:33:13","date_gmt":"2025-12-01T15:33:13","guid":{"rendered":"https:\/\/www.europesays.com\/es\/265635\/"},"modified":"2025-12-01T15:33:13","modified_gmt":"2025-12-01T15:33:13","slug":"nunca-quise-hacer-una-obra-belica-sus-manos-tienen-un-gran-significado","status":"publish","type":"post","link":"https:\/\/www.europesays.com\/es\/265635\/","title":{"rendered":"\u00abNunca quise hacer una obra b\u00e9lica, sus manos tienen un gran significado\u00bb"},"content":{"rendered":"<p style=\"\">La escultura en bronce de Mar\u00eda Pacheco se encuentra ya ubicada sobre el pedestal de granito frente al Alc\u00e1zar. Embalada con pl\u00e1stico, ya se intuye que se trata de<strong> la figura de este personaje hist\u00f3rico de pie<\/strong>, con una mano adelantada y expresiva.<\/p>\n<p class=\"voc-p\" style=\"\">La obra, <strong>del toledano Julio Mart\u00edn de Vidales<\/strong>, se inaugurar\u00e1 este martes a las 12:00 horas gracias al impulso de las Cortes de Castilla-La Mancha, que ha contado con la colaboraci\u00f3n del Ayuntamiento de Toledo.<\/p>\n<p class=\"voc-p\" style=\"\">Como ha avanzado Julio Mart\u00edn de Vidales a ABC, la escultura en bronce responde a a\u00f1os de estudio e investigaci\u00f3n para los que ha contado con los compa\u00f1eros de la <strong>Real Academia de Bellas Artes y Ciencias Hist\u00f3ricas<\/strong> de la ciudad. \u00abHe realizado comparativas entre historiadores para abordar aquella \u00e9poca\u00bb y as\u00ed esgrimir sus propias conclusiones y apuntes.<\/p>\n<p class=\"voc-p\" style=\"\">De manera paralela a la labor de documentaci\u00f3n, como ha explicado el autor, se enfrent\u00f3 al reto de ubicar en el espacio la escultura. \u00abHa sido todo un reto, el principal, con<strong> horas y horas de estudio en la ubicaci\u00f3n para abordar la visi\u00f3n del espacio<\/strong> y acertar con la proporci\u00f3n de la escultura, siempre es lo m\u00e1s complicado\u00ab, explica.<\/p>\n<p>\nEl poder de las manos\n<\/p>\n<p class=\"voc-p\" style=\"\">Sobre el resultado final, el escultor opta por mantener el factor sorpresa, pero s\u00ed indica que ha creado a una Mar\u00eda Pacheco huyendo de la vertiente b\u00e9lica. \u00ab<strong>Nunca quise hacer una escultura b\u00e9lica<\/strong>, menos a\u00fan en estos tiempos que vivimos\u00ab, dice, para a\u00f1adir que la obra que ver\u00e1n desde ma\u00f1ana los toledanos y los visitantes \u00bbes una mujer que naci\u00f3 en La Alhambra, que conoc\u00eda diferentes idiomas. Una mujer educada y de su rango\u00ab.<\/p>\n<p class=\"voc-p\" style=\"\">Asimismo, <strong>Julio Mart\u00edn de Vidales afirma que ha esculpido \u00abla val\u00eda de Mar\u00eda Pacheco<\/strong>, la cara no es bella, es bell\u00edsima, y las manos tienen un significado bueno y muy grande\u00ab, dice, adem\u00e1s de recordar que <strong>con esta escultura ya son tres las obras que llevan su firma en Toledo<\/strong>, y las tres en las ubicaciones de mayor altitud de la capital regional: Garcilaso de la Vega, Juan de Padilla y Mar\u00eda Pacheco.<\/p>\n","protected":false},"excerpt":{"rendered":"La escultura en bronce de Mar\u00eda Pacheco se encuentra ya ubicada sobre el pedestal de granito frente al&hellip;\n","protected":false},"author":2,"featured_media":265636,"comment_status":"","ping_status":"","sticky":false,"template":"","format":"standard","meta":{"footnotes":""},"categories":[173],"tags":[24713,229,233,231,230,232,234,146,147,25,1246,24,3419,14839,1932,5345,65786,57,23,1952],"class_list":{"0":"post-265635","1":"post","2":"type-post","3":"status-publish","4":"format-standard","5":"has-post-thumbnail","7":"category-arte-y-diseno","8":"tag-alcazar","9":"tag-arte","10":"tag-arte-y-diseno","11":"tag-arts","12":"tag-arts-and-design","13":"tag-design","14":"tag-diseno","15":"tag-entertainment","16":"tag-entretenimiento","17":"tag-es","18":"tag-escultura","19":"tag-espana","20":"tag-frente","21":"tag-luce","22":"tag-maria","23":"tag-pacheco","24":"tag-pedestal","25":"tag-sobre","26":"tag-spain","27":"tag-toledo"},"share_on_mastodon":{"url":"","error":""},"_links":{"self":[{"href":"https:\/\/www.europesays.com\/es\/wp-json\/wp\/v2\/posts\/265635","targetHints":{"allow":["GET"]}}],"collection":[{"href":"https:\/\/www.europesays.com\/es\/wp-json\/wp\/v2\/posts"}],"about":[{"href":"https:\/\/www.europesays.com\/es\/wp-json\/wp\/v2\/types\/post"}],"author":[{"embeddable":true,"href":"https:\/\/www.europesays.com\/es\/wp-json\/wp\/v2\/users\/2"}],"replies":[{"embeddable":true,"href":"https:\/\/www.europesays.com\/es\/wp-json\/wp\/v2\/comments?post=265635"}],"version-history":[{"count":0,"href":"https:\/\/www.europesays.com\/es\/wp-json\/wp\/v2\/posts\/265635\/revisions"}],"wp:featuredmedia":[{"embeddable":true,"href":"https:\/\/www.europesays.com\/es\/wp-json\/wp\/v2\/media\/265636"}],"wp:attachment":[{"href":"https:\/\/www.europesays.com\/es\/wp-json\/wp\/v2\/media?parent=265635"}],"wp:term":[{"taxonomy":"category","embeddable":true,"href":"https:\/\/www.europesays.com\/es\/wp-json\/wp\/v2\/categories?post=265635"},{"taxonomy":"post_tag","embeddable":true,"href":"https:\/\/www.europesays.com\/es\/wp-json\/wp\/v2\/tags?post=265635"}],"curies":[{"name":"wp","href":"https:\/\/api.w.org\/{rel}","templated":true}]}}