{"id":265645,"date":"2025-12-01T15:39:08","date_gmt":"2025-12-01T15:39:08","guid":{"rendered":"https:\/\/www.europesays.com\/es\/265645\/"},"modified":"2025-12-01T15:39:08","modified_gmt":"2025-12-01T15:39:08","slug":"cada-ano-se-diagnostican-3-000-nuevos-casos-de-vih-en-espana-500-en-andalucia","status":"publish","type":"post","link":"https:\/\/www.europesays.com\/es\/265645\/","title":{"rendered":"Cada a\u00f1o se diagnostican 3.000 nuevos casos de VIH en Espa\u00f1a, 500 en Andaluc\u00eda"},"content":{"rendered":"<p><strong>El pasado a\u00f1o en Andaluc\u00eda se han diagnosticado 527 nuevos casos de VIH<\/strong>. Aunque el aumento de casos no es preocupante, s\u00ed <strong>es fundamental diagnosticar la infecci\u00f3n desde el primer momento<\/strong>. Este 1 de diciembre, <strong>D\u00eda Mundial del Sida<\/strong>, las asociaciones llaman a la acci\u00f3n y a mantener la financiaci\u00f3n.<\/p>\n<p><strong>La mitad de los diagn\u00f3sticos se realizan de forma tard\u00eda, lo que significa un peor pron\u00f3stico<\/strong>. Las personas no diagnosticadas pueden transmitir el virus sin saberlo, contribuyendo a la propagaci\u00f3n de la infecci\u00f3n.<\/p>\n<p>Hay que insistir en la prevenci\u00f3n y en el r\u00e1pido acceso a las pruebas de detecci\u00f3n, al <strong>diagn\u00f3stico temprano<\/strong> del VIH, como explica<strong> Abelardo Castro, gerente de Adhara asociaci\u00f3n VIH\/SIDA<\/strong>.<\/p>\n<p>El perfil de las personas que contraen VIH ha cambiado desde la pandemia. La <strong>falta de prevenci\u00f3n en las relaciones sexuales<\/strong>, tambi\u00e9n entre heterosexuales, es la principal causa.\u00a0<\/p>\n<p>En opini\u00f3n de Castro, ser\u00eda <strong>importante que las pruebas se pudieran hacer en las farmacias<\/strong>. La tardanza puede matar, insiste.<\/p>\n<p>Actualmente en Espa\u00f1a hay 150.000 personas que viven con VIH.\u00a0<strong> Una mejor calidad asistencial, igual en todos los hospitales<\/strong>, y la aplicaci\u00f3n de los tratamientos innovadores tambi\u00e9n a los enfermos de sida son otras reivindicaciones de este D\u00eda Mundial del Sida 2025.<\/p>\n","protected":false},"excerpt":{"rendered":"El pasado a\u00f1o en Andaluc\u00eda se han diagnosticado 527 nuevos casos de VIH. Aunque el aumento de casos&hellip;\n","protected":false},"author":2,"featured_media":265646,"comment_status":"","ping_status":"","sticky":false,"template":"","format":"standard","meta":{"footnotes":""},"categories":[92],"tags":[65788,65787,25,24,165,166,23],"class_list":{"0":"post-265645","1":"post","2":"type-post","3":"status-publish","4":"format-standard","5":"has-post-thumbnail","7":"category-salud","8":"tag-500-en-andalucia","9":"tag-cada-ano-se-diagnostican-3-000-nuevos-casos-de-vih-en-espana","10":"tag-es","11":"tag-espana","12":"tag-health","13":"tag-salud","14":"tag-spain"},"share_on_mastodon":{"url":"https:\/\/pubeurope.com\/@es\/115645065777186599","error":""},"_links":{"self":[{"href":"https:\/\/www.europesays.com\/es\/wp-json\/wp\/v2\/posts\/265645","targetHints":{"allow":["GET"]}}],"collection":[{"href":"https:\/\/www.europesays.com\/es\/wp-json\/wp\/v2\/posts"}],"about":[{"href":"https:\/\/www.europesays.com\/es\/wp-json\/wp\/v2\/types\/post"}],"author":[{"embeddable":true,"href":"https:\/\/www.europesays.com\/es\/wp-json\/wp\/v2\/users\/2"}],"replies":[{"embeddable":true,"href":"https:\/\/www.europesays.com\/es\/wp-json\/wp\/v2\/comments?post=265645"}],"version-history":[{"count":0,"href":"https:\/\/www.europesays.com\/es\/wp-json\/wp\/v2\/posts\/265645\/revisions"}],"wp:featuredmedia":[{"embeddable":true,"href":"https:\/\/www.europesays.com\/es\/wp-json\/wp\/v2\/media\/265646"}],"wp:attachment":[{"href":"https:\/\/www.europesays.com\/es\/wp-json\/wp\/v2\/media?parent=265645"}],"wp:term":[{"taxonomy":"category","embeddable":true,"href":"https:\/\/www.europesays.com\/es\/wp-json\/wp\/v2\/categories?post=265645"},{"taxonomy":"post_tag","embeddable":true,"href":"https:\/\/www.europesays.com\/es\/wp-json\/wp\/v2\/tags?post=265645"}],"curies":[{"name":"wp","href":"https:\/\/api.w.org\/{rel}","templated":true}]}}