{"id":265655,"date":"2025-12-01T15:44:08","date_gmt":"2025-12-01T15:44:08","guid":{"rendered":"https:\/\/www.europesays.com\/es\/265655\/"},"modified":"2025-12-01T15:44:08","modified_gmt":"2025-12-01T15:44:08","slug":"juan-carlos-i-distribuye-un-video-alabando-la-transicion-tras-quedar-excluido-de-los-actos-publicos-y-antes-de-la-publicacion-de-sus-memorias-en-espana-el-mundo","status":"publish","type":"post","link":"https:\/\/www.europesays.com\/es\/265655\/","title":{"rendered":"Juan Carlos I distribuye un v\u00eddeo alabando la Transici\u00f3n tras quedar excluido de los actos p\u00fablicos y antes de la publicaci\u00f3n de sus memorias en Espa\u00f1a &#8211; El Mundo"},"content":{"rendered":"<ol>\n<li><a href=\"https:\/\/news.google.com\/rss\/articles\/CBMiekFVX3lxTE1vVWFDSTYxOTBtSGdQTWVabGZEeUN4MVBaYkZFLU1CTENqdVBHSlZ2ZnAtczlacGZLbFh1NTJvZGhkUmVUOHpPcGo4eFRsd3RrMm05UE54QnNaaWE1OFhObEc0MUtYSS1SWFF5cFBUU1RweXBpY1FEOFZR0gF6QVVfeXFMUEVvVlQwS0UyOGtXT25fZFV6NlR5M0hSdUdlOThNOGhPWU5GODM4TjZwMElwd21rSlZmc1pHYjBCOGFybXJlNWxQcG95MERhdnN3T2lvX1BKenl5Y0FlclhFdEVic252QndIVW1Ya0xRclRVODVVQ0JWVHc?oc=5\" target=\"_blank\" rel=\"nofollow noopener\">Juan Carlos I distribuye un v\u00eddeo alabando la Transici\u00f3n tras quedar excluido de los actos p\u00fablicos y antes de la publicaci\u00f3n de sus memorias en Espa\u00f1a<\/a>&nbsp;&nbsp;El Mundo<\/li>\n<li><a href=\"https:\/\/news.google.com\/rss\/articles\/CBMi9gFBVV95cUxPZFhFTHZmTEliN3pIc0w4TGd2MWhleXlWMW9RNlJBS0dlN2xTd0JDNXJRN0FYbDE2dmVEYzltQ3BSa3d2dTdWX1VRY0Q2dDdUYVY2VC0wMWgtZExPNFg5Slc0X2VPeklaU09qWkkzWFpNVFlaWW5nUk5IS082MGp0d3Y4UVphSW01Zi11Uk5CdUFMUEFCR3NDR2JUNEhTbWZnVlNvNFNyXzV4Z0FoS3U1d2ltVUJTZ09BM1FJM2lvYmFWRGNScDlkNk1KMGNiQl84NUt1bmdfZmYtWTZlYkllVWNOX2NJRndKNVhvY0xyME1GSXE1ZEE?oc=5\" target=\"_blank\" rel=\"nofollow noopener\">Juan Carlos I graba un v\u00eddeo en el que pide a los j\u00f3venes que apoyen a Felipe VI en el \u201cduro trabajo de unir a los espa\u00f1oles\u201d<\/a>&nbsp;&nbsp;EL PA\u00cdS<\/li>\n<li><a href=\"https:\/\/news.google.com\/rss\/articles\/CBMi4wFBVV95cUxNaVdQMjFPTjM3UndaNGtoazV5bW9CZFZQN3Q2bVFVaGx3ZXRFR0lsRUpLWWdCVFM1aDJfdGVGY0IwckFNTHI5Zl9MZXYwdFFlenlyUFFrczNpZWJZeEpVeVdSd2tXV2hfY2kzc1Y4S0hUN1RYdDBybDltMnMzM2syWlRaNnA4QWxwZkkwRXUyMy1DOWlUSUx3U0ZTVUVZLUNRYzdPdTU1cE1XeHZtNlJEUjNQUjhJTEhIMmZsVlhvdGFGa0tndGpBUFI0cUxmV2Iwa0J1SlJWcWROTHVQUktBRm5vMA?oc=5\" target=\"_blank\" rel=\"nofollow noopener\">Juan Carlos I alaba la Transici\u00f3n y pide apoyo para Felipe VI en un v\u00eddeo tras ser apartado del 50 aniversario de la Monarqu\u00eda<\/a>&nbsp;&nbsp;El Espa\u00f1ol<\/li>\n<li><a href=\"https:\/\/news.google.com\/rss\/articles\/CBMi4gFBVV95cUxNWXJOdmZqMnJGa0o0dGlkRS1VZGlTOTA0SnJVTWFXSHB4SE93cXFiMzNhaGo5ajlYdG0xbV9mY2JzNjB5cGJ5eTFpazI3NTRpU2M1N0dwSGw4SVZsN1J4dFRhaTY1aFljZ2NnWjA1ZERTMV9LTkpXUFQyeEp0U3dadHdtSzdkT0IzWjNQUUFaM0tuV3M1QUhNS21mTlE3UkFRUzVIc2pOdmgtN2lNY1VySHg4Qm15MU9OTDJfaVp4cVRxU19qWEJnWlV0Y0xRWXZOdk1IQWxYZ3hfMWdYanJfTEx30gHiAUFVX3lxTFAtVkdtMWJjMm9BbEpUTzZLbUlackNNTm82cDItQTdWLTZPbmRBV0VkYWU1dGJqVzE5N1lTdDZPVHU5dDgzQzhjNUFTa1BfVmh4NzdDRGlOLXo5TmU0dm5aRnNpM0xRTm53NjJjZndvc3JFTG1OUW1FYVlJVnJ2NjhrMXpSZFZ3MG9SenpQTnJkcW9TWk5RUnRJalcyclBxOE1vbUNmSGpUZS1aRmp1X1otR1JTQm9NSFV5a3BjRHJqV280UHd4ZUtGbThXOElxNzVYSHowLUstbkJfMy15Q2hPbHc?oc=5\" target=\"_blank\" rel=\"nofollow noopener\">El mensaje de Juan Carlos I antes de publicar su libro autobiogr\u00e1fico en Espa\u00f1a: \u00abOs pido que apoy\u00e9is a mi hijo el Rey Felipe\u00bb<\/a>&nbsp;&nbsp;MARCA<\/li>\n<li><a href=\"https:\/\/news.google.com\/rss\/articles\/CBMi1wFBVV95cUxOWi1CRlk5aUhmV0pjNzB6T3NYbUVqVndCVmdCSW9VeFRlUGtEOWZOQS12eUM0SUQ5UVBCM1NZdUgyWDRFd3RBbXVreElBbXhfeEVicEZ6N0E0YXN1WTI1Z0F3MWdVbFloWVdYSHFSTGJtVTQ0WnJ6Y0lhUjQ3QXlKazJCZXhUcjlDZ2d3RDNhZVM4MmhBaTlBRU1rSEg2RGtQX01qMWZvR1RJWEhBVEZ0RGZUVTNKeDBqcTZWa1oxb2U1cm5NREFScThWTTNFcFZPNmI0SFdyTQ?oc=5\" target=\"_blank\" rel=\"nofollow noopener\">Juan Carlos I lanza su mensaje de Navidad: se defiende y pide apoyo de los \u00abj\u00f3venes\u00bb a su hijo Felipe VI en su \u00abduro trabajo\u00bb<\/a>&nbsp;&nbsp;elDiario.es<\/li>\n<\/ol>\n","protected":false},"excerpt":{"rendered":"Juan Carlos I distribuye un v\u00eddeo alabando la Transici\u00f3n tras quedar excluido de los actos p\u00fablicos y antes&hellip;\n","protected":false},"author":2,"featured_media":265656,"comment_status":"","ping_status":"","sticky":false,"template":"","format":"standard","meta":{"footnotes":""},"categories":[8],"tags":[17,18,25,24,13,14,11,19,20,9,10,15,16,23,12,21,22],"class_list":{"0":"post-265655","1":"post","2":"type-post","3":"status-publish","4":"format-standard","5":"has-post-thumbnail","7":"category-espana","8":"tag-breaking-news","9":"tag-breakingnews","10":"tag-es","11":"tag-espana","12":"tag-featured-news","13":"tag-featurednews","14":"tag-headlines","15":"tag-latest-news","16":"tag-latestnews","17":"tag-news","18":"tag-noticias","19":"tag-noticias-destacadas","20":"tag-noticiasdestacadas","21":"tag-spain","22":"tag-titulares","23":"tag-ultimas-noticias","24":"tag-ultimasnoticias"},"share_on_mastodon":{"url":"https:\/\/pubeurope.com\/@es\/115645085512178413","error":""},"_links":{"self":[{"href":"https:\/\/www.europesays.com\/es\/wp-json\/wp\/v2\/posts\/265655","targetHints":{"allow":["GET"]}}],"collection":[{"href":"https:\/\/www.europesays.com\/es\/wp-json\/wp\/v2\/posts"}],"about":[{"href":"https:\/\/www.europesays.com\/es\/wp-json\/wp\/v2\/types\/post"}],"author":[{"embeddable":true,"href":"https:\/\/www.europesays.com\/es\/wp-json\/wp\/v2\/users\/2"}],"replies":[{"embeddable":true,"href":"https:\/\/www.europesays.com\/es\/wp-json\/wp\/v2\/comments?post=265655"}],"version-history":[{"count":0,"href":"https:\/\/www.europesays.com\/es\/wp-json\/wp\/v2\/posts\/265655\/revisions"}],"wp:featuredmedia":[{"embeddable":true,"href":"https:\/\/www.europesays.com\/es\/wp-json\/wp\/v2\/media\/265656"}],"wp:attachment":[{"href":"https:\/\/www.europesays.com\/es\/wp-json\/wp\/v2\/media?parent=265655"}],"wp:term":[{"taxonomy":"category","embeddable":true,"href":"https:\/\/www.europesays.com\/es\/wp-json\/wp\/v2\/categories?post=265655"},{"taxonomy":"post_tag","embeddable":true,"href":"https:\/\/www.europesays.com\/es\/wp-json\/wp\/v2\/tags?post=265655"}],"curies":[{"name":"wp","href":"https:\/\/api.w.org\/{rel}","templated":true}]}}