{"id":265695,"date":"2025-12-01T16:14:13","date_gmt":"2025-12-01T16:14:13","guid":{"rendered":"https:\/\/www.europesays.com\/es\/265695\/"},"modified":"2025-12-01T16:14:13","modified_gmt":"2025-12-01T16:14:13","slug":"ciclobreves-espana-diciembre-2025-ciclo21","status":"publish","type":"post","link":"https:\/\/www.europesays.com\/es\/265695\/","title":{"rendered":"Ciclobreves Espa\u00f1a diciembre 2025 &#8211; Ciclo21"},"content":{"rendered":"<p><a href=\"https:\/\/www.ciclo21.com\/ciclobreves-internacionales-diciembre-2024\/\" target=\"_blank\" rel=\"noopener nofollow\"><strong>Ciclobreves 2024<\/strong><\/a> \/ <a href=\"https:\/\/www.ciclo21.com\/ciclobreves-espana-enero-2025\/\" target=\"_blank\" rel=\"noopener nofollow\"><strong>Enero<\/strong><\/a> \/ <a href=\"https:\/\/www.ciclo21.com\/ciclobreves-espana-2025-28feb\/\" target=\"_blank\" rel=\"noopener nofollow\"><strong>Febrero<\/strong><\/a> \/ <a href=\"https:\/\/www.ciclo21.com\/ciclobreves-espana-marzo-2025\/\" target=\"_blank\" rel=\"noopener nofollow\"><strong>Marzo <\/strong><\/a><strong>\/ <a href=\"https:\/\/www.ciclo21.com\/ciclobreves-espana-abril-2025-30ab\/\" target=\"_blank\" rel=\"noopener nofollow\">Abril<\/a> \/ <a href=\"https:\/\/www.ciclo21.com\/ciclobreves-espana-mayo-2025-29\/\" target=\"_blank\" rel=\"noopener nofollow\">Mayo<\/a> \/ <a href=\"https:\/\/www.ciclo21.com\/ciclobreves-espana-junio-2025-30jun\/\" target=\"_blank\" rel=\"noopener nofollow\">Junio<\/a> \/ <a href=\"https:\/\/www.ciclo21.com\/ciclobreves-espana-julio-2025-21jul\/\" target=\"_blank\" rel=\"noopener nofollow\">Julio<\/a> \/ <a href=\"https:\/\/www.ciclo21.com\/ciclobreves-espana-agosto-2025-28\/\" target=\"_blank\" rel=\"noopener nofollow\">Agosto<\/a> \/ <a href=\"https:\/\/www.ciclo21.com\/ciclobreves-espana-septiembre-2025-29sep\/\" target=\"_blank\" rel=\"noopener nofollow\">Septiembre<\/a> \/ <a href=\"https:\/\/www.ciclo21.com\/ciclobreves-espana-octubre-2025-30oct\/\" target=\"_blank\" rel=\"noopener nofollow\">Octubre<\/a> \/ <a href=\"https:\/\/www.ciclo21.com\/ciclobreves-espana-noviembre-2025-28nov\/\" target=\"_blank\" rel=\"noopener nofollow\">Noviembre<\/a><\/strong><\/p>\n<p style=\"text-align: justify;\"><strong>1 diciembre<\/strong>. <strong>Isaac Su\u00e1rez y Ruth Moll se proclamaron campeones del mundo de ciclocross en categor\u00eda m\u00e1ster<\/strong> en la prueba disputada este fin de semana <strong>en Varese (Italia)<\/strong>. El c\u00e1ntabro se hizo con la victoria en la categor\u00eda de <strong>40 a 45 a\u00f1os<\/strong> y la menorquina venci\u00f3 en la prueba de <strong>50 a 54 a\u00f1os<\/strong>. Por parte espa\u00f1ola, se quedaron <strong>cerca de las medallas<\/strong> Jordi Re\u00f1\u00e9 (4\u00ba en 50-54), Felisa Ares (4\u00aa en 45-49), Deborah S\u00e1nchez (5\u00aa en 35-39), Raquel Monta\u00f1\u00e9s (5\u00aa en 55-59), Daniel P\u00e9rez (6\u00ba en 35-39), Bernat Pou (6\u00ba en 45-49), Marco Antonio Prieto (6\u00ba en 50-54) o Marcial Rodr\u00edguez (7\u00ba en 60-64).<\/p>\n<p style=\"text-align: justify;\"><strong>En el resto de categor\u00edas, los vencedores<\/strong> fueron Sascha Starker y Anna Oberparleiter (35-39), Kenny Roelandt y Dana Wagner (40-44), Elodie Touffet (45-49), Massimo Folcarelli (50-54), Danny Sleeckx y Cordula Biermann (55-59), Ron Veeke y Corinne Pillot (60-64), Jos Bogaerts y Sharon Heap (65-69), Giovanni Parro y Linda Elgart (70-74), Klaus-Peter Thaler (75-79), Victor Barnett (80+) y la selecci\u00f3n de Estonia (relevo mixto)<\/p>\n<p><a href=\"https:\/\/www.europesays.com\/es\/wp-content\/uploads\/2025\/12\/Isaac-Suarez.jpg\" target=\"_blank\" rel=\"noopener\"><img fetchpriority=\"high\" decoding=\"async\" aria-describedby=\"caption-attachment-453761\" class=\"wp-image-453761 lazy\" src=\"data:image\/svg+xml,%3Csvg%20xmlns=\" http:=\"\" data-src=\"https:\/\/www.europesays.com\/es\/wp-content\/uploads\/2025\/12\/Isaac-Suarez.jpg\" alt=\"\" width=\"646\" height=\"857\" data- data-\/><\/a><\/p>\n<p id=\"caption-attachment-453761\" class=\"wp-caption-text\">Isaac Su\u00e1rez, campe\u00f3n del mundo en Varese<\/p>\n<p style=\"text-align: justify;\"><strong>1 diciembre<\/strong>.\u00a0<strong>Marco Mart\u00edn no continuar\u00e1 en 2026 en el equipo filial del Red Bull-BORA y se recalificar\u00e1 como amateur con el Fundaci\u00f3n Euskadi<\/strong>. El bilba\u00edno de 19 a\u00f1os dio el salto al pelot\u00f3n UCI en 2025, pero su paso por la estructura alemana ha sido m\u00e1s breve de lo esperado. Tras una buena temporada 2024 como junior, en la que gan\u00f3 una etapa de la Gipuzkoa Klasika, afront\u00f3 un importante reto en uno de los mejores conjuntos filiales de categor\u00eda UCI Continental. Su mejor actuaci\u00f3n tuvo lugar <strong>en la Cl\u00e1sica Porec (1.2 UCI) en Croacia, donde acab\u00f3 octavo<\/strong>. Pudo disputar importantes carreras en Italia, B\u00e9lgica o Ruman\u00eda y lleg\u00f3 a correr con el primer equipo en la Challenge de Mallorca o el GP del Cant\u00f3n de Argovia. Sin embargo, el <strong>Red Bull decidi\u00f3 no renovar su contrato<\/strong> y ahora ha encontrado una nueva oportunidad con el Fundaci\u00f3n Euskadi, <strong>regresando al calendario sub-23 espa\u00f1ol en 2026<\/strong>.<\/p>\n<p style=\"text-align: justify;\"><strong>1 diciembre<\/strong>. <strong>Unai Esparza no seguir\u00e1 corriendo en 2026<\/strong>. El navarro de 25 a\u00f1os ha decidido <strong>colgar la bicicleta tras dos temporadas<\/strong> compitiendo en las filas del <strong>Illes Balears Arabay<\/strong>. Esparza se form\u00f3 en el <strong>equipo Lizarte<\/strong> y el Grupo Eulen-Nuuk y debut\u00f3 como profesional en 2023, corriendo la Volta a Portugal con el BAI \u2013 Sicasal \u2013 Petro de Luanda, aunque su salto a la categor\u00eda Continental tuvo lugar en 2024 con el equipo balear. Su actuaci\u00f3n m\u00e1s destacada tuvo lugar este a\u00f1o tambi\u00e9n en la Volta a Portugal, donde logr\u00f3 terminar noveno en la etapa con final en Santar\u00e9m. \u00abCada cap\u00edtulo que se acaba quiere decir que es comienzo a otro. Me despido del ciclismo de alta competici\u00f3n. <strong>El sue\u00f1o de toda mi vida. Feliz de haberlo logrado<\/strong> no me quedan m\u00e1s que palabras de agradecimiento a toda la gente que me ha acompa\u00f1ado en este viaje. Una mochila que me deja grandes amigos, lugares, y un mont\u00f3n de experiencias. <strong>En este nuevo cap\u00edtulo no faltar\u00e1 el ciclismo<\/strong>, os lo puedo garantizar\u00bb, relata Esparza junto al siguiente v\u00eddeo de despedida.<\/p>\n<blockquote class=\"instagram-media\" style=\"background: #FFF; border: 0; border-radius: 3px; box-shadow: 0 0 1px 0 rgba(0,0,0,0.5),0 1px 10px 0 rgba(0,0,0,0.15); margin: 1px; max-width: 540px; min-width: 326px; padding: 0; width: calc(100% - 2px);\" data-instgrm-captioned=\"\" data-instgrm-permalink=\"https:\/\/www.instagram.com\/reel\/DRsUdCSDQRi\/?utm_source=ig_embed&amp;utm_campaign=loading\" data-instgrm-version=\"14\"\/>\n<p style=\"text-align: justify;\"><strong>1 diciembre<\/strong>. <strong>Thomas Silva no seguir\u00e1 en el Caja Rural la pr\u00f3xima temporada<\/strong>. El propio equipo navarro ha anunciado hoy la salida de una de sus principales figuras, <strong>rumbo presumiblemente a un UCI WorldTeam<\/strong>. El vigente campe\u00f3n nacional uruguayo en ruta tambi\u00e9n gan\u00f3 este a\u00f1o sendas etapas en el <a href=\"https:\/\/www.ciclo21.com\/1a-gp-beiras-2025-thomas-silva\/\" target=\"_blank\" rel=\"noopener nofollow\"><strong>GP Beiras e Serra da Estrela<\/strong><\/a> y el <a href=\"https:\/\/www.ciclo21.com\/2a-tour-qinghai-2025-silva\/\" target=\"_blank\" rel=\"noopener nofollow\"><strong>Tour of Magnificent Qinghai<\/strong><\/a>, donde acab\u00f3 segundo en la general. Este a\u00f1o ha sumado m\u00e1s de 900 puntos UCI al acabar cuarto en el GP Miguel Indurain, la contrarreloj del Campeonato Panamericano y el GP de Morbihan, sexto en los Boucles de l\u2019Aulne y la Cl\u00e0ssica Camp de Morvedre y octavo en la Flecha Brabante. <strong>Tampoco continuar\u00e1n en el equipo el estadounidense Tyler Stites y el checo Daniel Babor<\/strong>, cuyo futuro se desconoce. Estas tres salidas se unen a las ya conocidas de Abner Gonz\u00e1lez rumbo al Illes Balears y Calum Johnston, que correr\u00e1 en el Li Ning Star.<\/p>\n<p><script async src=\"\/\/www.instagram.com\/embed.js\"><\/script><\/p>\n","protected":false},"excerpt":{"rendered":"Ciclobreves 2024 \/ Enero \/ Febrero \/ Marzo \/ Abril \/ Mayo \/ Junio \/ Julio \/ Agosto&hellip;\n","protected":false},"author":2,"featured_media":265696,"comment_status":"","ping_status":"","sticky":false,"template":"","format":"standard","meta":{"footnotes":""},"categories":[273],"tags":[313,11935,312,168,25,24,23,167],"class_list":{"0":"post-265695","1":"post","2":"type-post","3":"status-publish","4":"format-standard","5":"has-post-thumbnail","7":"category-ciclismo","8":"tag-ciclismo","9":"tag-ciclobreves","10":"tag-cycling","11":"tag-deportes","12":"tag-es","13":"tag-espana","14":"tag-spain","15":"tag-sports"},"share_on_mastodon":{"url":"https:\/\/pubeurope.com\/@es\/115645203330662563","error":""},"_links":{"self":[{"href":"https:\/\/www.europesays.com\/es\/wp-json\/wp\/v2\/posts\/265695","targetHints":{"allow":["GET"]}}],"collection":[{"href":"https:\/\/www.europesays.com\/es\/wp-json\/wp\/v2\/posts"}],"about":[{"href":"https:\/\/www.europesays.com\/es\/wp-json\/wp\/v2\/types\/post"}],"author":[{"embeddable":true,"href":"https:\/\/www.europesays.com\/es\/wp-json\/wp\/v2\/users\/2"}],"replies":[{"embeddable":true,"href":"https:\/\/www.europesays.com\/es\/wp-json\/wp\/v2\/comments?post=265695"}],"version-history":[{"count":0,"href":"https:\/\/www.europesays.com\/es\/wp-json\/wp\/v2\/posts\/265695\/revisions"}],"wp:featuredmedia":[{"embeddable":true,"href":"https:\/\/www.europesays.com\/es\/wp-json\/wp\/v2\/media\/265696"}],"wp:attachment":[{"href":"https:\/\/www.europesays.com\/es\/wp-json\/wp\/v2\/media?parent=265695"}],"wp:term":[{"taxonomy":"category","embeddable":true,"href":"https:\/\/www.europesays.com\/es\/wp-json\/wp\/v2\/categories?post=265695"},{"taxonomy":"post_tag","embeddable":true,"href":"https:\/\/www.europesays.com\/es\/wp-json\/wp\/v2\/tags?post=265695"}],"curies":[{"name":"wp","href":"https:\/\/api.w.org\/{rel}","templated":true}]}}