{"id":265699,"date":"2025-12-01T16:17:10","date_gmt":"2025-12-01T16:17:10","guid":{"rendered":"https:\/\/www.europesays.com\/es\/265699\/"},"modified":"2025-12-01T16:17:10","modified_gmt":"2025-12-01T16:17:10","slug":"del-debut-a-superar-sus-minutos-del-ano-pasado","status":"publish","type":"post","link":"https:\/\/www.europesays.com\/es\/265699\/","title":{"rendered":"del debut a superar sus minutos del a\u00f1o pasado"},"content":{"rendered":"<p data-start=\"87\" data-end=\"471\">Charlie Pati\u00f1o <strong>regres\u00f3 al once inicial del Deportivo siete jornadas despu\u00e9s<\/strong>, recuperando una titularidad de la que no disfrutaba desde el empate ante el Almer\u00eda en Riazor. Su aparici\u00f3n se vio propiciada por el proceso v\u00edrico que dej\u00f3 fuera de la alineaci\u00f3n a Diego Villares, y el ingl\u00e9s aprovech\u00f3 la oportunidad tras haber disputado apenas 16 minutos en las \u00faltimas seis jornadas.<\/p>\n<p data-start=\"473\" data-end=\"866\"><strong>El Carlos Belmonte<\/strong>, escenario de su reaparici\u00f3n, <strong>no era un campo cualquiera <\/strong>para \u00e9l. <strong>All\u00ed debut\u00f3<\/strong> oficialmente con la blanquiazul la temporada pasada, cuando Imanol Idiakez le dio entrada en un partido que ya estaba muy encarrilado, con un 2\u20135 en el marcador y solo diez minutos por jugar. Esta vez, Pati\u00f1o volvi\u00f3 a tierras manchegas con un rol muy distinto. Disput\u00f3 68 minutos y <strong>ya supera la barrera de los 293 que acumul\u00f3 en toda la campa\u00f1a anterior<\/strong>.<\/p>\n<p data-start=\"868\" data-end=\"1348\">Antonio Hidalgo apost\u00f3 por un plan de control y posesi\u00f3n para neutralizar a un Albacete al que le gusta convertir los partidos en un correcalles. En ese contexto, <strong>la figura de Pati\u00f1o fue determinante para los intereses de los herculinos<\/strong>. <strong>Actu\u00f3 como \u20188\u2019<\/strong>, tal y como hab\u00eda anticipado su entrenador que pod\u00eda hacer, acompa\u00f1ado por un mediocentro m\u00e1s defensivo como es Jos\u00e9 \u00c1ngel. Esta estructura le otorg\u00f3<strong> mayor libertad para moverse<\/strong>, <strong>caer al sector izquierdo y conectar con Yeremay y Mario Soriano<\/strong> en zonas donde el D\u00e9por empezaba a crear f\u00fatbol, aprovechando la profundidad por banda con Giacomo Quagliata.<\/p>\n<p data-start=\"1350\" data-end=\"1648\">El ingl\u00e9s fue de menos a m\u00e1s, aport\u00f3 criterio con bal\u00f3n y entendi\u00f3 cu\u00e1l era el guion de partido que favorec\u00eda a su equipo. <strong>Complet\u00f3 63 pases con un 95% de acierto<\/strong>, la mitad de ellos en campo contrario.<\/p>\n<p><img fetchpriority=\"high\" decoding=\"async\" class=\" wp-image-294355\" src=\"https:\/\/www.europesays.com\/es\/wp-content\/uploads\/2025\/12\/WhatsApp-Image-2025-12-01-at-11.37.55.jpeg\" alt=\"\" width=\"539\" height=\"340\"  \/>Todos los pases de Charlie Pati\u00f1o contra el Albacete<\/p>\n<p>Otra oportunidad en la Nova Creu Alta<\/p>\n<p data-start=\"1650\" data-end=\"1999\" data-is-last-node=\"\" data-is-only-node=\"\">El ingl\u00e9s encara una semana en la que apunta a contar de nuevo con mucho protagonismo. Al igual que en la primera ronda, el mediocampista cuenta con <strong>muchas opciones de ser titular en el partido de Copa del Rey ante el Sabadell<\/strong>, este jueves a las 19:00 horas. Otra oportunidad de para un futbolista que busca\u00a0 encontrar la regularidad que hab\u00eda perdido en los \u00faltimos meses de competici\u00f3n.<\/p>\n","protected":false},"excerpt":{"rendered":"Charlie Pati\u00f1o regres\u00f3 al once inicial del Deportivo siete jornadas despu\u00e9s, recuperando una titularidad de la que no&hellip;\n","protected":false},"author":2,"featured_media":265700,"comment_status":"","ping_status":"","sticky":false,"template":"","format":"standard","meta":{"footnotes":""},"categories":[268],"tags":[168,25,24,280,282,281,23,167],"class_list":{"0":"post-265699","1":"post","2":"type-post","3":"status-publish","4":"format-standard","5":"has-post-thumbnail","7":"category-futbol","8":"tag-deportes","9":"tag-es","10":"tag-espana","11":"tag-football","12":"tag-futbol","13":"tag-soccer","14":"tag-spain","15":"tag-sports"},"share_on_mastodon":{"url":"https:\/\/pubeurope.com\/@es\/115645215565776072","error":""},"_links":{"self":[{"href":"https:\/\/www.europesays.com\/es\/wp-json\/wp\/v2\/posts\/265699","targetHints":{"allow":["GET"]}}],"collection":[{"href":"https:\/\/www.europesays.com\/es\/wp-json\/wp\/v2\/posts"}],"about":[{"href":"https:\/\/www.europesays.com\/es\/wp-json\/wp\/v2\/types\/post"}],"author":[{"embeddable":true,"href":"https:\/\/www.europesays.com\/es\/wp-json\/wp\/v2\/users\/2"}],"replies":[{"embeddable":true,"href":"https:\/\/www.europesays.com\/es\/wp-json\/wp\/v2\/comments?post=265699"}],"version-history":[{"count":0,"href":"https:\/\/www.europesays.com\/es\/wp-json\/wp\/v2\/posts\/265699\/revisions"}],"wp:featuredmedia":[{"embeddable":true,"href":"https:\/\/www.europesays.com\/es\/wp-json\/wp\/v2\/media\/265700"}],"wp:attachment":[{"href":"https:\/\/www.europesays.com\/es\/wp-json\/wp\/v2\/media?parent=265699"}],"wp:term":[{"taxonomy":"category","embeddable":true,"href":"https:\/\/www.europesays.com\/es\/wp-json\/wp\/v2\/categories?post=265699"},{"taxonomy":"post_tag","embeddable":true,"href":"https:\/\/www.europesays.com\/es\/wp-json\/wp\/v2\/tags?post=265699"}],"curies":[{"name":"wp","href":"https:\/\/api.w.org\/{rel}","templated":true}]}}