{"id":265714,"date":"2025-12-01T16:26:10","date_gmt":"2025-12-01T16:26:10","guid":{"rendered":"https:\/\/www.europesays.com\/es\/265714\/"},"modified":"2025-12-01T16:26:10","modified_gmt":"2025-12-01T16:26:10","slug":"lydia-lozano-rompe-a-llorar-en-plena-calle-al-ser-preguntada-por-el-estado-critico-de-su-marido-tras-una-operacion-la-lucha-continua-el-mundo","status":"publish","type":"post","link":"https:\/\/www.europesays.com\/es\/265714\/","title":{"rendered":"Lydia Lozano rompe a llorar en plena calle al ser preguntada por el estado cr\u00edtico de su marido tras una operaci\u00f3n: &quot;La lucha contin\u00faa&quot; &#8211; El Mundo"},"content":{"rendered":"<ol>\n<li><a href=\"https:\/\/news.google.com\/rss\/articles\/CBMigAFBVV95cUxQdFhFY1RXdksya3ZuTjc3eTVFN2RyekliNDgwZXhrM2s1Y1dvWjhPcE44bHVsOFBJZ2Q1T2NzNnZhRW1KVXlLRHJZam9HZG83Z01KQk9ta0gxZWx3NEZHbTdrSy0wMHRVdlpFandhRm9ONlRIZDFOR1ZDeG5ZMTZRbdIBgAFBVV95cUxQY1dQR1ZGUGhOVE1YZjVmeS1IOFhSOTZ0T0thMmwyN3hHZWFBUkRfZVphdkZVUk5xelN0cENxWFJEREo3Y2RXOWw0NWV4eEMyRWRjeWF4MU5GSXZ6cTU5eUZ5ckU2Yy0wYllJb1ZwNW13cWwtcUpHeDZVWkI0cGZ5Zw?oc=5\" target=\"_blank\" rel=\"nofollow noopener\">Lydia Lozano rompe a llorar en plena calle al ser preguntada por el estado cr\u00edtico de su marido tras una operaci\u00f3n: \u00abLa lucha contin\u00faa\u00bb<\/a>&nbsp;&nbsp;El Mundo<\/li>\n<li><a href=\"https:\/\/news.google.com\/rss\/articles\/CBMiogFBVV95cUxOc2FUMjdmTTdyRHNwcF83TkNOMjVDSVN0YUxKb25FMVp0ZDhPUE5Hb19RdWJHVGJkdFlnQ192MUZnMExidHJtaEd0UG1fMkZlb1daQXZxYUV0Qm1zT0s3T3hIcUthYmJzdTVzQWxTeFhRYmJmbjZXM0xNR1E3aE5iWWZ1a1VkOXNqVVRCc09vRk1aOFVQbFdnRnBlV3dJc3JBTGc?oc=5\" target=\"_blank\" rel=\"nofollow noopener\">M\u00e1xima preocupaci\u00f3n por la salud de Charly, marido de Lydia Lozano<\/a>&nbsp;&nbsp;ABC<\/li>\n<li><a href=\"https:\/\/news.google.com\/rss\/articles\/CBMiqwFBVV95cUxPRnM2S1JwSVdQd0l2NjRBM21NSVd6RkE4OG1rdG1SbHdsVmZFam1HY3pEYmNmT1JZYUtpN2ZNWEVIUlFPd3RJZFhkczFaUnY4RUVaSEZFYU9zbGdQMUgzSE1XWHlUb3pJSTEteHZWZWpINWtzaW40Q3pYQUYyeFVuTTRHbURfb3ZMSFVwWGlsQWF1S0IyQWxaS3lRaHdXTmZONWtJT0JWbTZDeFnSAbABQVVfeXFMTnhtRFdBN2QySXljeE9ydTV5WnhEbmFJbkxZTzR6ZUZIZHJhZ2ZkRkJ5alVXeVBDMjVJbF9nTE5NdFNBQlZEUk4zS3BjbzNzODdPakREVkJBUDJPeFNPQURBY2dPNm0yWHBmWUJGMUFrVUlMUVVtWmtXbU41VUtuSFc5QjZNQ2NBMXY1RV9udnNFeVJZSHZDVFlMVktZS3pLSG1IVE9PM3cwMHFTb3VYd3Q?oc=5\" target=\"_blank\" rel=\"nofollow noopener\">\u00daltima hora sobre la salud de Charly tras la ausencia de Lydia Lozano en \u2018De Viernes\u2019: \u00abEs muy &#8230;<\/a>&nbsp;&nbsp;OkDiario<\/li>\n<li><a href=\"https:\/\/news.google.com\/rss\/articles\/CBMiggJBVV95cUxPQUxlVTFSa2MySEZVQ2NicVZfd21oLTlGbXlpbnFfajFmSVNCV2FEaVpfWlFoUmFab3RfcFloNEVZTHBrZ2s4VncwMjNXa3hqTXlRNGluSzJYSXdPZmZ4angzTjQ0T0EtTTRUYVBvcXk5cXFjcm9NbUpXeTdidndvdDRaNTh3cXlWb1NTLXFibWRLSXByX0EtQ0dseExqRnUyZVFJZDJiYmpsSDZ5T1JWaFNYazMySHlkNnk3Q2VYS2VpUm0yZEhSMDVuWGViMHhxamZrNDBqUHc4LVlILVFDNmQ4bU5Tb1pqTEluSGpVRzYxVnprbWNmQjh0YTNoQ28xdGc?oc=5\" target=\"_blank\" rel=\"nofollow noopener\">Joaqu\u00edn Prat preocupa con su mensaje a Lydia Lozano: \u00abEnviamos toda la solidaridad y toda la empat\u00eda a nuestra compa\u00f1era y a su marido Charly\u00bb<\/a>&nbsp;&nbsp;Lecturas<\/li>\n<li><a href=\"https:\/\/news.google.com\/rss\/articles\/CBMiuAFBVV95cUxQcjdvZExFNTVwS0xxT0s4NGdSdEZJMy1ORWoyaG90Q0gya2RBQ2VfamxJbVJZNnQtR2RSd3NjeHNzM3NXV3lZbVdYbWZvdmRKNDkweXVIRFhjX0pXZE85N0trRm5qSDctNUtsNjR1Z2FidEJUYmFuMm92WlgwamNZQ1l4OFBZSzdaZGo0UFB6anpBOERTdFZ1UG4tT082VWt0WGJXZkhxb0tXcEowOXE3Y0UxeklDTGVt?oc=5\" target=\"_blank\" rel=\"nofollow noopener\">Lydia Lozano no puede evitar las l\u00e1grimas al hablar del estado de salud de Charly<\/a>&nbsp;&nbsp;El Norte de Castilla<\/li>\n<\/ol>\n","protected":false},"excerpt":{"rendered":"Lydia Lozano rompe a llorar en plena calle al ser preguntada por el estado cr\u00edtico de su marido&hellip;\n","protected":false},"author":2,"featured_media":265715,"comment_status":"","ping_status":"","sticky":false,"template":"","format":"standard","meta":{"footnotes":""},"categories":[91],"tags":[146,147,25,24,721,720,25511,23],"class_list":{"0":"post-265714","1":"post","2":"type-post","3":"status-publish","4":"format-standard","5":"has-post-thumbnail","7":"category-entretenimiento","8":"tag-entertainment","9":"tag-entretenimiento","10":"tag-es","11":"tag-espana","12":"tag-loc","13":"tag-loc-famosos","14":"tag-lydia-lozano","15":"tag-spain"},"share_on_mastodon":{"url":"https:\/\/pubeurope.com\/@es\/115645250687382987","error":""},"_links":{"self":[{"href":"https:\/\/www.europesays.com\/es\/wp-json\/wp\/v2\/posts\/265714","targetHints":{"allow":["GET"]}}],"collection":[{"href":"https:\/\/www.europesays.com\/es\/wp-json\/wp\/v2\/posts"}],"about":[{"href":"https:\/\/www.europesays.com\/es\/wp-json\/wp\/v2\/types\/post"}],"author":[{"embeddable":true,"href":"https:\/\/www.europesays.com\/es\/wp-json\/wp\/v2\/users\/2"}],"replies":[{"embeddable":true,"href":"https:\/\/www.europesays.com\/es\/wp-json\/wp\/v2\/comments?post=265714"}],"version-history":[{"count":0,"href":"https:\/\/www.europesays.com\/es\/wp-json\/wp\/v2\/posts\/265714\/revisions"}],"wp:featuredmedia":[{"embeddable":true,"href":"https:\/\/www.europesays.com\/es\/wp-json\/wp\/v2\/media\/265715"}],"wp:attachment":[{"href":"https:\/\/www.europesays.com\/es\/wp-json\/wp\/v2\/media?parent=265714"}],"wp:term":[{"taxonomy":"category","embeddable":true,"href":"https:\/\/www.europesays.com\/es\/wp-json\/wp\/v2\/categories?post=265714"},{"taxonomy":"post_tag","embeddable":true,"href":"https:\/\/www.europesays.com\/es\/wp-json\/wp\/v2\/tags?post=265714"}],"curies":[{"name":"wp","href":"https:\/\/api.w.org\/{rel}","templated":true}]}}