{"id":265716,"date":"2025-12-01T16:27:12","date_gmt":"2025-12-01T16:27:12","guid":{"rendered":"https:\/\/www.europesays.com\/es\/265716\/"},"modified":"2025-12-01T16:27:12","modified_gmt":"2025-12-01T16:27:12","slug":"un-movil-barato-que-quiere-destronar-a-la-gama-alta","status":"publish","type":"post","link":"https:\/\/www.europesays.com\/es\/265716\/","title":{"rendered":"un m\u00f3vil barato que quiere destronar a la gama alta"},"content":{"rendered":"<p style=\"\">En un mercado saturado de m\u00f3viles que prometen la luna y las estrellas, POCO vuelve a hacer lo que mejor sabe: sacudir el tablero con una propuesta agresiva buscando hacerse un hueco en la gama media. Con ese objetivo, la empresa ha presentado su nuevo &#8230; <strong>  F8 Pro<\/strong> un dispositivo que est\u00e1 cerca de competir con los &#8216;smartphones&#8217; de gama alta ofreciendo mucho por menos dinero del que suele ser habitual. \u00bfSer\u00e1 que lo consigue?<\/p>\n<p class=\"voc-p\" style=\"\">El terminal integra el chip <a href=\"https:\/\/www.abc.es\/tecnologia\/van-chips-moveran-moviles-android-ordenadores-2026-20251002102359-nt.html\" target=\"_self\" data-voc-vtm-id=\"in-text-traffic\" title=\"Snapdragon 8 Elite\" data-mrf-link=\"www.abc.es\" rel=\"nofollow noopener\">Snapdragon 8 Elite<\/a>, lo mejor en <strong>Android<\/strong>, una versi\u00f3n optimizada que no solo permite mover juegos con soltura, sino que mantiene estabilidad t\u00e9rmica y consumo gracias al sistema de refrigeraci\u00f3n LiquidCool con IceLoop 3D de triple capa. Es cierto que estamos en invierno, pero en las pruebas el rendimiento ha sido constante, sin bajadas por picos de temperatura. Nada mal para un m\u00f3vil que se puede encontrar hasta por <strong>menos de 500 euros<\/strong>, lo que lo convierte en el  m\u00e1s barato con este procesador de gama alta.<\/p>\n<p class=\"voc-p\" style=\"\">La bater\u00eda de 6.210 mAh es otro de sus grandes puntos a favor. Con tecnolog\u00eda Silicon-Carbon de nueva generaci\u00f3n que ofrece un 20% m\u00e1s de densidad energ\u00e9tica. La carga r\u00e1pida 100\u202fW lleva al m\u00f3vil del 0 al 100% en apenas 37 minutos, y lo mejor, sin generar calor.  Lo que s\u00ed hemos echado de menos es la carga inal\u00e1mbrica, aunque es poco com\u00fan por este precio.<\/p>\n<p class=\"voc-p\" style=\"\">Lejos de parecer un m\u00f3vil barato, Xiaomi ha usado vidrio fresado en una sola pieza con marco de aluminio, combinado con bordes microcurvos, que logran esa est\u00e9tica sobria y cuidada. En la palma de la mano, el dispositivo recuerda a algunas versiones del iPhone. Lo \u00fanico que no nos convence son esos cuatro objetivos peque\u00f1os en la parte trasera, que por alguna raz\u00f3n siempre nos recuerdan a una gama m\u00e1s baja. Adem\u00e1s, es resistente al agua y al polvo IP68.<\/p>\n<p class=\"voc-p\" style=\"\">La pantalla, de 6,59 pulgadas, usa un nuevo panel POCO HyperRGB  con resoluci\u00f3n 1.5K, frecuencia adaptativa a 120Hz, y brillo m\u00e1ximo de 3.500 nits. Obviamente no es el  m\u00e1s brillante, pero ofrece suficiente visibilidad en el exterior. Pero lo m\u00e1s interesante es su uso de PWM a 3.840\u202fHz, lo que reduce significativamente la fatiga visual en uso prolongado, algo que ni Apple ni Samsung han resuelto del todo.<\/p>\n<p>\nLa c\u00e1mara cumple\n<\/p>\n<p class=\"voc-p\" style=\"\">En la fotograf\u00eda el  F8 Pro cumple con nota, teniendo en cuenta el precio del que estamos hablando. Integra un sensor principal de 50 MP con OIS, por ponerle una pega, la sensaci\u00f3n es que tiende a sobresaturar los colores, aunque hay mucha gente a la que eso le gusta. <\/p>\n<p><img decoding=\"async\" loading=\"lazy\" src=\"https:\/\/www.europesays.com\/es\/wp-content\/uploads\/2025\/12\/prin-U20831562744jwi-760x427@diario_abc.jpg\" class=\"voc-img\" width=\"760\" height=\"427\" alt=\"Imagen capturada con la c\u00e1mara principal\" data-voc-vtm-id=\"in-text-traffic\"\/><\/p>\n<p>Imagen capturada con la c\u00e1mara principal<\/p>\n<p>ABC<\/p>\n<p class=\"voc-p\" style=\"\">Por primera vez en la l\u00ednea Pro, contamos con un teleobjetivo con zoom \u00f3ptico 2.5x y hasta 5x sin p\u00e9rdida. Ofrece resultados correctos, sobre todo pensando en ese equivalente a 60 mm para retrato; eso s\u00ed, la diferencia de calidad entre el objetivo principal y el \u00f3ptico se percibe a la legua, por ejemplo, apuntando a un amanecer, en cuanto hacemos 2x, los colores se aten\u00faan hasta casi desaparecer. El gran angular es casi testimonial, funciona s\u00ed, pero de los tres objetivos es de lejos el peor.<\/p>\n<p><img decoding=\"async\" loading=\"lazy\" src=\"https:\/\/www.europesays.com\/es\/wp-content\/uploads\/2025\/12\/5x-U80413456466obX-760x427@diario_abc.jpg\" class=\"voc-img\" width=\"760\" height=\"427\" alt=\"Imagen a 5X\" data-voc-vtm-id=\"in-text-traffic\"\/><\/p>\n<p>Imagen a 5X<\/p>\n<p>ABC<\/p>\n<p>\n\u00bfMerece la pena?\n<\/p>\n<p class=\"voc-p\" style=\"\">Xiaomi sabe qui\u00e9n es el comprador de su POCO F8 Pro y ha cerrado una alianza con Bose para implementar un sistema de sonido afinado profesionalmente. Y se nota. Suena mucho mejor que la mayor\u00eda de sus rivales, incluso algunos m\u00e1s caros.<\/p>\n<p class=\"voc-p\" style=\"\">Respecto al sistema operativo, lleva Xiaomi HyperOS 3 con funciones como AI Writing, y la tecnolog\u00eda de conectividad inteligente Xiaomi Astral Communication, una interfaz cuidada que no necesita una curva de aprendizaje. Lo malo, como nos tiene acostumbrados Xiaomi, es que el m\u00f3vil est\u00e1 lleno de &#8216;bloatware&#8217;, que son esas aplicaciones innecesarias que ya vienen instaladas de serie. Y toca borrar y borrar nada m\u00e1s encender el tel\u00e9fono.<\/p>\n<p class=\"voc-p\" style=\"\">El POCO F8 Pro es, sencillamente, un &#8216;casi&#8217; gama alta camuflado de m\u00f3vil de 419 euros. Lo tiene todo: un dise\u00f1o que se siente premium, un gran procesador, una bater\u00eda de nueva generaci\u00f3n y una c\u00e1mara con zoom impropia de su rango de precio. <\/p>\n","protected":false},"excerpt":{"rendered":"En un mercado saturado de m\u00f3viles que prometen la luna y las estrellas, POCO vuelve a hacer lo&hellip;\n","protected":false},"author":2,"featured_media":265717,"comment_status":"","ping_status":"","sticky":false,"template":"","format":"standard","meta":{"footnotes":""},"categories":[81],"tags":[5593,17356,119,123,124,17200,25,24,24698,10540,659,11671,42354,2615,117,121,122,23,118,120],"class_list":{"0":"post-265716","1":"post","2":"type-post","3":"status-publish","4":"format-standard","5":"has-post-thumbnail","7":"category-ciencia-y-tecnologia","8":"tag-alta","9":"tag-barato","10":"tag-ciencia","11":"tag-ciencia-y-tecnologia","12":"tag-cienciaytecnologia","13":"tag-destronar","14":"tag-es","15":"tag-espana","16":"tag-gama","17":"tag-movil","18":"tag-poco","19":"tag-pro","20":"tag-probamos","21":"tag-quiere","22":"tag-science","23":"tag-science-and-technology","24":"tag-scienceandtechnology","25":"tag-spain","26":"tag-technology","27":"tag-tecnologia"},"share_on_mastodon":{"url":"https:\/\/pubeurope.com\/@es\/115645255194827003","error":""},"_links":{"self":[{"href":"https:\/\/www.europesays.com\/es\/wp-json\/wp\/v2\/posts\/265716","targetHints":{"allow":["GET"]}}],"collection":[{"href":"https:\/\/www.europesays.com\/es\/wp-json\/wp\/v2\/posts"}],"about":[{"href":"https:\/\/www.europesays.com\/es\/wp-json\/wp\/v2\/types\/post"}],"author":[{"embeddable":true,"href":"https:\/\/www.europesays.com\/es\/wp-json\/wp\/v2\/users\/2"}],"replies":[{"embeddable":true,"href":"https:\/\/www.europesays.com\/es\/wp-json\/wp\/v2\/comments?post=265716"}],"version-history":[{"count":0,"href":"https:\/\/www.europesays.com\/es\/wp-json\/wp\/v2\/posts\/265716\/revisions"}],"wp:featuredmedia":[{"embeddable":true,"href":"https:\/\/www.europesays.com\/es\/wp-json\/wp\/v2\/media\/265717"}],"wp:attachment":[{"href":"https:\/\/www.europesays.com\/es\/wp-json\/wp\/v2\/media?parent=265716"}],"wp:term":[{"taxonomy":"category","embeddable":true,"href":"https:\/\/www.europesays.com\/es\/wp-json\/wp\/v2\/categories?post=265716"},{"taxonomy":"post_tag","embeddable":true,"href":"https:\/\/www.europesays.com\/es\/wp-json\/wp\/v2\/tags?post=265716"}],"curies":[{"name":"wp","href":"https:\/\/api.w.org\/{rel}","templated":true}]}}