{"id":265722,"date":"2025-12-01T16:30:13","date_gmt":"2025-12-01T16:30:13","guid":{"rendered":"https:\/\/www.europesays.com\/es\/265722\/"},"modified":"2025-12-01T16:30:13","modified_gmt":"2025-12-01T16:30:13","slug":"el-suicidio-de-las-dos-adolescentes-de-jaen-no-es-un-caso-de-acoso-escolar","status":"publish","type":"post","link":"https:\/\/www.europesays.com\/es\/265722\/","title":{"rendered":"El suicidio de las dos adolescentes de Ja\u00e9n no es un caso de acoso escolar"},"content":{"rendered":"<p style=\"\">La muerte de las dos adolescentes de Ja\u00e9n<strong\/>\u00abes un suicidio\u00bb, adem\u00e1s <strong>\u00abno tiene nada que ver\u00bb con un supuesto caso de acoso escolar<\/strong>. Fuentes cercanas a la investigaci\u00f3n aseguraron a ABC este lunes que las hip\u00f3tesis que se barajan sobre el  &#8230; tr\u00e1gico final de Rosmed (15 a\u00f1os) y Sharit (16 a\u00f1os) apuntan a que se quitaron la vida las dos juntas este pasado fin de semana. Por otro lado, lo que se desconocen son los motivos por los que las dos chicas podr\u00edan haber llegado a este extremo. <\/p>\n<p class=\"voc-p\" style=\"\">La Polic\u00eda Nacional, que se ha hecho cargo de la investigaci\u00f3n, indaga sobre los motivos por el que las dos adolescente decidieron quitarse la vida. Los agentes de la <strong>Polic\u00eda Cient\u00edfica<\/strong> ya estuvieron peinando cada palmo del lugar donde ser hallaron los dos cad\u00e1veres. Mientras que los grupos de Unidad de Delincuencia Violenta (UDEV) de Ja\u00e9n est\u00e1n <strong>investigando sus vidas<\/strong> para dar con la clave. <\/p>\n<p class=\"voc-p\" style=\"\">Por el momento est\u00e1 decretado el secreto del sumario por parte de la autoridad judicial, pero la autopsia preliminar revela que las dos chicas murieron ahorcadas. Las fuentes consultadas por ABC rese\u00f1an, adem\u00e1s, que los cad\u00e1veres<strong> no ten\u00edan signos de violencia<\/strong>. Al mismo tiempo explican que tampoco hab\u00eda en el lugar de los hechos indicios de la participaci\u00f3n de terceras personas. <\/p>\n<p class=\"voc-p\" style=\"\">Esos dos evidencias sustentan las hip\u00f3tesis de las Polic\u00eda Nacional del suicidio conjunto de las dos adolescentes. Adem\u00e1s, las j\u00f3venes dejaron <strong>mensajes de despedida<\/strong> a sus familias. Cartas que sustentan a\u00fan m\u00e1s la hip\u00f3tesis de que las dos j\u00f3venes se suicidaron. <\/p>\n<p class=\"voc-p\" style=\"\"> Rosmed y Sharit salieron de sus casas juntas el viernes por la tarde y no regresaron. Cuando ya se hizo demasiado tarde, sus padres salieron a buscarlas. No cog\u00edan el tel\u00e9fono y nadie sab\u00eda d\u00f3nde estaban. Buscaron por la ciudad y llegaron al llamado <strong>Parque de la Concordia<\/strong>, aunque la llamada a Emergencias que avisa del hallazgo de los dos cad\u00e1veres lo rese\u00f1\u00f3 como \u00abparque de los patos\u00bb. <\/p>\n<p class=\"voc-p\" style=\"\">All\u00ed, las familias se dieron de bruces con la tragedia. Las dos adolescentes estaban colgadas, ahorcadas en los \u00e1rboles de aquel parque. <strong>\u00abSuspendidas\u00bb<\/strong>, reza el aviso que se pas\u00f3 a los bomberos para que acudieran al rescate de los cuerpos colgados de las ramas. <\/p>\n<p>Un instituto activ\u00f3 el protocolo por autolesiones a una de las j\u00f3venes<\/p>\n<p class=\"voc-p\">La Consejer\u00eda de Educaci\u00f3n de Andaluc\u00eda ha confirmado este lunes que una de las dos menores fallecidas en Ja\u00e9n ten\u00eda activado un protocolo de <a href=\"https:\/\/www.abc.es\/espana\/andalucia\/jaen\/junta-confirma-menores-fallecidas-jaen-abierto-protocolo-20251201125054-nts.html\" target=\"_self\" data-voc-vtm-id=\"in-text-traffic\" title=\"seguimiento por conductas autolesivas\" data-mrf-link=\"www.abc.es\" rel=\"nofollow noopener\">seguimiento por conductas autolesivas<\/a> durante el pasado curso escolar, mientras cursaba sus estudios en el IES Santa Catalina. El seguimiento preventivo hab\u00eda sido activado el a\u00f1o de antes en el IES El Valle. Entre estas intervenciones figuraron el trabajo de la orientadora del centro y de la enfermera escolar, as\u00ed como la coordinaci\u00f3n con el \u00e1mbito familiar para reforzar el acompa\u00f1amiento y la detecci\u00f3n temprana de posibles situaciones de riesgo.<\/p>\n<p class=\"voc-p\">La Junta ha remarcado que estos protocolos se activan con car\u00e1cter preventivo para la detecci\u00f3n, valoraci\u00f3n y seguimiento de alumnado que pueda presentar conductas de riesgo, siempre con el objetivo de ofrecer apoyo especializado y garantizar la protecci\u00f3n del menor dentro del entorno educativo.<\/p>\n<p class=\"voc-p\" style=\"\">Eran las 1.30 horas de la madrugada del s\u00e1bado. El padre de Sharit no esper\u00f3 a la ayuda y descolg\u00f3 a la ni\u00f1as.<strong> Trat\u00f3 de reanimarlas<\/strong>, pero no pudo. Al lugar acudieron efectivos del parque de bomberos de Ja\u00e9n, as\u00ed como de la Polic\u00eda Local y de la Polic\u00eda Nacional, que se hizo cargo de la investigaci\u00f3n. <\/p>\n<p class=\"voc-p\" style=\"\">Los sanitarios del 061 desplazados hasta el lugar de los hechos no pudieron hacer nada tampoco por reanimarlas, ya \u00abestaban fr\u00edas\u00bb y <strong>solo pudieron certificar la muerte<\/strong> de las dos j\u00f3venes. Los cuerpos llevaban sin vida, al menos, un par de horas en aquel c\u00e9ntrico parque. Un lugar d\u00f3nde los j\u00f3venes se acercan a pasar las horas con sus amistades. Punto de reuni\u00f3n en el que nadie vio nada. Aquellos \u00e1rboles se llevaron dos vidas en la m\u00e1s absoluta discreci\u00f3n. <\/p>\n<p class=\"voc-p\" style=\"\">Un doble suicidio que tiene conmocionada a esta peque\u00f1a capital de provincia de Andaluc\u00eda y que la familia de las dos ni\u00f1as no se lo cree. <strong>\u00abQuieren montar el suicidio perfecto, cuando es el homicidio perfecto\u00bb<\/strong>, ha dicho el padre de la menor de 16 a\u00f1os este lunes en Canal Sur. El progenitor que hall\u00f3 y descolg\u00f3 los dos cuerpos dice que su hija era feliz, confirma que no sufri\u00f3 nunca acoso escolar. <\/p>\n<p class=\"voc-p\" style=\"\">Del mismo modo, el padre cont\u00f3 en las entrevistas televisivas que a las 21.41 horas el tel\u00e9fono de su hija ten\u00eda registrado un mensaje de la otra joven dici\u00e9ndole que se iba a quitar la vida. Adem\u00e1s, rese\u00f1aba que sobre las 21.45 horas la respuesta de su hija fue mandar<strong> un mensaje al que era su novio<\/strong> para poner punto y final a la relaci\u00f3n.<\/p>\n<p class=\"voc-p\" style=\"\">Por su parte, la madre de Sharit, que tambi\u00e9n estuvo presentes en varias televisiones, explic\u00f3 que, a juicio de la familia, no cuadran algunas de las pruebas aportadas al caso. Apunta que <strong>las cartas dejadas por las menores se contradicen<\/strong> y que no hay concordancia en los mensajes de los tel\u00e9fonos m\u00f3viles. Es por lo que ha dicho este lunes por la ma\u00f1ana que \u00abhay algo raro\u00bb en la muerte de las j\u00f3venes este fin de semana en Ja\u00e9n. <\/p>\n","protected":false},"excerpt":{"rendered":"La muerte de las dos adolescentes de Ja\u00e9n\u00abes un suicidio\u00bb, adem\u00e1s \u00abno tiene nada que ver\u00bb con un&hellip;\n","protected":false},"author":2,"featured_media":265723,"comment_status":"","ping_status":"","sticky":false,"template":"","format":"standard","meta":{"footnotes":""},"categories":[8],"tags":[19530,3194,17,18,1563,25,7196,24,13,14,11,3619,19,20,9,10,15,16,23,12421,12,21,22],"class_list":{"0":"post-265722","1":"post","2":"type-post","3":"status-publish","4":"format-standard","5":"has-post-thumbnail","7":"category-espana","8":"tag-acoso","9":"tag-adolescentes","10":"tag-breaking-news","11":"tag-breakingnews","12":"tag-dos","13":"tag-es","14":"tag-escolar","15":"tag-espana","16":"tag-featured-news","17":"tag-featurednews","18":"tag-headlines","19":"tag-jaen","20":"tag-latest-news","21":"tag-latestnews","22":"tag-news","23":"tag-noticias","24":"tag-noticias-destacadas","25":"tag-noticiasdestacadas","26":"tag-spain","27":"tag-suicidio","28":"tag-titulares","29":"tag-ultimas-noticias","30":"tag-ultimasnoticias"},"share_on_mastodon":{"url":"https:\/\/pubeurope.com\/@es\/115645266233647096","error":""},"_links":{"self":[{"href":"https:\/\/www.europesays.com\/es\/wp-json\/wp\/v2\/posts\/265722","targetHints":{"allow":["GET"]}}],"collection":[{"href":"https:\/\/www.europesays.com\/es\/wp-json\/wp\/v2\/posts"}],"about":[{"href":"https:\/\/www.europesays.com\/es\/wp-json\/wp\/v2\/types\/post"}],"author":[{"embeddable":true,"href":"https:\/\/www.europesays.com\/es\/wp-json\/wp\/v2\/users\/2"}],"replies":[{"embeddable":true,"href":"https:\/\/www.europesays.com\/es\/wp-json\/wp\/v2\/comments?post=265722"}],"version-history":[{"count":0,"href":"https:\/\/www.europesays.com\/es\/wp-json\/wp\/v2\/posts\/265722\/revisions"}],"wp:featuredmedia":[{"embeddable":true,"href":"https:\/\/www.europesays.com\/es\/wp-json\/wp\/v2\/media\/265723"}],"wp:attachment":[{"href":"https:\/\/www.europesays.com\/es\/wp-json\/wp\/v2\/media?parent=265722"}],"wp:term":[{"taxonomy":"category","embeddable":true,"href":"https:\/\/www.europesays.com\/es\/wp-json\/wp\/v2\/categories?post=265722"},{"taxonomy":"post_tag","embeddable":true,"href":"https:\/\/www.europesays.com\/es\/wp-json\/wp\/v2\/tags?post=265722"}],"curies":[{"name":"wp","href":"https:\/\/api.w.org\/{rel}","templated":true}]}}