{"id":265724,"date":"2025-12-01T16:37:16","date_gmt":"2025-12-01T16:37:16","guid":{"rendered":"https:\/\/www.europesays.com\/es\/265724\/"},"modified":"2025-12-01T16:37:16","modified_gmt":"2025-12-01T16:37:16","slug":"impulso-junto-con-la-universidad-de-granada-de-una-catedra-para-fomentar-la-ia-responsable-en-finanzas","status":"publish","type":"post","link":"https:\/\/www.europesays.com\/es\/265724\/","title":{"rendered":"Impulso, junto con la Universidad de Granada, de una c\u00e1tedra para fomentar la IA responsable en finanzas"},"content":{"rendered":"<p>Unicaja y la Universidad de Granada (UGR) han firmado un convenio para la creaci\u00f3n de la <b>C\u00e1tedra UGR-Unicaja en IA responsable en finanzas<\/b>, que tiene como objetivo promover la investigaci\u00f3n, la generaci\u00f3n y la transferencia de conocimiento en el \u00e1mbito de la inteligencia artificial responsable y sostenible aplicada al sector financiero.<\/p>\n<p>\u00a0<\/p>\n<p>La c\u00e1tedra, que se desarrolla en el marco de la estrecha colaboraci\u00f3n que mantienen desde hace a\u00f1os ambas instituciones, impulsar\u00e1 actividades orientadas a acercar la IA responsable a la comunidad universitaria, fomentar la formaci\u00f3n especializada y apoyar el desarrollo de proyectos innovadores impulsados por estudiantes.<\/p>\n<p>\u00a0<\/p>\n<p>Entre las iniciativas previstas, destacan la organizaci\u00f3n de seminarios, congresos y talleres, la publicaci\u00f3n de estudios, la concesi\u00f3n de becas y ayudas, y la colaboraci\u00f3n en programas de posgrado y pr\u00e1cticas externas.<\/p>\n<p>\u00a0<\/p>\n<p>Por tanto, de la c\u00e1tedra podr\u00e1 beneficiarse cualquier alumno o investigador relacionado con la inteligencia artificial y las finanzas mediante actividades de formaci\u00f3n, becas, proyectos de investigaci\u00f3n o publicaciones que se realicen entre ambas partes.<\/p>\n<p>\u00a0<\/p>\n<p>El convenio, suscrito por el CEO de Unicaja, Isidro Rubiales, y el rector de la UGR, Pedro Mercado, contempla tambi\u00e9n la creaci\u00f3n de una Comisi\u00f3n Mixta para el seguimiento y desarrollo del programa.<\/p>\n<p>\u00a0<\/p>\n<p>El CEO de Unicaja ha destacado la importancia de adoptar una inteligencia artificial responsable en todos los sectores, incluido el financiero, ya que \u201csu aplicaci\u00f3n contribuir\u00e1 a mejorar la experiencia del cliente y a reforzar la confianza en las entidades bancarias\u201d.<\/p>\n<p>\u00a0<\/p>\n<p>Rubiales ha subrayado que, para Unicaja, \u201cla inteligencia artificial responsable desempe\u00f1a un papel clave para generar valor a\u00f1adido tanto en la relaci\u00f3n con nuestros clientes como en el trabajo de nuestro personal\u201d.<\/p>\n<p>\u00a0<\/p>\n<p>\u201cTrabajamos pensando en las personas, que est\u00e1n en el centro de nuestra actividad\u201d, ha indicado, a\u00f1adiendo que \u201cel futuro de las finanzas pasa por integrar innovaci\u00f3n y \u00e9tica, creando soluciones m\u00e1s seguras, transparentes y orientadas al bienestar de la sociedad\u201d. Por ello, la entidad financiera refuerza su colaboraci\u00f3n con la Universidad de Granada, \u201cuna instituci\u00f3n con una s\u00f3lida trayectoria investigadora y un firme compromiso con la innovaci\u00f3n y el progreso social\u201d, ha declarado el CEO de Unicaja.<\/p>\n<p>\u00a0<\/p>\n<p>Por su parte, el rector de la Universidad de Granada ha afirmado que \u201cla creaci\u00f3n de la C\u00e1tedra UGR-Unicaja en IA responsable en finanzas consolida nuestra estrecha colaboraci\u00f3n con Unicaja, proyectando a la UGR a la vanguardia de la investigaci\u00f3n aplicada en un sector tan crucial como el financiero\u201d.<\/p>\n<p>\u00a0<\/p>\n<p>\u201cCon ella, no solo impulsamos el conocimiento \u00e9tico y sostenible de la inteligencia artificial, sino que ofrecemos a nuestros estudiantes e investigadores una plataforma excepcional de formaci\u00f3n especializada, becas y proyectos innovadores, que son clave para su futuro profesional y para el desarrollo socioecon\u00f3mico de nuestra sociedad\u201d, ha manifestado Mercado.<\/p>\n<p>\u00a0<\/p>\n<p>La c\u00e1tedra estar\u00e1 dirigida por los catedr\u00e1ticos Francisco Herrera y Enrique Herrera, del Departamento de Ciencias de la Computaci\u00f3n e Inteligencia Artificial de la UGR. Respecto a la Comisi\u00f3n Mixta, estar\u00e1 integrada por seis personas: por parte de Unicaja, el director general de Transformaci\u00f3n, Severino J. M\u00e9ndez; el director general de Personas, Organizaci\u00f3n y Legal, Juan Medina, y el director de Inteligencia Artificial, Javier Porras, y, en el caso de la UGR, por el director de Transferencia e Innovaci\u00f3n, Carlos Sampedro; Pedro \u00c1ngel Castillo, catedr\u00e1tico del Departamento de Ingenier\u00eda de Computadores, Autom\u00e1tica y Rob\u00f3tica, y Manuel Jes\u00fas Cobo, profesor titular del Departamento de Ciencias de la Computaci\u00f3n e Inteligencia Artificial.<\/p>\n<p>\u00a0<\/p>\n<p>La creaci\u00f3n de esta c\u00e1tedra subraya el compromiso por impulsar una IA \u00e9tica, legal y segura en el \u00e1mbito de las finanzas, garantizando su adecuaci\u00f3n a las directrices de la Uni\u00f3n Europea, de modo que se aseguren aspectos como la privacidad, la transparencia y la no discriminaci\u00f3n. En suma, incrementar los beneficios para la sociedad y reducir al m\u00e1ximo cualquier tipo de riesgo.<\/p>\n<p>\u00a0<\/p>\n<p> <b>Unicaja: apoyo a la innovaci\u00f3n y los j\u00f3venes<\/b> <\/p>\n<p>\u00a0<\/p>\n<p>Este acuerdo responde al compromiso de Unicaja con la innovaci\u00f3n, la formaci\u00f3n y la integraci\u00f3n laboral de los j\u00f3venes. De hecho, mantiene una amplia colaboraci\u00f3n con instituciones acad\u00e9micas, como es el caso de la UGR, y dispone de una oferta espec\u00edfica para estudiantes, como la financiaci\u00f3n de matr\u00edculas, dentro de su propuesta de valor integral de servicios (financieros y no financieros) denominada <a href=\"https:\/\/www.unicajabanco.es\/es\/particulares\/cuentas-y-tarjetas\/tarjetas-de-debito\/tarjeta-debito-joven-contactless\" rel=\"nofollow noopener\" target=\"_blank\">\u2018This is Uni\u2019<\/a>, dise\u00f1ada para acompa\u00f1ar a los j\u00f3venes de entre 18 y 27 a\u00f1os en la gesti\u00f3n de su vida financiera de forma sencilla, accesible y adaptada a sus necesidades.<\/p>\n<p>\u00a0<\/p>\n<p>La puesta en marcha de esta c\u00e1tedra se enmarca, adem\u00e1s, en la estrategia de transformaci\u00f3n de Unicaja, que, entre otros aspectos, se apoya en la inteligencia artificial como palanca aceleradora para lograr un banco m\u00e1s accesible, personalizado y centrado en las personas. Todo ello, para continuar avanzando en la mejora de la experiencia del cliente y de la plantilla de la entidad e impulsando la digitalizaci\u00f3n y la inclusi\u00f3n financiera de forma responsable.<\/p>\n<p>\u00a0<\/p>\n<p> <b>Sobre la Universidad de Granada<\/b> <\/p>\n<p>\u00a0<\/p>\n<p>La <a href=\"https:\/\/www.ugr.es\/\" rel=\"nofollow noopener\" target=\"_blank\">UGR<\/a>, fundada en 1531, cuenta con cuatro campus universitarios, adem\u00e1s del \u2018Campus Centro\u2019, en el que se integran todos los espacios distribuidos por el casco hist\u00f3rico de la ciudad. Asimismo, tiene otros dos en las ciudades aut\u00f3nomas de Ceuta y Melilla.<\/p>\n<p>\u00a0<\/p>\n<p>En la Universidad de Granada estudian m\u00e1s de 56.800 estudiantes de grado y posgrado e imparten docencia m\u00e1s de 3.680 profesores.<\/p>\n<p>\u00a0<\/p>\n","protected":false},"excerpt":{"rendered":"Unicaja y la Universidad de Granada (UGR) han firmado un convenio para la creaci\u00f3n de la C\u00e1tedra UGR-Unicaja&hellip;\n","protected":false},"author":2,"featured_media":265725,"comment_status":"","ping_status":"","sticky":false,"template":"","format":"standard","meta":{"footnotes":""},"categories":[5],"tags":[17,18,25,24,13,14,11,19,20,9,10,15,16,23,12,21,22],"class_list":{"0":"post-265724","1":"post","2":"type-post","3":"status-publish","4":"format-standard","5":"has-post-thumbnail","7":"category-titulares","8":"tag-breaking-news","9":"tag-breakingnews","10":"tag-es","11":"tag-espana","12":"tag-featured-news","13":"tag-featurednews","14":"tag-headlines","15":"tag-latest-news","16":"tag-latestnews","17":"tag-news","18":"tag-noticias","19":"tag-noticias-destacadas","20":"tag-noticiasdestacadas","21":"tag-spain","22":"tag-titulares","23":"tag-ultimas-noticias","24":"tag-ultimasnoticias"},"share_on_mastodon":{"url":"https:\/\/pubeurope.com\/@es\/115645293682314211","error":""},"_links":{"self":[{"href":"https:\/\/www.europesays.com\/es\/wp-json\/wp\/v2\/posts\/265724","targetHints":{"allow":["GET"]}}],"collection":[{"href":"https:\/\/www.europesays.com\/es\/wp-json\/wp\/v2\/posts"}],"about":[{"href":"https:\/\/www.europesays.com\/es\/wp-json\/wp\/v2\/types\/post"}],"author":[{"embeddable":true,"href":"https:\/\/www.europesays.com\/es\/wp-json\/wp\/v2\/users\/2"}],"replies":[{"embeddable":true,"href":"https:\/\/www.europesays.com\/es\/wp-json\/wp\/v2\/comments?post=265724"}],"version-history":[{"count":0,"href":"https:\/\/www.europesays.com\/es\/wp-json\/wp\/v2\/posts\/265724\/revisions"}],"wp:featuredmedia":[{"embeddable":true,"href":"https:\/\/www.europesays.com\/es\/wp-json\/wp\/v2\/media\/265725"}],"wp:attachment":[{"href":"https:\/\/www.europesays.com\/es\/wp-json\/wp\/v2\/media?parent=265724"}],"wp:term":[{"taxonomy":"category","embeddable":true,"href":"https:\/\/www.europesays.com\/es\/wp-json\/wp\/v2\/categories?post=265724"},{"taxonomy":"post_tag","embeddable":true,"href":"https:\/\/www.europesays.com\/es\/wp-json\/wp\/v2\/tags?post=265724"}],"curies":[{"name":"wp","href":"https:\/\/api.w.org\/{rel}","templated":true}]}}