{"id":265732,"date":"2025-12-01T16:45:10","date_gmt":"2025-12-01T16:45:10","guid":{"rendered":"https:\/\/www.europesays.com\/es\/265732\/"},"modified":"2025-12-01T16:45:10","modified_gmt":"2025-12-01T16:45:10","slug":"de-burgos-arbitra-el-barca-atletico","status":"publish","type":"post","link":"https:\/\/www.europesays.com\/es\/265732\/","title":{"rendered":"De Burgos arbitra el Bar\u00e7a-Atl\u00e9tico"},"content":{"rendered":"<p data-gtm-element-container=\"modulo-texto-link\" class=\"paragraph\">Ya hay colegiado para el partido de este martes 2 de diciembre, entre el <strong>FC Barcelona<\/strong> y el <strong>Atl\u00e9tico de Madrid<\/strong>, correspondiente a la jornada 19 que se avanza por la disputa en enero de la Supercopa de Espa\u00f1a. El elegido es <strong>Ricardo de Burgos Bengoechea<\/strong>. El colegiado vasco pit\u00f3 el domingo el partido en Montilivi entre el Girona\u00a0 y el Real Madrid, que acab\u00f3 en empate a un gol y que motiv\u00f3 la cr\u00edtica del club blanco, tanto en la rueda de prensa de su entrenador <strong>Xabi Alonso<\/strong> como a trav\u00e9s de su televisi\u00f3n, porque tras marcar su \u00fanico gol de penalti reclam\u00f3 otro que a diferencia del primero no le fue concedido.\u00a0\u00a0<\/p>\n<p data-gtm-element-container=\"modulo-texto-link\" class=\"paragraph\">De Burgos arbitrar\u00e1 en 48 horas dos partidos estelares de la Liga, lo que en el gremio se entiende como una evidencia de que el estado f\u00edsico\u00a0 de los colegiados de la m\u00e1xima categor\u00eda es excepcional.<\/p>\n<p data-gtm-element-container=\"modulo-texto-link\" class=\"paragraph\">Ser\u00e1 la segunda vez que dirija un partido a ambos equipos esta temporada. Al Barcelona le pit\u00f3 en la victoria (3-0) ante el Getafe en la quinta jornada, mientras que al club rojiblanco en la victoria por la m\u00ednima 1-0 ante el Osasuna en la novena jornada. Curiosamente, el colegiado vasco repite designaci\u00f3n porque ya pit\u00f3 este partido la temporada pasada, encuentro que acab\u00f3 con victoria rojiblanca por 1-2. Y tambi\u00e9n lo hizo en el partido de vuelta en el Estadio Metropolitano, donde ganaron los azulgranas por 2-4 en la jornada 28. Es el cuarto duelo que pita a ambos equipos, el anterior y primero ida de semifinales de la Copa de la temporada 2016-2017 cuando el Barcelona gan\u00f3 1-2.\u00a0<\/p>\n<p>    Lee tambi\u00e9n<\/p>\n<p data-gtm-element-container=\"modulo-texto-link\" class=\"paragraph\">De Burgos ha arbitrado 33 partidos al equipo azulgrana en su carrera, con un balance de 27 victorias, un empate y cinco derrotas. Al Atl\u00e9tico de Madrid le ha pitado en 35 ocasiones, con un balance de 24 victorias, 7 empates y cuatro derrotas. En el VAR estar\u00e1 el asturiano Pablo Gonz\u00e1lez Fuertes.<\/p>\n","protected":false},"excerpt":{"rendered":"Ya hay colegiado para el partido de este martes 2 de diciembre, entre el FC Barcelona y el&hellip;\n","protected":false},"author":2,"featured_media":265733,"comment_status":"","ping_status":"","sticky":false,"template":"","format":"standard","meta":{"footnotes":""},"categories":[268],"tags":[168,25,24,280,282,281,23,167],"class_list":{"0":"post-265732","1":"post","2":"type-post","3":"status-publish","4":"format-standard","5":"has-post-thumbnail","7":"category-futbol","8":"tag-deportes","9":"tag-es","10":"tag-espana","11":"tag-football","12":"tag-futbol","13":"tag-soccer","14":"tag-spain","15":"tag-sports"},"share_on_mastodon":{"url":"https:\/\/pubeurope.com\/@es\/115645325655959379","error":""},"_links":{"self":[{"href":"https:\/\/www.europesays.com\/es\/wp-json\/wp\/v2\/posts\/265732","targetHints":{"allow":["GET"]}}],"collection":[{"href":"https:\/\/www.europesays.com\/es\/wp-json\/wp\/v2\/posts"}],"about":[{"href":"https:\/\/www.europesays.com\/es\/wp-json\/wp\/v2\/types\/post"}],"author":[{"embeddable":true,"href":"https:\/\/www.europesays.com\/es\/wp-json\/wp\/v2\/users\/2"}],"replies":[{"embeddable":true,"href":"https:\/\/www.europesays.com\/es\/wp-json\/wp\/v2\/comments?post=265732"}],"version-history":[{"count":0,"href":"https:\/\/www.europesays.com\/es\/wp-json\/wp\/v2\/posts\/265732\/revisions"}],"wp:featuredmedia":[{"embeddable":true,"href":"https:\/\/www.europesays.com\/es\/wp-json\/wp\/v2\/media\/265733"}],"wp:attachment":[{"href":"https:\/\/www.europesays.com\/es\/wp-json\/wp\/v2\/media?parent=265732"}],"wp:term":[{"taxonomy":"category","embeddable":true,"href":"https:\/\/www.europesays.com\/es\/wp-json\/wp\/v2\/categories?post=265732"},{"taxonomy":"post_tag","embeddable":true,"href":"https:\/\/www.europesays.com\/es\/wp-json\/wp\/v2\/tags?post=265732"}],"curies":[{"name":"wp","href":"https:\/\/api.w.org\/{rel}","templated":true}]}}