{"id":265738,"date":"2025-12-01T16:49:11","date_gmt":"2025-12-01T16:49:11","guid":{"rendered":"https:\/\/www.europesays.com\/es\/265738\/"},"modified":"2025-12-01T16:49:11","modified_gmt":"2025-12-01T16:49:11","slug":"rocio-carrasco-se-colo-en-ot-2025-con-mensaje-a-cristina-que-elogio-a-rocio-jurado-hacia-cosas-revolucionarias","status":"publish","type":"post","link":"https:\/\/www.europesays.com\/es\/265738\/","title":{"rendered":"Roc\u00edo Carrasco se col\u00f3 en &#8216;OT 2025&#8217; con mensaje a Cristina, que elogi\u00f3 a Roc\u00edo Jurado: \u00abHac\u00eda cosas revolucionarias\u00bb"},"content":{"rendered":"<p class=\"article-text\">\n        <strong>OT 2025<\/strong> encara ya su recta final en<strong> Amazon Prime Video<\/strong> y este lunes vivir\u00e1 una decisiva velada en la que se elegir\u00e1n a los <strong>primeros finalistas <\/strong>de la edici\u00f3n. <strong>Cristina<\/strong>, una de las concursantes que luchan por una de esas plazas en la gala definitiva del talent producido por<strong> Gestmusic<\/strong>, realizar\u00e1 una versi\u00f3n actualizada de Punto de partida de <strong>Roc\u00edo Jurado <\/strong>con la que pretende conquistar al jurado. Por ello, la andaluza recibi\u00f3 el pasado viernes un mensaje sorpresa de <strong>Roc\u00edo Carrasco<\/strong>, que quiso agradecer a la joven el homenaje que har\u00e1 a su madre con esta especial actuaci\u00f3n.\n    <\/p>\n<p>    <a href=\"https:\/\/www.eldiario.es\/vertele\/noticias\/drama-ot-2025-expulsion-favoritos-final-nominacion-mejores-amigos_1_12793737.html\" data-mrf-recirculation=\"saber-mas\" data-dl-event=\"saber-mas\" rel=\"nofollow noopener\" target=\"_blank\"><\/p>\n<p class=\"know-more__title\">Drama en &#8216;OT 2025&#8217; con la expulsi\u00f3n de uno de los favoritos para la final y la nominaci\u00f3n de dos mejores amigos<\/p>\n<p>            <img decoding=\"async\" class=\"lazy\" loading=\"lazy\" data-src=\"https:\/\/static.eldiario.es\/clip\/ed7ae075-0ba5-4223-943b-9cad99a85156_16-9-aspect-ratio_default_0.jpg\" src=\"data:image\/svg+xml,%3Csvg xmlns=\" http:=\"\" viewbox=\"0 0 880 495\" alt=\"Drama en 'OT 2025' con la expulsi\u00f3n de uno de los favoritos para la final y la nominaci\u00f3n de dos mejores amigos\"\/><\/p>\n<p>                        <\/a><\/p>\n<p class=\"article-text\">\n        <strong>\u201cHola Cris, soy Roc\u00edo, me pasaba por aqu\u00ed para desearte\u00a0todo el \u00e9xito del mundo\u201d<\/strong>, empez\u00f3 diciendo la actual participante de Hasta el fin del mundo de RTVE en un v\u00eddeo que fue proyectado en la Academia durante El Chat de OT 2025 conducido por <strong>Miriam Rodr\u00edguez. <\/strong>\n    <\/p>\n<p class=\"article-text\">\n        \u201cHe estado viendo los ensayos y\u00a0me parece que\u00a0tienes un rollo muy, muy, muy bonito,\u00a0as\u00ed que es lo \u00fanico que tienes que hacer en esta canci\u00f3n.<strong> Ponle ese rollo tuyo y\u00a0ver\u00e1s como todo sale a pedir de boca.\u00a0<\/strong>Te mando mil besos\u201d, sentenci\u00f3 Carrasco, pillando a Cristina totalmente por sorpresa.\n    <\/p>\n<blockquote class=\"twitter-tweet\" data-lang=\"es\"><p><a href=\"https:\/\/twitter.com\/X\/status\/1994492658761572484?ref_src=twsrc%5Etfw\" rel=\"nofollow noopener\" target=\"_blank\"><\/p><\/blockquote>\n<p>    Cristina elogia a Roc\u00edo Jurado: \u201cHac\u00eda cosas revolucionarias\u201d<\/p>\n<p class=\"article-text\">\n        \u201c\u00a1Qu\u00e9 fuerte! Me muero&#8230; \u00a1Qu\u00e9 ilusi\u00f3n!\u201d, reaccion\u00f3 emocionada la sevillana, a\u00f1adiendo que esperaba que \u201call\u00e1 donde est\u00e9 Roc\u00edo, le guste esta versi\u00f3n\u201d. \u201cElla era <strong>superadelantada a su \u00e9poca, superfeminista,\u00a0hac\u00eda cosas revolucionarias<\/strong>, y ojal\u00e1 le guste esto que he hecho de traerla al presente y hacerla un poco m\u00e1s moderna\u201d, expres\u00f3 la joven.\n    <\/p>\n<p class=\"article-text\">\n        Cristina concluy\u00f3 recordando que hac\u00eda esta adaptaci\u00f3n \u201cdesde todo el respeto y todo el amor ,porque es un temazo y lo trato con mucho respeto\u201d. \u201cEs un temazo y te queda genial. <strong>La hizo Anabel [concursante de OT 2008].<\/strong> Yo ten\u00eda un poster de Anabel en mi armario de cuando cant\u00f3 esta canci\u00f3n. Te queda incre\u00edble y d\u00e1ndole ese toque tuyo\u201d, apostill\u00f3 Miriam Rodr\u00edguez.\n    <\/p>\n<p>    <a href=\"https:\/\/www.eldiario.es\/vertele\/audiencias-tv\/noviembre-2025-antena-3-lidera-la-1-bate-records-seguir-acecho-telecinco-continua-capacidad-reaccionar-lasexta-cuatro_1_12801910.html\" data-mrf-recirculation=\"saber-mas-abajo\" data-dl-event=\"saber-mas-abajo\" rel=\"nofollow noopener\" target=\"_blank\"><\/p>\n<p class=\"know-more__title\">Antena 3 lidera noviembre, La 1 bate r\u00e9cords para seguir al acecho y Telecinco contin\u00faa sin capacidad de reacci\u00f3n\n<\/p>\n<p>            <img decoding=\"async\" class=\"lazy\" loading=\"lazy\" data-src=\"https:\/\/static.eldiario.es\/clip\/3952b036-9e70-420d-8736-2c19d181ef5a_16-9-aspect-ratio_default_0.jpg\" src=\"data:image\/svg+xml,%3Csvg xmlns=\" http:=\"\" viewbox=\"0 0 880 495\" alt=\"Antena 3 lidera noviembre, La 1 bate r\u00e9cords para seguir al acecho y Telecinco contin\u00faa sin capacidad de reacci\u00f3n\"\/><\/p>\n<p>                        <\/a><\/p>\n<p class=\"article-text\">\n        As\u00ed es el reparto de temas de la Gala 11 de OT 2025:\n    <\/p>\n<ul>\n<li>Grupal: Voy a pas\u00e1rmelo bien, de Hombres G<\/li>\n<li>Crespo: Columbia, de Quevedo<\/li>\n<li>Guillo: Wonder, de Shawn M\u00e9ndez<\/li>\n<li>Cristina: Punto de partida, de Roc\u00edo Jurado <\/li>\n<li>Olivia: Where is my husband, de Raye<\/li>\n<li>Claudia Arenas: Overjoyed, de Stevie Wonder<\/li>\n<li>Tinho: I&#8217;m outta love, de Anastasia<\/li>\n<li>Guille Toledano: El roce de tu piel, de Rev\u00f3lver  <\/li>\n<\/ul>\n<p>                                <script async src=\"https:\/\/platform.twitter.com\/widgets.js\" charset=\"utf-8\"><\/script><\/p>\n","protected":false},"excerpt":{"rendered":"OT 2025 encara ya su recta final en Amazon Prime Video y este lunes vivir\u00e1 una decisiva velada&hellip;\n","protected":false},"author":2,"featured_media":265739,"comment_status":"","ping_status":"","sticky":false,"template":"","format":"standard","meta":{"footnotes":""},"categories":[171],"tags":[45,3153,19922,7538,25240,146,147,25,24,15761,8079,221,65801,65800,3152,23,214,2338],"class_list":{"0":"post-265738","1":"post","2":"type-post","3":"status-publish","4":"format-standard","5":"has-post-thumbnail","7":"category-tv","8":"tag-45","9":"tag-carrasco","10":"tag-cosas","11":"tag-cristina","12":"tag-elogio","13":"tag-entertainment","14":"tag-entretenimiento","15":"tag-es","16":"tag-espana","17":"tag-jurado","18":"tag-mensaje","19":"tag-ot","20":"tag-punto-de-partida","21":"tag-revolucionarias","22":"tag-rocio","23":"tag-spain","24":"tag-tv","25":"tag-video"},"share_on_mastodon":{"url":"","error":""},"_links":{"self":[{"href":"https:\/\/www.europesays.com\/es\/wp-json\/wp\/v2\/posts\/265738","targetHints":{"allow":["GET"]}}],"collection":[{"href":"https:\/\/www.europesays.com\/es\/wp-json\/wp\/v2\/posts"}],"about":[{"href":"https:\/\/www.europesays.com\/es\/wp-json\/wp\/v2\/types\/post"}],"author":[{"embeddable":true,"href":"https:\/\/www.europesays.com\/es\/wp-json\/wp\/v2\/users\/2"}],"replies":[{"embeddable":true,"href":"https:\/\/www.europesays.com\/es\/wp-json\/wp\/v2\/comments?post=265738"}],"version-history":[{"count":0,"href":"https:\/\/www.europesays.com\/es\/wp-json\/wp\/v2\/posts\/265738\/revisions"}],"wp:featuredmedia":[{"embeddable":true,"href":"https:\/\/www.europesays.com\/es\/wp-json\/wp\/v2\/media\/265739"}],"wp:attachment":[{"href":"https:\/\/www.europesays.com\/es\/wp-json\/wp\/v2\/media?parent=265738"}],"wp:term":[{"taxonomy":"category","embeddable":true,"href":"https:\/\/www.europesays.com\/es\/wp-json\/wp\/v2\/categories?post=265738"},{"taxonomy":"post_tag","embeddable":true,"href":"https:\/\/www.europesays.com\/es\/wp-json\/wp\/v2\/tags?post=265738"}],"curies":[{"name":"wp","href":"https:\/\/api.w.org\/{rel}","templated":true}]}}