{"id":265740,"date":"2025-12-01T16:50:14","date_gmt":"2025-12-01T16:50:14","guid":{"rendered":"https:\/\/www.europesays.com\/es\/265740\/"},"modified":"2025-12-01T16:50:14","modified_gmt":"2025-12-01T16:50:14","slug":"mecano-lanza-por-sorpresa-una-cancion-inedita","status":"publish","type":"post","link":"https:\/\/www.europesays.com\/es\/265740\/","title":{"rendered":"Mecano lanza por sorpresa una canci\u00f3n in\u00e9dita"},"content":{"rendered":"<p><a class=\"v-mdl-ath__fig-a\" href=\"https:\/\/www.lasprovincias.es\/autor\/maria-gardo-481.html\" title=\"Mar\u00eda Gard\u00f3\" rel=\"nofollow noopener\" target=\"_blank\"><br \/>\n<img decoding=\"async\" class=\"v-mdl-ath__img\" src=\"https:\/\/www.europesays.com\/es\/wp-content\/uploads\/2025\/07\/autor-481-foto-2.jpeg\" alt=\"Mar\u00eda Gard\u00f3\"\/><br \/>\n<\/a><\/p>\n<p class=\"v-mdl-ath__p v-mdl-ath__p--6\">\nLunes, 1 de diciembre 2025, 13:08<\/p>\n<p class=\"v-p\">Sopresa para los fans de Mecano. Coincidiendo con el D\u00eda Mundial del Sida, la discogr\u00e1fica del m\u00edtico grupo de pop, BMG, ha publicado este lunes una versi\u00f3n in\u00e9dita de &#8216;El fallo positivo&#8217;, himno sobre la crisis del VIH en los a\u00f1os 90 en Espa\u00f1a. Este lanzamiento es una de las varias grabaciones in\u00e9ditas que la discogr\u00e1fica est\u00e1 publicando por primera vez en plataformas digitales.<\/p>\n<p class=\"v-p\">&#8216;El fallo positivo&#8217; era la canci\u00f3n que abr\u00eda el disco &#8216;AIDALAI&#8217; que Mecano public\u00f3 en el a\u00f1o 1992 en formato maxisingle en vinilo y CD, con un libreto donde a trav\u00e9s de varios textos informaban sobre datos reales sobre los contagios hasta el momento, c\u00f3mo se contra\u00eda la enfermedad y la necesidad de no abandonar ni dejar de lado a aquellas personas afectadas.<\/p>\n<p class=\"v-p\">En estos formatos, se inclu\u00eda tambi\u00e9n un folleto informativo que hac\u00eda hincapi\u00e9 en transmitir el mensaje de la gravedad del VIH y de hablar sobre ello. \u00abLa grabaci\u00f3n, de aire disco-funky mel\u00f3dico, se convirti\u00f3 r\u00e1pidamente en un himno que batallaba sobre aquella creencia puritana de que este virus era un castigo divino\u00bb, explica BMG en un comunicado.<\/p>\n<p class=\"v-p\">Ese mimso 1992 el grupo no acudi\u00f3 a ning\u00fan plat\u00f3 de televisi\u00f3n excepto para este lanzamiento, cuando Nacho Cano fue al programa &#8216;De t\u00fa a t\u00fa&#8217; para hablar sobre el tema y recalcar aquellas medidas de prevenci\u00f3n de la enfermedad. Un acto que, de nuevo, posicion\u00f3 los ideales del grupo como artistas adelantados a su tiempo.<\/p>\n<p class=\"v-p\">\u00abLa importancia del lanzamiento de esta versi\u00f3n in\u00e9dita en 2025, 33 a\u00f1os despu\u00e9s de su primer lanzamiento, radica en ofrecer una nueva visi\u00f3n de un asunto tab\u00fa que acab\u00f3 con la vida de miles de personas y que a d\u00eda de hoy se ha convertido en una de las enfermedades cr\u00f3nicas con m\u00e1s investigaci\u00f3n. De este modo, se recuerda seguir hablando del asunto desde la comprensi\u00f3n, el acompa\u00f1ar al afectado y la lucha contra su transmisi\u00f3n pero sin que sea algo por lo que esconderse o sentirse humillado\u00bb, termina la discogr\u00e1fica.<\/p>\n<p>Reporta un error<\/p>\n","protected":false},"excerpt":{"rendered":"Lunes, 1 de diciembre 2025, 13:08 Sopresa para los fans de Mecano. Coincidiendo con el D\u00eda Mundial del&hellip;\n","protected":false},"author":2,"featured_media":265741,"comment_status":"","ping_status":"","sticky":false,"template":"","format":"standard","meta":{"footnotes":""},"categories":[170],"tags":[15350,146,147,25,24,14464,2629,27610,184,185,5785,23],"class_list":{"0":"post-265740","1":"post","2":"type-post","3":"status-publish","4":"format-standard","5":"has-post-thumbnail","7":"category-musica","8":"tag-cancion","9":"tag-entertainment","10":"tag-entretenimiento","11":"tag-es","12":"tag-espana","13":"tag-inedita","14":"tag-lanza","15":"tag-mecano","16":"tag-music","17":"tag-musica","18":"tag-sorpresa","19":"tag-spain"},"share_on_mastodon":{"url":"https:\/\/pubeurope.com\/@es\/115645345352135219","error":""},"_links":{"self":[{"href":"https:\/\/www.europesays.com\/es\/wp-json\/wp\/v2\/posts\/265740","targetHints":{"allow":["GET"]}}],"collection":[{"href":"https:\/\/www.europesays.com\/es\/wp-json\/wp\/v2\/posts"}],"about":[{"href":"https:\/\/www.europesays.com\/es\/wp-json\/wp\/v2\/types\/post"}],"author":[{"embeddable":true,"href":"https:\/\/www.europesays.com\/es\/wp-json\/wp\/v2\/users\/2"}],"replies":[{"embeddable":true,"href":"https:\/\/www.europesays.com\/es\/wp-json\/wp\/v2\/comments?post=265740"}],"version-history":[{"count":0,"href":"https:\/\/www.europesays.com\/es\/wp-json\/wp\/v2\/posts\/265740\/revisions"}],"wp:featuredmedia":[{"embeddable":true,"href":"https:\/\/www.europesays.com\/es\/wp-json\/wp\/v2\/media\/265741"}],"wp:attachment":[{"href":"https:\/\/www.europesays.com\/es\/wp-json\/wp\/v2\/media?parent=265740"}],"wp:term":[{"taxonomy":"category","embeddable":true,"href":"https:\/\/www.europesays.com\/es\/wp-json\/wp\/v2\/categories?post=265740"},{"taxonomy":"post_tag","embeddable":true,"href":"https:\/\/www.europesays.com\/es\/wp-json\/wp\/v2\/tags?post=265740"}],"curies":[{"name":"wp","href":"https:\/\/api.w.org\/{rel}","templated":true}]}}