{"id":265748,"date":"2025-12-01T16:54:10","date_gmt":"2025-12-01T16:54:10","guid":{"rendered":"https:\/\/www.europesays.com\/es\/265748\/"},"modified":"2025-12-01T16:54:10","modified_gmt":"2025-12-01T16:54:10","slug":"borja-semper-y-barbara-goenaga-recargan-pilas-en-cadiz-con-una-pequena-escapada-celebrando-la-vida","status":"publish","type":"post","link":"https:\/\/www.europesays.com\/es\/265748\/","title":{"rendered":"Borja\u00a0S\u00e9mper y B\u00e1rbara Goenaga recargan pilas en C\u00e1diz con una peque\u00f1a escapada: \u00abCelebrando la vida\u00bb"},"content":{"rendered":"<p>\t\t\t \t\t \t\t\t\t\t\t\tB\u00e1rbara Goeanga y Borja S\u00e9mper, en una fotograf\u00eda de archivo <strong class=\"pd-l\">Jos\u00e9 Ram\u00f3n Hernando | EUROPAPRESS  <\/strong><\/p>\n<p>\t\t\t\t\t\tLa actriz\u00a0ha publicado unas tiernas fotograf\u00edas que inmortalizan su m\u00e1s\u00a0reciente viaje junto a su marido al refugio habitual del matrimonio<br \/>\n\t\t\t\t\t\t\t\t\t\t\t\t<strong>01 dic 2025<\/strong> . Actualizado a las 17:10 h.\t\t\t\t\t\t<\/p>\n<p class=\"first-paragraph txt\"><strong><a href=\"https:\/\/www.lavozdegalicia.es\/temas\/cadiz\" rel=\"nofollow noopener\" target=\"_blank\">C\u00e1diz<\/a> <\/strong>es el refugio habitual de la actriz <strong>B\u00e1rbara Goenaga<\/strong> y el pol\u00edtico del <a href=\"https:\/\/www.lavozdegalicia.es\/temas\/pp\" rel=\"nofollow noopener\" target=\"_blank\">PP<\/a> <strong>Borja S\u00e9mper<\/strong>. El lugar ideal para recargar pilas, como han\u00a0demostrado en varias ocasiones. La \u00faltima, este fin de semana,\u00a0en una nueva escapada que la int\u00e9rprete donostiarra ha compartido con todos sus seguidores de <a href=\"https:\/\/www.lavozdegalicia.es\/temas\/instagram\" rel=\"nofollow noopener\" target=\"_blank\">Instagram<\/a>. <strong>\u00abCelebrando la vida\u00bb<\/strong>, ha escrito en la descripci\u00f3n de su publicaci\u00f3n, en a que adem\u00e1s les da las gracias a varias de sus personas m\u00e1s cercanas, as\u00ed como a sus t\u00edos \u00abpor quedarse en casa con todos los peques\u00bb.<\/p>\n<p class=\"txt\">Las im\u00e1genes del carrusel\u00a0dejan clara la felicidad de la pareja en <strong>este peque\u00f1o viaje al sur en el que han podido desconectar<\/strong> y pasar tiempo el uno con el otro. En la primera de esas instant\u00e1neas, Borja S\u00e9mper, con gorra de pana, y B\u00e1rbara posan para un selfi con el oc\u00e9ano\u00a0Atl\u00e1ntico\u00a0y el sol a sus espaldas. A continuaci\u00f3n, un v\u00eddeo con la actriz vasca saltando animadamente por la arena de la playa, con el sol ya en un punto bajo.<\/p>\n<blockquote class=\"instagram-media\" data-instgrm-captioned=\"\" data-instgrm-permalink=\"https:\/\/www.instagram.com\/p\/DRr9d5bCDJd\/?utm_source=ig_embed&amp;utm_campaign=loading\" data-instgrm-version=\"14\" style=\" background:#FFF; border:0; border-radius:3px; box-shadow:0 0 1px 0 rgba(0,0,0,0.5),0 1px 10px 0 rgba(0,0,0,0.15); margin: 1px; max-width:658px; min-width:326px; padding:0; width:99.375%; width:-webkit-calc(100% - 2px); width:calc(100% - 2px);\"\/>\n<p class=\"txt\">La pareja tambi\u00e9n aprovech\u00f3 para darse un homenaje en un restaurante de estilo andaluz y\u00a0tambi\u00e9n para leer o\u00a0disfrutar de los atardeceres de la costa gaditana. En otra fotograf\u00eda, es Borja S\u00e9mper el que agarra la c\u00e1mara para una autofoto en el que ambos sonr\u00eden a la c\u00e1mara.<\/p>\n<p class=\"txt\">C\u00f3mplices, relajados y con la discreci\u00f3n que siempre ha caracterizado a la pareja, la corta escapada ha supuesto un soplo de aire fresco ante la situaci\u00f3n complicada que viven en sus vidas recientemente, <a class=\"link-txt\" href=\"https:\/\/www.lavozdegalicia.es\/noticia\/espana\/2025\/07\/14\/borja-semper-anuncia-padece-cancer\/00031752492409501684980.htm\" rel=\"nofollow noopener\" target=\"_blank\">tras el\u00a0<strong>diagn\u00f3stico de c\u00e1ncer<\/strong> del miembro del PP<\/a>. Un tumor en fase muy inicial para el que el pol\u00edtico debe someterse a un exigente tratamiento que lo ha hecho reducir su agenda para centrarse en la recuperaci\u00f3n.<\/p>\n<p class=\"txt\">\n<p>\t\t\t\t\t\t\t\t\t\t\t\t&#13;<br \/>\n\t\t\t\t\t\t\t\t&#13;<br \/>\n&#13;<br \/>\n&#13;<\/p>\n<p>\t\t\t&#13;<br \/>\n\t&#13;<\/p>\n<p>\t\t\t<a href=\"https:\/\/www.lavozdegalicia.es\/noticia\/gente\/2025\/11\/14\/barbara-goenaga-sobre-borja-semper-quimio-durisima\/00031763113266083687633.htm\" data-analytics=\"link-embed\" rel=\"nofollow noopener\" target=\"_blank\">B\u00e1rbara Goenaga sobre Borja S\u00e9mper: \u00abLa quimio ha sido dur\u00edsima\u00bb<\/a><\/p>\n<p class=\"a-min-author\">\n<p>\t\t\t\t\t\t\t\t\t\t\tMart\u00edn Bastos<\/p>\n<p>\t&#13;<br \/>\n\t&#13;<br \/>\n&#13;<\/p>\n<p class=\"txt\">Desde entonces,\u00a0hemos ido sabiendo de su vida familiar a cuentagotas, a trav\u00e9s de las intermitentes publicaciones de ambos en redes sociales. A principios de agosto, \u00e9l comparti\u00f3 un v\u00eddeo de Instagram sobre sus vacaciones en <a href=\"https:\/\/www.lavozdegalicia.es\/temas\/andalucia\" rel=\"nofollow noopener\" target=\"_blank\">Andaluc\u00eda<\/a>, y un mes despu\u00e9s lo hizo ella. <a class=\"link-txt\" href=\"https:\/\/www.lavozdegalicia.es\/noticia\/sociedad\/2025\/09\/17\/emotivo-mensajebarbara-goenaga-borja-semper-pleno-tratamiento-contra-cancer-vea-raro-sigue-siendo-guapo-planeta\/00031758106050671650646.htm\" rel=\"nofollow noopener\" target=\"_blank\">\u00abAunque \u00e9l se vea raro, sigue siendo el chico m\u00e1s grande del planeta, y el m\u00e1s alegre y mejor enfermo\u00bb, dec\u00eda ella<\/a>. Hace apenas unas semanas, la propia B\u00e1rbara Goeanaga tranquilizaba a sus seguidores, asegurando que todo iba bien y estaban ya en fase de recuperaci\u00f3n.<\/p>\n<p>&#13;<br \/>\n\tArchivado en:&#13;<br \/>\n\t\t\t\t\t<a href=\"https:\/\/www.lavozdegalicia.es\/temas\/cancer\/\" target=\"_blank\" class=\"mg-l\" rel=\"nofollow noopener\">C\u00e1ncer<\/a>&#13;<br \/>\n\t&#13;<\/p>\n<p>\t\t\t\t<script async src=\"\/\/www.instagram.com\/embed.js\"><\/script><\/p>\n","protected":false},"excerpt":{"rendered":"B\u00e1rbara Goeanga y Borja S\u00e9mper, en una fotograf\u00eda de archivo Jos\u00e9 Ram\u00f3n Hernando | EUROPAPRESS La actriz\u00a0ha publicado&hellip;\n","protected":false},"author":2,"featured_media":265749,"comment_status":"","ping_status":"","sticky":false,"template":"","format":"standard","meta":{"footnotes":""},"categories":[91],"tags":[1066,146,147,25,24,23],"class_list":{"0":"post-265748","1":"post","2":"type-post","3":"status-publish","4":"format-standard","5":"has-post-thumbnail","7":"category-entretenimiento","8":"tag-cancer","9":"tag-entertainment","10":"tag-entretenimiento","11":"tag-es","12":"tag-espana","13":"tag-spain"},"share_on_mastodon":{"url":"https:\/\/pubeurope.com\/@es\/115645360844602402","error":""},"_links":{"self":[{"href":"https:\/\/www.europesays.com\/es\/wp-json\/wp\/v2\/posts\/265748","targetHints":{"allow":["GET"]}}],"collection":[{"href":"https:\/\/www.europesays.com\/es\/wp-json\/wp\/v2\/posts"}],"about":[{"href":"https:\/\/www.europesays.com\/es\/wp-json\/wp\/v2\/types\/post"}],"author":[{"embeddable":true,"href":"https:\/\/www.europesays.com\/es\/wp-json\/wp\/v2\/users\/2"}],"replies":[{"embeddable":true,"href":"https:\/\/www.europesays.com\/es\/wp-json\/wp\/v2\/comments?post=265748"}],"version-history":[{"count":0,"href":"https:\/\/www.europesays.com\/es\/wp-json\/wp\/v2\/posts\/265748\/revisions"}],"wp:featuredmedia":[{"embeddable":true,"href":"https:\/\/www.europesays.com\/es\/wp-json\/wp\/v2\/media\/265749"}],"wp:attachment":[{"href":"https:\/\/www.europesays.com\/es\/wp-json\/wp\/v2\/media?parent=265748"}],"wp:term":[{"taxonomy":"category","embeddable":true,"href":"https:\/\/www.europesays.com\/es\/wp-json\/wp\/v2\/categories?post=265748"},{"taxonomy":"post_tag","embeddable":true,"href":"https:\/\/www.europesays.com\/es\/wp-json\/wp\/v2\/tags?post=265748"}],"curies":[{"name":"wp","href":"https:\/\/api.w.org\/{rel}","templated":true}]}}