{"id":265750,"date":"2025-12-01T16:55:15","date_gmt":"2025-12-01T16:55:15","guid":{"rendered":"https:\/\/www.europesays.com\/es\/265750\/"},"modified":"2025-12-01T16:55:15","modified_gmt":"2025-12-01T16:55:15","slug":"cd-projekt-nos-va-a-devolver-a-la-era-de-ps3-y-xbox-360-con-una-promesa-para-the-witcher-que-parece-imposible-de-cumplir","status":"publish","type":"post","link":"https:\/\/www.europesays.com\/es\/265750\/","title":{"rendered":"CD Projekt nos va a devolver a la era de PS3 y Xbox 360 con una promesa para The Witcher que parece imposible de cumplir"},"content":{"rendered":"<p>En CD Projekt no es que se encuentren precisamente cruzados de brazos, ya que la desarrolladora polaca est\u00e1 inmersa en la creaci\u00f3n de la secuela de <a class=\"text-outboundlink\" href=\"https:\/\/www.vidaextra.com\/analisis\/analisis-cyberpunk-2077-mundo-abierto-que-no-solo-quiere-marcar-generacion-que-despedimos-tambien-a-que-damos-bienvenida\" data-vars-post-title=\"An\u00e1lisis de Cyberpunk 2077: un mundo abierto que no s\u00f3lo quiere marcar la generaci\u00f3n que despedimos, tambi\u00e9n a la que damos la bienvenida\" data-vars-post-url=\"https:\/\/www.vidaextra.com\/analisis\/analisis-cyberpunk-2077-mundo-abierto-que-no-solo-quiere-marcar-generacion-que-despedimos-tambien-a-que-damos-bienvenida\" rel=\"nofollow noopener\" target=\"_blank\">Cyberpunk 2077<\/a> y <a class=\"text-outboundlink\" href=\"https:\/\/www.vidaextra.com\/juegos-nuevos\/the-witcher-4-para-pc-ps5-xbox-series-fecha-lanzamiento-ultimas-noticias-rumores\" data-vars-post-title=\"The Witcher 4: todo lo que sabemos hasta ahora del inicio de una nueva era para Geralt de Rivia a cargo del estudio CD Projekt RED\" data-vars-post-url=\"https:\/\/www.vidaextra.com\/juegos-nuevos\/the-witcher-4-para-pc-ps5-xbox-series-fecha-lanzamiento-ultimas-noticias-rumores\" rel=\"nofollow noopener\" target=\"_blank\">The Witcher 4<\/a>. Si bien no sabemos cu\u00e1ndo podremos enfrentarnos a la aventura de Ciri, la desarrolladora ha querido marcarse un objetivo que nos devuelve a una \u00e9poca que parec\u00eda casi olvidada.<\/p>\n<p>Durante la generaci\u00f3n de Xbox 360 y PS3, era muy habitual que muchas sagas naciesen y muriesen en ese periodo de tiempo, lo cual es una quimera en la actualidad. Lejos de amilanarse, Michal Nowakowski, CEO de la empresa, <a rel=\"noopener, noreferrer nofollow\" href=\"https:\/\/www.cdprojekt.com\/en\/wp-content\/uploads-en\/2025\/11\/transcript-q3-2025-earnings-3.pdf\" target=\"_blank\">ha se\u00f1alado recientemente<\/a> que el objetivo es lanzar una trilog\u00eda entera de la saga de fantas\u00eda.<\/p>\n<p>    <a href=\"https:\/\/www.vidaextra.com\/listas\/mejores-videojuegos-indies-2025\" class=\"pivot-outboundlink\" data-vars-post-title=\"Los mejores videojuegos indies de 2025 \" rel=\"nofollow noopener\" target=\"_blank\"><br \/>\n     <img loading=\"lazy\" decoding=\"async\" alt=\"Los mejores videojuegos indies de 2025 \" width=\"375\" height=\"142\" src=\"https:\/\/i.blogs.es\/0307b5\/hadesunseenupdatewallpaper\/375_142.webp\" onerror=\"this.src=\" https:=\"\"\/><br \/>\n    <\/a><\/p>\n<blockquote><p>\u00abLlevamos usando Unreal Engine 5 para The Witcher 4 desde hace cuatro a\u00f1os, y estamos muy satisfechos con lo que hemos logrado.<\/p><\/blockquote>\n<blockquote><p>Creo que ya hab\u00e9is podido ver parte de eso con vuestros propios ojos en nuestra demo t\u00e9cnica presentada en Unreal Fest hace un par de meses, y tambi\u00e9n estamos muy contentos con los resultados \u2014ya lo hemos dicho, pero siempre estoy encantado de repetirlo\u2014, y con c\u00f3mo el motor est\u00e1 evolucionando gracias a los expertos del equipo de Epic y c\u00f3mo estamos aprendiendo a hacerlo funcionar dentro de un enorme juego de mundo abierto, que es lo que pretende ser The Witcher 4.<\/p><\/blockquote>\n<blockquote><p>En cierto modo, s\u00ed, creo que los siguientes juegos deber\u00edan lanzarse en un periodo m\u00e1s corto \u2014como ya afirmamos antes, nuestro plan sigue siendo lanzar toda la trilog\u00eda en un periodo de seis a\u00f1os\u2014, as\u00ed que s\u00ed, eso significa que planeamos tener tiempos de desarrollo m\u00e1s breves entre The Witcher 4 y The Witcher 5, entre The Witcher 5 y The Witcher 6, y as\u00ed sucesivamente.\u00bb<\/p><\/blockquote>\n<p>No sabemos cu\u00e1ndo aterrizar\u00e1 <strong>The Witcher 4<\/strong>, aunque s\u00ed que est\u00e1 claro que para 2026 no estar\u00e1 listo, por lo que tendr\u00edamos que plantarnos en 2027 como ventana m\u00e1s pr\u00f3xima. Teniendo en cuenta ese marco de tiempo, ver\u00edamos completada la futura trilog\u00eda en 2033, lo cual es muy ambicioso teniendo en cuenta los tiempos de desarrollo a los que nos enfrentamos en la actualidad.<\/p>\n<p>Son necesarios equipos gigantes, presupuestos descomunales y grandes campa\u00f1as de marketing para conseguir un lanzamiento exitoso cuando hablamos de producciones de este calibre. Muchos jugadores se quejan de los enormes tiempos de espera que hay que afrontar son demasiado grandes, pero CD Projekt promete todo lo contrario.<\/p>\n<p>En VidaExtra |\u00a0<a class=\"text-outboundlink\" href=\"https:\/\/www.vidaextra.com\/rpg\/estos-10-momentazos-the-witcher-3-wild-hunt-que-no-olvidare-mi-vida\" data-vars-post-title=\"Estos son los 10 momentazos de The Witcher 3: Wild Hunt que no olvidar\u00e9 en mi vida\" data-vars-post-url=\"https:\/\/www.vidaextra.com\/rpg\/estos-10-momentazos-the-witcher-3-wild-hunt-que-no-olvidare-mi-vida\" target=\"_blank\" rel=\"nofollow noopener\">Estos son los 10 momentazos de The Witcher 3: Wild Hunt que no olvidar\u00e9 en mi vida<\/a><\/p>\n<p>En VidaExtra |\u00a0<a class=\"text-outboundlink\" href=\"https:\/\/www.vidaextra.com\/comics\/nunca-imagine-que-periodo-edo-japon-le-sentase-bien-a-the-witcher-monstruos-no-entienden-fronteras\" data-vars-post-title=\"Nunca imagin\u00e9 que el periodo Edo de Jap\u00f3n le sentar\u00eda tan bien a The Witcher. Los monstruos no entienden de fronteras\" data-vars-post-url=\"https:\/\/www.vidaextra.com\/comics\/nunca-imagine-que-periodo-edo-japon-le-sentase-bien-a-the-witcher-monstruos-no-entienden-fronteras\" target=\"_blank\" rel=\"nofollow noopener\">Nunca imagin\u00e9 que el periodo Edo de Jap\u00f3n le sentar\u00eda tan bien a The Witcher. Los monstruos no entienden de fronteras<\/a><\/p>\n<p>En VidaExtra |\u00a0<a class=\"text-outboundlink\" href=\"https:\/\/www.vidaextra.com\/accion\/me-despido-triss-merigold-asquerosa-novigrado-the-witcher-3-wild-hunt-antes-partir-a-islas-skellige-1\" data-vars-post-title=\"Me despido de Triss Merigold y de la asquerosa Novigrado en The Witcher 3: Wild Hunt antes de partir a las Islas Skellige \" data-vars-post-url=\"https:\/\/www.vidaextra.com\/accion\/me-despido-triss-merigold-asquerosa-novigrado-the-witcher-3-wild-hunt-antes-partir-a-islas-skellige-1\" target=\"_blank\" rel=\"nofollow noopener\">Me despido de Triss Merigold y de la asquerosa Novigrado en The Witcher 3: Wild Hunt antes de partir a las Islas Skellige<\/a><\/p>\n","protected":false},"excerpt":{"rendered":"En CD Projekt no es que se encuentren precisamente cruzados de brazos, ya que la desarrolladora polaca est\u00e1&hellip;\n","protected":false},"author":2,"featured_media":265751,"comment_status":"","ping_status":"","sticky":false,"template":"","format":"standard","meta":{"footnotes":""},"categories":[81],"tags":[119,123,124,25,24,117,121,122,23,118,120],"class_list":{"0":"post-265750","1":"post","2":"type-post","3":"status-publish","4":"format-standard","5":"has-post-thumbnail","7":"category-ciencia-y-tecnologia","8":"tag-ciencia","9":"tag-ciencia-y-tecnologia","10":"tag-cienciaytecnologia","11":"tag-es","12":"tag-espana","13":"tag-science","14":"tag-science-and-technology","15":"tag-scienceandtechnology","16":"tag-spain","17":"tag-technology","18":"tag-tecnologia"},"share_on_mastodon":{"url":"https:\/\/pubeurope.com\/@es\/115645364999252677","error":""},"_links":{"self":[{"href":"https:\/\/www.europesays.com\/es\/wp-json\/wp\/v2\/posts\/265750","targetHints":{"allow":["GET"]}}],"collection":[{"href":"https:\/\/www.europesays.com\/es\/wp-json\/wp\/v2\/posts"}],"about":[{"href":"https:\/\/www.europesays.com\/es\/wp-json\/wp\/v2\/types\/post"}],"author":[{"embeddable":true,"href":"https:\/\/www.europesays.com\/es\/wp-json\/wp\/v2\/users\/2"}],"replies":[{"embeddable":true,"href":"https:\/\/www.europesays.com\/es\/wp-json\/wp\/v2\/comments?post=265750"}],"version-history":[{"count":0,"href":"https:\/\/www.europesays.com\/es\/wp-json\/wp\/v2\/posts\/265750\/revisions"}],"wp:featuredmedia":[{"embeddable":true,"href":"https:\/\/www.europesays.com\/es\/wp-json\/wp\/v2\/media\/265751"}],"wp:attachment":[{"href":"https:\/\/www.europesays.com\/es\/wp-json\/wp\/v2\/media?parent=265750"}],"wp:term":[{"taxonomy":"category","embeddable":true,"href":"https:\/\/www.europesays.com\/es\/wp-json\/wp\/v2\/categories?post=265750"},{"taxonomy":"post_tag","embeddable":true,"href":"https:\/\/www.europesays.com\/es\/wp-json\/wp\/v2\/tags?post=265750"}],"curies":[{"name":"wp","href":"https:\/\/api.w.org\/{rel}","templated":true}]}}