{"id":265767,"date":"2025-12-01T17:09:10","date_gmt":"2025-12-01T17:09:10","guid":{"rendered":"https:\/\/www.europesays.com\/es\/265767\/"},"modified":"2025-12-01T17:09:10","modified_gmt":"2025-12-01T17:09:10","slug":"ha-sido-como-una-misa-gospel","status":"publish","type":"post","link":"https:\/\/www.europesays.com\/es\/265767\/","title":{"rendered":"Ha sido como una misa g\u00f3spel"},"content":{"rendered":"<p class=\"article-text\">\n        De tanto imaginarlo parece mentira que haya llegado, pero ya es el lunes despu\u00e9s del \u00faltimo concierto de Joaqu\u00edn Sabina. Un lunes completamente lunes, vaya. La noche previa, la del domingo 30 de noviembre de 2025, queda as\u00ed para la historia de Espa\u00f1a por la <strong>emoci\u00f3n desbordada<\/strong> y la celebraci\u00f3n comunitaria de las 12.000 personas que llenaron el Palacio de los Deportes de Madrid para convertir el recital en algo as\u00ed como una \u00abmisa g\u00f3spel\u00bb de baile, manos al cielo y pura devoci\u00f3n a un cancionero irrebatible como pocos.\u00a0\n    <\/p>\n<p class=\"offer__name\">infoLibre premium<\/p>\n<p>\n                            8\u20ac\/mes<br \/>\n                            75\u20ac\/a\u00f1o\n                        <\/p>\n<p>\n                            Ahorra 21\u20ac\n                        <\/p>\n<p>                                        <a class=\"offer__suscription bh-btn\" href=\"https:\/\/usuarios.infolibre.es\/hazte_socio\/\" rel=\"nofollow noopener\" target=\"_self\" title=\"Suscr\u00edbete\" data-google-interstitial=\"false\" data-dl-subscription-params=\"{&quot;value&quot;:&quot;75&quot;,&quot;currency&quot;:&quot;EUR&quot;,&quot;im_type&quot;:&quot;infoLibre_premium&quot;,&quot;method&quot;:&quot;paywall&quot;,&quot;im_location&quot;:&quot;banner_paywall&quot;,&quot;im_section&quot;:&quot;m\\u00fasica&quot;,&quot;items&quot;:[{&quot;item_name&quot;:&quot;infoLibre_premium&quot;,&quot;price&quot;:&quot;75&quot;,&quot;discount&quot;:&quot;21&quot;,&quot;quantity&quot;:&quot;1&quot;}]}\">Suscr\u00edbete<\/a><\/p>\n<ul class=\"offer__description\">\n<li>Lee art\u00edculos sin l\u00edmites<\/li>\n<li>Sin publicidad<\/li>\n<li>Recibe TintaLibre en tu casa<\/li>\n<\/ul>\n<p class=\"offer__name\">infoLibre total<\/p>\n<p>\n                            6\u20ac\/mes<br \/>\n                            55\u20ac\/a\u00f1o\n                        <\/p>\n<p>\n                            Ahorra 17\u20ac\n                        <\/p>\n<p>                                        <a class=\"offer__suscription bh-btn\" href=\"https:\/\/usuarios.infolibre.es\/hazte_socio\/\" rel=\"nofollow noopener\" target=\"_self\" title=\"Suscr\u00edbete\" data-google-interstitial=\"false\" data-dl-subscription-params=\"{&quot;value&quot;:&quot;55&quot;,&quot;currency&quot;:&quot;EUR&quot;,&quot;im_type&quot;:&quot;infoLibre_total&quot;,&quot;method&quot;:&quot;paywall&quot;,&quot;im_location&quot;:&quot;banner_paywall&quot;,&quot;im_section&quot;:&quot;m\\u00fasica&quot;,&quot;items&quot;:[{&quot;item_name&quot;:&quot;infoLibre_total&quot;,&quot;price&quot;:&quot;55&quot;,&quot;discount&quot;:&quot;17&quot;,&quot;quantity&quot;:&quot;1&quot;}]}\">Suscr\u00edbete<\/a><\/p>\n<ul class=\"offer__description\">\n<li>Lee art\u00edculos sin l\u00edmites<\/li>\n<li>Sin publicidad<\/li>\n<\/ul>\n","protected":false},"excerpt":{"rendered":"De tanto imaginarlo parece mentira que haya llegado, pero ya es el lunes despu\u00e9s del \u00faltimo concierto de&hellip;\n","protected":false},"author":2,"featured_media":265768,"comment_status":"","ping_status":"","sticky":false,"template":"","format":"standard","meta":{"footnotes":""},"categories":[174],"tags":[19156,255,49902,2339,146,147,25,24,256,65802,12360,59613,49025,6746,23,3667],"class_list":{"0":"post-265767","1":"post","2":"type-post","3":"status-publish","4":"format-standard","5":"has-post-thumbnail","7":"category-famosos","8":"tag-amigos","9":"tag-celebrities","10":"tag-comparten","11":"tag-concierto","12":"tag-entertainment","13":"tag-entretenimiento","14":"tag-es","15":"tag-espana","16":"tag-famosos","17":"tag-gospel","18":"tag-misa","19":"tag-sabina","20":"tag-sentimientos","21":"tag-sido","22":"tag-spain","23":"tag-ultimo"},"share_on_mastodon":{"url":"https:\/\/pubeurope.com\/@es\/115645419927355296","error":""},"_links":{"self":[{"href":"https:\/\/www.europesays.com\/es\/wp-json\/wp\/v2\/posts\/265767","targetHints":{"allow":["GET"]}}],"collection":[{"href":"https:\/\/www.europesays.com\/es\/wp-json\/wp\/v2\/posts"}],"about":[{"href":"https:\/\/www.europesays.com\/es\/wp-json\/wp\/v2\/types\/post"}],"author":[{"embeddable":true,"href":"https:\/\/www.europesays.com\/es\/wp-json\/wp\/v2\/users\/2"}],"replies":[{"embeddable":true,"href":"https:\/\/www.europesays.com\/es\/wp-json\/wp\/v2\/comments?post=265767"}],"version-history":[{"count":0,"href":"https:\/\/www.europesays.com\/es\/wp-json\/wp\/v2\/posts\/265767\/revisions"}],"wp:featuredmedia":[{"embeddable":true,"href":"https:\/\/www.europesays.com\/es\/wp-json\/wp\/v2\/media\/265768"}],"wp:attachment":[{"href":"https:\/\/www.europesays.com\/es\/wp-json\/wp\/v2\/media?parent=265767"}],"wp:term":[{"taxonomy":"category","embeddable":true,"href":"https:\/\/www.europesays.com\/es\/wp-json\/wp\/v2\/categories?post=265767"},{"taxonomy":"post_tag","embeddable":true,"href":"https:\/\/www.europesays.com\/es\/wp-json\/wp\/v2\/tags?post=265767"}],"curies":[{"name":"wp","href":"https:\/\/api.w.org\/{rel}","templated":true}]}}