{"id":265769,"date":"2025-12-01T17:10:13","date_gmt":"2025-12-01T17:10:13","guid":{"rendered":"https:\/\/www.europesays.com\/es\/265769\/"},"modified":"2025-12-01T17:10:13","modified_gmt":"2025-12-01T17:10:13","slug":"ojala-me-pidieran-una-escultura-para-la-ciudad-es-lo-que-me-haria-mas-feliz","status":"publish","type":"post","link":"https:\/\/www.europesays.com\/es\/265769\/","title":{"rendered":"\u00abOjal\u00e1 me pidieran una escultura para la ciudad, es lo que me har\u00eda m\u00e1s feliz\u00bb"},"content":{"rendered":"<p>Tras el \u00e9xito de la exposici\u00f3n <strong>Mirall <\/strong>en la <strong>Llotja<\/strong>, el c\u00e9lebre artista catal\u00e1n <strong><a href=\"https:\/\/www.ultimahora.es\/etiqueta\/Jaume+Plensa.html?utm_source=Inline-tag&amp;utm_medium=internal\" rel=\"nofollow noopener\" target=\"_blank\">Jaume Plensa<\/a><\/strong> es, desde este lunes, <strong>Emabajador de Palma.<\/strong> Con esta distinci\u00f3n, el <a href=\"https:\/\/www.ultimahora.es\/etiqueta\/Ajuntament+de+Palma.html?utm_source=Inline-tag&amp;utm_medium=internal\" rel=\"nofollow noopener\" target=\"_blank\">Ajuntament de Palma<\/a>, encabezado por el alcalde, <strong>Jaime Mart\u00ednez<\/strong>, reconoce la trayectoria de personalidades que proyectan el nombre y la imagen de la ciudad m\u00e1s all\u00e1 del \u00e1mbito local.<\/p>\n<p>Plensa ha recibido este lunes de manos de Mart\u00ednez la <strong>escultura de Pep Llambias<\/strong>, una versi\u00f3n a escala reducida de su emblem\u00e1tica pieza Palma, ubicada en el Passeig Sagrera, precisamente muy cerca de <a href=\"https:\/\/www.ultimahora.es\/etiqueta\/La+Llotja.html?utm_source=Inline-tag&amp;utm_medium=internal\" rel=\"nofollow noopener\" target=\"_blank\">la Llotja<\/a>, donde antes de que pudiera verse la muestra de <strong>Joan Mir\u00f3<\/strong> estaba Mirall, de Plensa. \u00abEs un peque\u00f1o<strong> icono de la ciudad<\/strong>; cada d\u00eda que iba amontar la exposici\u00f3n la ve\u00eda\u00bb, ha recordado, a la vez que ha asegurado que es un momento muy emocionante\u00bb. Al acto, celebrado en Can Balaguer, ha contado con la presencia de la presidenta del Govern, <strong><a href=\"https:\/\/www.ultimahora.es\/etiqueta\/Marga+Prohens.html?utm_source=Inline-tag&amp;utm_medium=internal\" rel=\"nofollow noopener\" target=\"_blank\">Marga Prohens<\/a>,<\/strong> as\u00ed como el presidente del Parlament,<strong> <a href=\"https:\/\/www.ultimahora.es\/etiqueta\/Gabriel+Le+Senne.html?utm_source=Inline-tag&amp;utm_medium=internal\" rel=\"nofollow noopener\" target=\"_blank\">Gabriel Le Senne<\/a>,<\/strong> entre muchas otras autoridades y personalidades del mundo de la cultura, <\/p>\n<p>\u00abMe hace mucha ilusi\u00f3n que la ciudad de Palma pensara que yo de alguna manera la pudiera representar o estar vinculado a ella de <strong>forma m\u00e1s estrecha<\/strong>. Desde hace muchos a\u00f1os he realizado proyectos en esta ciudad de manera <strong>espont\u00e1nea<\/strong>, con diferentes organismos, pero la \u00faltima vez, en la Llotja, fue tan emocionante, tan \u00fanico, que me ha emocionado que el alcalde me pidiera esto. Honestamente, no s\u00e9 qu\u00e9 quiere decir ser embajador, pero es que tampoco s\u00e9 qu\u00e9 quiere decir ser artista. Supongo que ya lo ir\u00e9 aprendiendo\u00bb, ha reconocido.<\/p>\n<p><img loading=\"lazy\" decoding=\"async\" src=\"https:\/\/www.europesays.com\/es\/wp-content\/uploads\/2025\/12\/3578881.jpg\" border=\"0\" alt=\"mc0112250012977.jpg\" width=\"2048\" height=\"1365\"\/>&#13;<br \/>\nEl acto, celebrado en la Sala de M\u00fasica de Can Balaguer, cont\u00f3 con una actuaci\u00f3n en directo de un cuarteto de la Banda Municipal de M\u00fasica de Palma.&#13;<\/p>\n<p>\u00abLlevo viniendo a Palma desde que era peque\u00f1o, no nac\u00ed aqu\u00ed, pero por alg\u00fan motivo ha habido una qu\u00edmica con la gente de Mallorca en general y de Palma en particular, que ha hecho que siempre hayamos buscado excusas para estar juntos y forjar una buena <strong>amistad<\/strong>. Transformar esto en una especie de homenaje me ha hecho <strong>mucha ilusi\u00f3n<\/strong>, porque no es un cargo pol\u00edtico evidentemente, sino que es una manera de vincular toda la gente que vive en Palma con gente de otros lugares e intereses. Es un momento en el que deber\u00edamos estar m\u00e1s abiertos a los dem\u00e1s y es algo que mi obra siempre ha buscado: crear puentes con otras culturas, con<strong> otras formas de entender la realidad.<\/strong> Creo que Palma siempre ha sido una ciudad muy abierta en este sentido\u00bb, ha se\u00f1alado.<\/p>\n<p>Sobre la posibilidad de tener m\u00e1s proyectos en el futuro en Ciutat, Plensa ha reconocido que \u00abojal\u00e1 un d\u00eda me pidieran <strong>hacer una escultura para Palma<\/strong>; es lo que me har\u00eda m\u00e1s feliz\u00bb. Respecto a c\u00f3mo ser\u00eda esta hipot\u00e9tica pieza, el autor ha preferido no dar detalles, aunque ha sugerido que \u00absi piensas c\u00f3mo de bien se ha integrado mi obra en la Llotja, creo que ser\u00eda muy \u00fanico\u00bb.<\/p>\n<p>\u00ab<strong>Una exposici\u00f3n empieza cuando se acaba,<\/strong> porque es cuando la gente la echa de menos. Nunca me ha apenado que algo se acabe, porque queda en la memoria, queda el recuerdo que hasta llega a transformar la verdad. Creo que mucha gente se ha quedado con eso de la muestra de la Llotja, porque fue m\u00e1gica, tambi\u00e9n para m\u00ed. Cuando hoy he estado all\u00ed para ver la <strong>exposici\u00f3n de Mir\u00f3<\/strong>, que es preciosa, adem\u00e1s le adoro desde siempre y me llevo muy bien con su familia, he comprobado que queda muy bien, pero tambi\u00e9n he sentido morri\u00f1a por la m\u00eda, porque la m\u00eda fue tambi\u00e9n preciosa. Pero ya la guardas para siempre en tu cabeza\u00bb.<\/p>\n<p>De hecho, cuando se inaugur\u00f3 en la <strong>Nit de l&#8217;Art de 2024<\/strong> ya augur\u00f3 que \u00abnunca m\u00e1s podr\u00eda verla en ning\u00fan otro sitio\u00bb, algo que, un a\u00f1o despu\u00e9s, mantiene. \u00abSe ha editado un libro en <strong>Par\u00eds<\/strong> y la portada es una fotograf\u00eda de la muestra de la Llotja. Es una obra que ha marcado mucho mi obra. Es algo que noto que me ha pasado mucho en Mallorca. Ya hice una exposici\u00f3n en el <strong>Aljub de Es Baluard Museu<\/strong>, que me marc\u00f3 profundamente, cuando trabajaba en la percusi\u00f3n en aquel momento. Aqu\u00ed en Mallorca me han pasado muchas cosas. El alcalde ha hablado de <strong>Pollen\u00e7a<\/strong> y tambi\u00e9n fue muy importante porque trabajaba con percusiones de agua\u00bb, ha detallado.<\/p>\n<p>Asimismo, Mart\u00ednez ha recordado que Palma aspira a ser designada <strong>Capital Europea de la Cultura para el a\u00f1o 2031<\/strong> a trav\u00e9s de una candidatura que ha calificado de \u00abplural y abierta\u00bb. El alcalde ha zanjado su discurso con unas palabras cargadas de emotividad: <strong>\u00abPalma i Plemsa per sempre<\/strong>\u00bb, sin duda una garant\u00eda de compromiso que, lejos de caer en el olvido, es una promesa que se impondr\u00e1 al paso del tiempo.<\/p>\n","protected":false},"excerpt":{"rendered":"Tras el \u00e9xito de la exposici\u00f3n Mirall en la Llotja, el c\u00e9lebre artista catal\u00e1n Jaume Plensa es, desde&hellip;\n","protected":false},"author":2,"featured_media":265770,"comment_status":"","ping_status":"","sticky":false,"template":"","format":"standard","meta":{"footnotes":""},"categories":[173],"tags":[24622,229,1829,233,231,230,209,232,234,146,147,25,24,65803,58136,63009,65804,21550,23],"class_list":{"0":"post-265769","1":"post","2":"type-post","3":"status-publish","4":"format-standard","5":"has-post-thumbnail","7":"category-arte-y-diseno","8":"tag-ajuntament-de-palma","9":"tag-arte","10":"tag-arte-en-mallorca","11":"tag-arte-y-diseno","12":"tag-arts","13":"tag-arts-and-design","14":"tag-cultura","15":"tag-design","16":"tag-diseno","17":"tag-entertainment","18":"tag-entretenimiento","19":"tag-es","20":"tag-espana","21":"tag-gabriel-le-senne","22":"tag-govern-de-les-illes-balears","23":"tag-jaume-plensa","24":"tag-la-llotja","25":"tag-marga-prohens","26":"tag-spain"},"share_on_mastodon":{"url":"https:\/\/pubeurope.com\/@es\/115645423993227340","error":""},"_links":{"self":[{"href":"https:\/\/www.europesays.com\/es\/wp-json\/wp\/v2\/posts\/265769","targetHints":{"allow":["GET"]}}],"collection":[{"href":"https:\/\/www.europesays.com\/es\/wp-json\/wp\/v2\/posts"}],"about":[{"href":"https:\/\/www.europesays.com\/es\/wp-json\/wp\/v2\/types\/post"}],"author":[{"embeddable":true,"href":"https:\/\/www.europesays.com\/es\/wp-json\/wp\/v2\/users\/2"}],"replies":[{"embeddable":true,"href":"https:\/\/www.europesays.com\/es\/wp-json\/wp\/v2\/comments?post=265769"}],"version-history":[{"count":0,"href":"https:\/\/www.europesays.com\/es\/wp-json\/wp\/v2\/posts\/265769\/revisions"}],"wp:featuredmedia":[{"embeddable":true,"href":"https:\/\/www.europesays.com\/es\/wp-json\/wp\/v2\/media\/265770"}],"wp:attachment":[{"href":"https:\/\/www.europesays.com\/es\/wp-json\/wp\/v2\/media?parent=265769"}],"wp:term":[{"taxonomy":"category","embeddable":true,"href":"https:\/\/www.europesays.com\/es\/wp-json\/wp\/v2\/categories?post=265769"},{"taxonomy":"post_tag","embeddable":true,"href":"https:\/\/www.europesays.com\/es\/wp-json\/wp\/v2\/tags?post=265769"}],"curies":[{"name":"wp","href":"https:\/\/api.w.org\/{rel}","templated":true}]}}