{"id":265781,"date":"2025-12-01T17:17:25","date_gmt":"2025-12-01T17:17:25","guid":{"rendered":"https:\/\/www.europesays.com\/es\/265781\/"},"modified":"2025-12-01T17:17:25","modified_gmt":"2025-12-01T17:17:25","slug":"las-imagenes-de-su-cita-mas-especial-en-un-conocido-restaurante-de-buenos-aires","status":"publish","type":"post","link":"https:\/\/www.europesays.com\/es\/265781\/","title":{"rendered":"las im\u00e1genes de su cita m\u00e1s especial en un conocido restaurante de Buenos Aires"},"content":{"rendered":"<p id=\"e0mq-Y-H8_\" data-wc=\"114\">Ya lo dice en una de sus \u00faltimas canciones, Reliquia: <strong>&#8216;El cielo naci\u00f3 en Buenos Aires&#8217;<\/strong> y no ha dudado en volver a comprobarlo. <strong>Rosal\u00eda\u00a0<\/strong>se ha dado un aut\u00e9ntico ba\u00f1o de masas en <strong>Argentina, pa\u00eds que ha visitado recientemente con motivo de la promoci\u00f3n de su \u00faltimo disco: Lux.<\/strong> All\u00ed, la cantante catalana ha dado todos los pasos requeridos y necesarios para que sus ciudadanos la conviertan en hija adoptiva del pa\u00eds:<strong>\u00a0beber mate, visitar La Bombonera, el estadio de Boca Juniors<\/strong> -uno de los equipos de f\u00fatbol m\u00e1s importantes del pa\u00eds y del mundo, donde jug\u00f3 Diego Armando Maradona- y empaparse de la cultura local, ya sea a nivel musical o gastron\u00f3mico.\u00a0<\/p>\n<p> <img src=\"https:\/\/www.europesays.com\/es\/wp-content\/uploads\/2025\/12\/1ae7466cb12f-snapinstato587948809185598462340534578159457254232531722n.jpg\"   width=\"768\" height=\"1024\" loading=\"lazy\" decoding=\"async\" alt=\"Como dice en su canci\u00f3n 'Reliquia': 'El cielo naci\u00f3 en Buenos Aires'\" fetchpriority=\"auto\" class=\"image ho-image\"\/>\u00a9 @rosalia.vtComo dice en su canci\u00f3n &#8216;Reliquia&#8217;: &#8216;El cielo naci\u00f3 en Buenos Aires&#8217;<\/p>\n<p> <img src=\"https:\/\/www.europesays.com\/es\/wp-content\/uploads\/2025\/12\/55047d170dad-snapinstato589162161185598463270534575588319542924246822n.jpg\"   width=\"768\" height=\"1024\" loading=\"lazy\" decoding=\"async\" alt=\"Rosal\u00eda en Buenos Aires\" fetchpriority=\"auto\" class=\"image ho-image\"\/>\u00a9 @rosalia.vtLas vistas desde el Obelisco de Buenos Aires<\/p>\n<p> <img src=\"https:\/\/www.europesays.com\/es\/wp-content\/uploads\/2025\/12\/30f5d6bcabe5-snapinstato590417446185598461980534572273441710638325576n.jpg\"   width=\"768\" height=\"1024\" loading=\"lazy\" decoding=\"async\" alt=\"Rosal\u00eda ha probado el mate, la bebida m\u00e1s t\u00edpica argentina\" fetchpriority=\"auto\" class=\"image ho-image\"\/>\u00a9 @rosalia.vtRosal\u00eda ha probado el mate, la bebida m\u00e1s t\u00edpica argentina<\/p>\n<p> <img src=\"https:\/\/www.europesays.com\/es\/wp-content\/uploads\/2025\/12\/716fb3333e18-snapinstato590412557185598461860534576865316042794543803n.jpg\"   width=\"768\" height=\"1024\" loading=\"lazy\" decoding=\"async\" alt=\"En su viaje a Argentina, la cantante catalana no ha dudado en convertirse en una m\u00e1s, haciendo infinidad de actividades con locales para empaparse de su cultura\" fetchpriority=\"auto\" class=\"image ho-image\"\/>\u00a9 @rosalia.vtEn su viaje a Argentina, la cantante catalana no ha dudado en convertirse en una m\u00e1s, haciendo infinidad de actividades con locales para empaparse de su cultura<\/p>\n<p> <img src=\"https:\/\/www.europesays.com\/es\/wp-content\/uploads\/2025\/12\/7090e01fdf8e-snapinstato587799659185598461380534578323317150923600613n.jpg\"   width=\"768\" height=\"1024\" loading=\"lazy\" decoding=\"async\" alt=\"Rosal\u00eda junto al rapero Trueno y el 'streamer' Momo en La Bombonera, estadio de Boca Juniors\" fetchpriority=\"auto\" class=\"image ho-image\"\/>\u00a9 @rosalia.vtRosal\u00eda junto al rapero Trueno y el &#8216;streamer&#8217; Momo en La Bombonera, estadio de Boca Juniors<\/p>\n<p id=\"eUwkLoVoJEM\" data-wc=\"111\">La hemos visto junto a la leyenda Charly Garc\u00eda, visitando la iglesia en la que naci\u00f3 el papa Francisco, asistiendo al concierto de Cindy Cats -un colectivo cultural y musical- y compartiendo escena junto a la actriz catalana <strong>\u00darsula Corber\u00f3<\/strong> -que sigue presumiendo de curvas premam\u00e1-, y las argentinas<strong>\u00a0Lali Esp\u00f3sito<\/strong> y <strong>Emilia Mernes<\/strong>. La cantante argentina, una asidua de Espa\u00f1a, ha compartido una serie de<strong>\u00a0im\u00e1genes de ellas cuatro en el restaurante Don Julio<\/strong>. En las instant\u00e1neas se puede ver a las cuatro junto a Albert Cusell, amigo de Rosal\u00eda -a quien vimos recientemente junto a ella en el US Open-, posando en una b\u00f3veda repleta de botellas de vino. \u00a0<\/p>\n<p> <img src=\"https:\/\/www.europesays.com\/es\/wp-content\/uploads\/2025\/12\/f0b3c59de226-snapinstato587782065185510003530502941743289046962316387n.jpg\"   width=\"768\" height=\"1024\" loading=\"lazy\" decoding=\"async\" alt=\"Rosal\u00eda ha aprovechado su visita a Buenos Aires para compartir una velada entre aut\u00e9nticas reinas\" fetchpriority=\"auto\" class=\"image ho-image\"\/>\u00a9 @laliRosal\u00eda ha aprovechado su visita a Buenos Aires para compartir una velada entre aut\u00e9nticas reinas<\/p>\n<p> <img src=\"https:\/\/www.europesays.com\/es\/wp-content\/uploads\/2025\/12\/aab8af2f57df-snapinstato587291616185510004670502941990216811447538372n.jpg\"   width=\"768\" height=\"1024\" loading=\"lazy\" decoding=\"async\" alt=\"Adem\u00e1s de Lali, Rosal\u00eda tambi\u00e9n comparti\u00f3 una deliciosa comida junto a \u00darsula Corber\u00f3, que ya presume de embarazo, y la tambi\u00e9n cantante Emilia Mernes\" fetchpriority=\"auto\" class=\"image ho-image\"\/>\u00a9 @laliAdem\u00e1s de Lali, Rosal\u00eda tambi\u00e9n comparti\u00f3 una deliciosa comida junto a \u00darsula Corber\u00f3, que ya presume de embarazo, y la tambi\u00e9n cantante Emilia Mernes<\/p>\n<p> <img src=\"https:\/\/www.europesays.com\/es\/wp-content\/uploads\/2025\/12\/07fe1c40347d-snapinstato587783323185510005000502944474062679450754367n.jpg\"   width=\"768\" height=\"1024\" loading=\"lazy\" decoding=\"async\" alt=\"Lali ha compartido una serie de im\u00e1genes junto a Rosal\u00eda en un conocido restaurante de Buenos Aires\" fetchpriority=\"auto\" class=\"image ho-image\"\/>\u00a9 @laliLali ha compartido una serie de im\u00e1genes junto a Rosal\u00eda en un conocido restaurante de Buenos Aires<\/p>\n<p id=\"esJwr74JU9\" data-wc=\"117\">En la instant\u00e1nea <a class=\"hm-link ho-link\" href=\"https:\/\/www.hola.com\/actualidad\/20251128870063\/ursula-corbero-presume-embarazo-buenos-aires-detalle-pista-bebe\/\" rel=\"noopener nofollow\" target=\"_blank\" data-mrf-recirculation=\"article-body-link\">podemos ver a \u00darsula presumiendo de embarazo y con un look\u00a0que seguro sirve de inspiraci\u00f3n para las futuras mam\u00e1s<\/a>: un sencillo conjunto de vaqueros y camisa cropped\u00a0que muestra su incipiente embarazo. En un estado bastante avanzado, la actriz catalana est\u00e1 contando los d\u00edas para convertirse en madre junto a su pareja, el argentino Chino Dar\u00edn. Las amigas han aprovechado la visita de Rosal\u00eda para ponerse al d\u00eda y celebrar una velada conjunta antes de que sus agendas no se entrelacen por motivos vitales o profesionales. Horas despu\u00e9s, la &#8216;exmotomami&#8217; puso rumbo a Brasil, pues este domingo organizaba una nueva listening party, aunque en esta ocasi\u00f3n, con una localizaci\u00f3n de lo m\u00e1s especial.\u00a0<\/p>\n<p> <img src=\"https:\/\/www.europesays.com\/es\/wp-content\/uploads\/2025\/12\/3fcdaf00140a-dlu592634140-1.jpg\"   width=\"761\" height=\"1024\" loading=\"lazy\" decoding=\"async\" alt=\"\u00darsula Corber\u00f3 en el desfile de Chanel en la Paris Fashion Week el 6 de octubre de 2025\" fetchpriority=\"auto\" class=\"image ho-image\"\/>\u00a9 GTRES\u00darsula Corber\u00f3 en el desfile de Chanel en la Paris Fashion Week el 6 de octubre de 2025<\/p>\n<p data-wc=\"101\" id=\"ez2N7dMtxe9\">La int\u00e9rprete, que <a class=\"hm-link ho-link\" href=\"https:\/\/www.hola.com\/actualidad\/20251128870063\/ursula-corbero-presume-embarazo-buenos-aires-detalle-pista-bebe\/\" rel=\"noopener nofollow\" target=\"_blank\" data-mrf-recirculation=\"article-body-link\">est\u00e1 aprovechando para hacer diferentes planes con sus suegros<\/a>, Ricardo Dar\u00edn y Florencia Bas, adem\u00e1s de su cu\u00f1ada, Clara Dar\u00edn, fue vista hace unas semanas junto a unos amigos en <strong>una cafeter\u00eda del barrio de Colegiales, cerca de Palermo, en Buenos Aires<\/strong>. Debido a su avanzado estado de gestaci\u00f3n, muchos se preguntan si se quedar\u00e1 en el pa\u00eds natal de su novio para dar a luz all\u00ed o si regresar\u00e1 a Espa\u00f1a. La s\u00f3lida pareja de actores <a class=\"hm-link ho-link\" href=\"https:\/\/www.hola.com\/actualidad\/20250909854809\/ursula-cobero-chino-darin-embarazo-hijo\/\" rel=\"noopener nofollow\" target=\"_blank\" data-mrf-recirculation=\"article-body-link\">anunci\u00f3 la buena nueva a principios de septiembre con una preciosa imagen<\/a> de \u00darsula en la que ya presum\u00eda de barriguita.\u00a0<\/p>\n<p> <img src=\"https:\/\/www.europesays.com\/es\/wp-content\/uploads\/2025\/12\/3db9159c8a46-ursula-corbero-foto2.jpg\"   width=\"632\" height=\"1024\" loading=\"lazy\" decoding=\"async\" alt=\"\u00darsula Corber\u00f3 presume de embarazo en Buenos Aires\" fetchpriority=\"auto\" class=\"image ho-image\"\/>\u00a9 ursulolita\u00darsula Corber\u00f3 presume de embarazo en Buenos Aires<\/p>\n<p> <img src=\"https:\/\/www.europesays.com\/es\/wp-content\/uploads\/2025\/12\/ebb2ba3808b2-saveclipapp561397849185451228970394684703053577074566043n.jpg\"   width=\"1024\" height=\"641\" loading=\"lazy\" decoding=\"async\" alt=\"\u00darsula Corber\u00f3\" fetchpriority=\"auto\" class=\"image ho-image\"\/>\u00a9 ursulolitaLa actriz anunciaba el pasado mes de septiembre junto a su pareja, el argentino Chino Dar\u00edn, que estaban esperando su primer hijo<br \/>\nLa octava maravilla del mundo<\/p>\n<p id=\"exILNgOZwXt\" data-wc=\"150\">Rosal\u00eda viaj\u00f3 hasta R\u00edo de Janeiro para presentar su \u00faltimo disco a su p\u00fablico brasile\u00f1o en uno de los grandes emblemas de la ciudad: el <strong>Cristo Redentor<\/strong>. Hasta all\u00ed ha subido la cantante para proyectar las letras de Lux\u00a0en una de las siete maravillas del mundo. \u00abAhora que ya ha salido Lux\u00a0me gustar\u00eda compartir lo agradecida que le estoy a la vida por haber podido dedicar mis 3 \u00faltimos a\u00f1os a la creaci\u00f3n de este \u00e1lbum y <a class=\"hm-link ho-link\" href=\"https:\/\/www.hola.com\/actualidad\/20251123868074\/rosalia-analisis-fenomeno-mundial-cifras-millonarias-amores-revolucion-estetica-musical\/\" rel=\"noopener nofollow\" target=\"_blank\" data-mrf-recirculation=\"article-body-link\">no puedo estar m\u00e1s agradecida a todos y cada uno de los que hab\u00e9is formado parte de ello<\/a> haciendo posible que este disco exista. <strong>Gracias a Dios, a todos los que me han ense\u00f1ado a lo largo de estos a\u00f1os, a todas las mujeres que me han inspirado y al mundo entero por recibirlo as\u00ed<\/strong>\u00ab, coment\u00f3 la cantante hace unas semanas tras el \u00e9xito conseguido con su cuarto disco de estudio.<\/p>\n<p> <img src=\"https:\/\/www.europesays.com\/es\/wp-content\/uploads\/2025\/12\/ae7581f38127-583888427185578488040534574746246020769777785n.jpg\"   width=\"768\" height=\"1024\" loading=\"lazy\" decoding=\"async\" alt=\"Rosal\u00eda trabajando en el estudio \" fetchpriority=\"auto\" class=\"image ho-image\"\/>\u00a9 rosalia.vtRosal\u00eda trabajando en el estudio <\/p>\n<p> <img src=\"https:\/\/www.europesays.com\/es\/wp-content\/uploads\/2025\/12\/520b948cd08e-57432130418554390758053457287653002548971634n.jpg\"   width=\"768\" height=\"1024\" loading=\"lazy\" decoding=\"async\" alt=\"Rosal\u00eda el d\u00eda del estreno del \u00e1lbum\" fetchpriority=\"auto\" class=\"image ho-image\"\/>\u00a9 rosalia.vtRosal\u00eda el d\u00eda del estreno del \u00e1lbum<\/p>\n<p id=\"eyuQnFT_WY\" data-wc=\"130\"><strong>Sin duda, la cantante catalana est\u00e1, como Dios, en todas partes<\/strong>. Unas semanas antes visit\u00f3 Nueva York para presentar el \u00e1lbum en<strong>\u00a0The Tonight Show Starring Jimmy Fallon<\/strong>. En su plat\u00f3 <a class=\"hm-link ho-link\" href=\"https:\/\/www.hola.com\/actualidad\/20251117867838\/rosalia-jimmy-fallon\/\" rel=\"noopener nofollow\" target=\"_blank\" data-mrf-recirculation=\"article-body-link\">cant\u00f3 La Perla y ense\u00f1\u00f3 al presentador a tocar las palmas como lo hacen en Jerez<\/a>. \u00abTienes que ir\u00bb, le dijo Rosal\u00eda en ingl\u00e9s. Durante la entrevista, Jimmy Fallon tambi\u00e9n le pregunt\u00f3 sobre su participaci\u00f3n en la pr\u00f3xima temporada de <strong>Euphoria<\/strong>, la serie que la generaci\u00f3n Z abraz\u00f3 con convicci\u00f3n. Los nuevos cap\u00edtulos, que llegar\u00e1n durante la primavera de 2026, supondr\u00e1n el debut actoral de la artista catalana, que no ha querido desvelar c\u00f3mo ser\u00e1 su personaje. Sin dar ninguna pista concreta, coment\u00f3 que \u00ab<strong>tuve que partirme la cabeza en dos<\/strong>\u00bb para afrontar el proyecto. \u00ab<strong>Todo un reto<\/strong>\u00ab, asegur\u00f3.\u00a0<\/p>\n<p> <img src=\"https:\/\/www.europesays.com\/es\/wp-content\/uploads\/2025\/12\/4d1e7ee1122b-gettyimages-2246530979cut.jpg\"   width=\"682\" height=\"1024\" loading=\"lazy\" decoding=\"async\" alt=\"Rosal\u00eda en el show de Jimmy Fallon\" fetchpriority=\"auto\" class=\"image ho-image\"\/>\u00a9 Todd Owyoung\/NBC via Getty ImageRosal\u00eda en &#8216;The Tonight Show&#8217;, presentado por Jimmy Fallon<\/p>\n","protected":false},"excerpt":{"rendered":"Ya lo dice en una de sus \u00faltimas canciones, Reliquia: &#8216;El cielo naci\u00f3 en Buenos Aires&#8217; y no&hellip;\n","protected":false},"author":2,"featured_media":265782,"comment_status":"","ping_status":"","sticky":false,"template":"","format":"standard","meta":{"footnotes":""},"categories":[91],"tags":[517,146,147,25,24,44107,185,4147,23,19421],"class_list":{"0":"post-265781","1":"post","2":"type-post","3":"status-publish","4":"format-standard","5":"has-post-thumbnail","7":"category-entretenimiento","8":"tag-actualidad","9":"tag-entertainment","10":"tag-entretenimiento","11":"tag-es","12":"tag-espana","13":"tag-lali-esposito","14":"tag-musica","15":"tag-rosalia","16":"tag-spain","17":"tag-ursula-corbero"},"share_on_mastodon":{"url":"https:\/\/pubeurope.com\/@es\/115645452062680978","error":""},"_links":{"self":[{"href":"https:\/\/www.europesays.com\/es\/wp-json\/wp\/v2\/posts\/265781","targetHints":{"allow":["GET"]}}],"collection":[{"href":"https:\/\/www.europesays.com\/es\/wp-json\/wp\/v2\/posts"}],"about":[{"href":"https:\/\/www.europesays.com\/es\/wp-json\/wp\/v2\/types\/post"}],"author":[{"embeddable":true,"href":"https:\/\/www.europesays.com\/es\/wp-json\/wp\/v2\/users\/2"}],"replies":[{"embeddable":true,"href":"https:\/\/www.europesays.com\/es\/wp-json\/wp\/v2\/comments?post=265781"}],"version-history":[{"count":0,"href":"https:\/\/www.europesays.com\/es\/wp-json\/wp\/v2\/posts\/265781\/revisions"}],"wp:featuredmedia":[{"embeddable":true,"href":"https:\/\/www.europesays.com\/es\/wp-json\/wp\/v2\/media\/265782"}],"wp:attachment":[{"href":"https:\/\/www.europesays.com\/es\/wp-json\/wp\/v2\/media?parent=265781"}],"wp:term":[{"taxonomy":"category","embeddable":true,"href":"https:\/\/www.europesays.com\/es\/wp-json\/wp\/v2\/categories?post=265781"},{"taxonomy":"post_tag","embeddable":true,"href":"https:\/\/www.europesays.com\/es\/wp-json\/wp\/v2\/tags?post=265781"}],"curies":[{"name":"wp","href":"https:\/\/api.w.org\/{rel}","templated":true}]}}