{"id":265788,"date":"2025-12-01T17:21:10","date_gmt":"2025-12-01T17:21:10","guid":{"rendered":"https:\/\/www.europesays.com\/es\/265788\/"},"modified":"2025-12-01T17:21:10","modified_gmt":"2025-12-01T17:21:10","slug":"zarzuela-ve-su-ultimo-video-inoportuno-e-innecesario","status":"publish","type":"post","link":"https:\/\/www.europesays.com\/es\/265788\/","title":{"rendered":"Zarzuela ve su \u00faltimo v\u00eddeo \u00abinoportuno e innecesario\u00bb"},"content":{"rendered":"\n<p> \u00abNi oportuno ni necesario\u00bb. La Casa del Rey no ve con buenos ojos<a href=\"https:\/\/www.vanitatis.elconfidencial.com\/casas-reales\/2025-12-01\/video-rey-juan-carlos-espanoles-felipe-vi-inesperado_4258067\/\" target=\"_self\" rel=\"nofollow noopener\"> el v\u00eddeo publicado en redes sociales <\/a>en el que Don Juan Carlos env\u00eda un mensaje a los j\u00f3venes espa\u00f1oles, pidi\u00e9ndoles que apoyen la labor de su hijo, el rey Felipe VI.  As\u00ed lo trasladan fuentes de Zarzuela, recogidas por Europa Press, que consideran que esta grabaci\u00f3n \u00abno parece oportuna ni necesaria\u00bb; expresando adem\u00e1s que<strong> no hab\u00edan sido informados de antemano<\/strong> sobre ella.  <\/p>\n<p> En apenas un minuto y medio, y con la bandera de Espa\u00f1a de fondo, Juan Carlos I lanza un mensaje a los j\u00f3venes, especialmente a aquellos que no conocen la historia de Espa\u00f1a. \u00abQuiero que sep\u00e1is que vuestros padres, vuestros abuelos y muchos espa\u00f1oles unidos conseguimos<strong> hacer una Transici\u00f3n ejemplar<\/strong>, dar un cambio a este pa\u00eds en unas circunstancias muy complejas en las que todos tuvimos que <strong>esforzarnos y arriesgar,<\/strong> pero con la generosidad y el esfuerzo de todos logramos que <strong>este pa\u00eds sea lo que hoy es<\/strong>\u00ab, reivindica el padre del Rey. <\/p>\n<p> \u00abHe realizado el esfuerzo de escribir mis memorias con la idea de que vuestros padres puedan recordar momentos hist\u00f3ricos y que vosotros pod\u00e1is conocer la historia reciente de vuestro pa\u00eds, <strong>sin distorsiones interesadas<\/strong>\u00ab, defiende en el v\u00eddeo Don Juan Carlos, justificando la publicaci\u00f3n de &#8216;Reconciliaci\u00f3n&#8217;, el libro que recoge sus memorias y que ya est\u00e1 a la venta en Francia desde el pasado 5 de noviembre y que saldr\u00e1 en Espa\u00f1a el d\u00eda 3 de diciembre coincidiendo con <a href=\"https:\/\/www.elconfidencial.com\/espana\/2025-11-22\/juan-carlos-i-del_4252072\/\" target=\"_self\" rel=\"nofollow noopener\">el 50 aniversario de su proclamaci\u00f3n<\/a>. <\/p>\n<p> En esa l\u00ednea, el em\u00e9rito explica que su voluntad no es otra que la de contar un periodo de la historia de Espa\u00f1a<strong> \u00aben primera persona\u00bb <\/strong>\u2014en el que hubo acontecimientos que \u00abhan marcado el futuro\u00bb de Espa\u00f1a\u2014, adem\u00e1s de su \u00ablegado\u00bb que ha podido dejar como monarca. \u00abLa monarqu\u00eda ha jugado<strong> un papel esencial <\/strong>en todo esta Transici\u00f3n, una posici\u00f3n institucional y de relaciones en las que <strong>hemos conseguido conectar a Espa\u00f1a <\/strong>con el resto del mundo\u00bb, remarca. <\/p>\n<p>              <img decoding=\"async\" class=\"inTextNews__img\" alt=\"Foto: juan-carlos-i-del\" src=\"https:\/\/www.europesays.com\/es\/wp-content\/uploads\/2025\/12\/f.elconfidencial.com\/original\/e53\/5d9\/53d\/e535d953d25bfa5b269a7079653a61c7.jpg\"  \/>     <\/p>\n<p>TE PUEDE INTERESAR<\/p>\n<p>      <a class=\"inTextNews__title\" href=\"https:\/\/www.elconfidencial.com\/espana\/2025-11-22\/juan-carlos-i-del_4252072\/\" onclick=\"window.ECCO.emit(&#039;amplitude&#039;, { dataEventName: &#039;click_related_article_module&#039;, data: { related_article_url: &#039;https:\/\/www.elconfidencial.com\/espana\/2025-11-22\/juan-carlos-i-del_4252072\/&#039;, related_article_author: &#039;Juan Fern\u00e1ndez-Miranda,Emma Esser,Blanca Casanova,Marta Ley,Mar\u00eda Mateo&#039;, related_article_section: &#039;espana&#039; } })\" rel=\"nofollow noopener\" target=\"_blank\"> Juan Carlos I: Del \u00abMi querido general\u00bb a desmontar el Franquismo en cinco movimientos <\/a>   <\/p>\n<p>    Juan Fern\u00e1ndez-Miranda     Dise\u00f1o: Emma Esser     Dise\u00f1o: Blanca Casanova     Datos: Marta Ley     Desarrollo: Mar\u00eda Mateo   <\/p>\n<p> \u00abOs pido<strong> que apoy\u00e9is a mi hijo el rey Felipe<\/strong> en este duro trabajo que es unir a todos los espa\u00f1oles y que Espa\u00f1a siga siendo y jugando un papel tan relevante en el mundo\u00bb, reclama Don Juan Carlos, que concluye la grabaci\u00f3n con un agradecimiento: \u00abGracias por escucharme, un fuerte abrazo\u00bb. <\/p>\n<p> Esta es <strong>la primera vez <\/strong>que el padre del Rey dirige un mensaje a los espa\u00f1oles desde que abdic\u00f3 en el a\u00f1o 2014 y desde que instalase <a href=\"https:\/\/www.elconfidencial.com\/espana\/2020-08-17\/el-rey-emerito-juan-carlos-i-hace-oficial-su-traslado-a-abu-dabi-para-cumplir-el-destierro_2707775\/\" target=\"_self\" rel=\"nofollow noopener\">su residencia en Emiratos \u00c1rabes Unidos<\/a> en el verano de 2020. No obstante, el pasado 26 de noviembre la cadena France 3 <strong>una entrevista <\/strong>en la que Don Juan Carlos respondi\u00f3 a varias preguntas sobre sus memorias, la relaci\u00f3n con su hijo y su papel como jefe del Estado.  <\/p>\n<p> \u00abNi oportuno ni necesario\u00bb. La Casa del Rey no ve con buenos ojos<a href=\"https:\/\/www.vanitatis.elconfidencial.com\/casas-reales\/2025-12-01\/video-rey-juan-carlos-espanoles-felipe-vi-inesperado_4258067\/\" target=\"_self\" rel=\"nofollow noopener\"> el v\u00eddeo publicado en redes sociales <\/a>en el que Don Juan Carlos env\u00eda un mensaje a los j\u00f3venes espa\u00f1oles, pidi\u00e9ndoles que apoyen la labor de su hijo, el rey Felipe VI.  As\u00ed lo trasladan fuentes de Zarzuela, recogidas por Europa Press, que consideran que esta grabaci\u00f3n \u00abno parece oportuna ni necesaria\u00bb; expresando adem\u00e1s que<strong> no hab\u00edan sido informados de antemano<\/strong> sobre ella.  <\/p>\n","protected":false},"excerpt":{"rendered":"\u00abNi oportuno ni necesario\u00bb. La Casa del Rey no ve con buenos ojos el v\u00eddeo publicado en redes&hellip;\n","protected":false},"author":2,"featured_media":265789,"comment_status":"","ping_status":"","sticky":false,"template":"","format":"standard","meta":{"footnotes":""},"categories":[8],"tags":[17,18,25,24,13,14,11,19,20,9,10,15,16,23,12,21,22],"class_list":{"0":"post-265788","1":"post","2":"type-post","3":"status-publish","4":"format-standard","5":"has-post-thumbnail","7":"category-espana","8":"tag-breaking-news","9":"tag-breakingnews","10":"tag-es","11":"tag-espana","12":"tag-featured-news","13":"tag-featurednews","14":"tag-headlines","15":"tag-latest-news","16":"tag-latestnews","17":"tag-news","18":"tag-noticias","19":"tag-noticias-destacadas","20":"tag-noticiasdestacadas","21":"tag-spain","22":"tag-titulares","23":"tag-ultimas-noticias","24":"tag-ultimasnoticias"},"share_on_mastodon":{"url":"https:\/\/pubeurope.com\/@es\/115645467148267030","error":""},"_links":{"self":[{"href":"https:\/\/www.europesays.com\/es\/wp-json\/wp\/v2\/posts\/265788","targetHints":{"allow":["GET"]}}],"collection":[{"href":"https:\/\/www.europesays.com\/es\/wp-json\/wp\/v2\/posts"}],"about":[{"href":"https:\/\/www.europesays.com\/es\/wp-json\/wp\/v2\/types\/post"}],"author":[{"embeddable":true,"href":"https:\/\/www.europesays.com\/es\/wp-json\/wp\/v2\/users\/2"}],"replies":[{"embeddable":true,"href":"https:\/\/www.europesays.com\/es\/wp-json\/wp\/v2\/comments?post=265788"}],"version-history":[{"count":0,"href":"https:\/\/www.europesays.com\/es\/wp-json\/wp\/v2\/posts\/265788\/revisions"}],"wp:featuredmedia":[{"embeddable":true,"href":"https:\/\/www.europesays.com\/es\/wp-json\/wp\/v2\/media\/265789"}],"wp:attachment":[{"href":"https:\/\/www.europesays.com\/es\/wp-json\/wp\/v2\/media?parent=265788"}],"wp:term":[{"taxonomy":"category","embeddable":true,"href":"https:\/\/www.europesays.com\/es\/wp-json\/wp\/v2\/categories?post=265788"},{"taxonomy":"post_tag","embeddable":true,"href":"https:\/\/www.europesays.com\/es\/wp-json\/wp\/v2\/tags?post=265788"}],"curies":[{"name":"wp","href":"https:\/\/api.w.org\/{rel}","templated":true}]}}