{"id":26579,"date":"2025-08-05T05:58:08","date_gmt":"2025-08-05T05:58:08","guid":{"rendered":"https:\/\/www.europesays.com\/es\/26579\/"},"modified":"2025-08-05T05:58:08","modified_gmt":"2025-08-05T05:58:08","slug":"frente-a-mi-musa-es-complicado-no-estar-nervioso","status":"publish","type":"post","link":"https:\/\/www.europesays.com\/es\/26579\/","title":{"rendered":"Frente a mi musa es complicado no estar nervioso"},"content":{"rendered":"<p class=\"c-paragraph\"><a href=\"https:\/\/www.20minutos.es\/tags\/temas\/patricia-pardo.html\" title=\"Patricia Pardo\" rel=\"nofollow noopener\" target=\"_blank\">Patricia Pardo<\/a> y <a href=\"https:\/\/www.20minutos.es\/tags\/personas\/christian-galvez.html\" title=\"Christian G\u00e1lvez\" rel=\"nofollow noopener\" target=\"_blank\">Christian G\u00e1lvez<\/a> est\u00e1n disfrutando de unas <b>rom\u00e1nticas vacaciones en Grecia<\/b>. Los presentadores llevan unos d\u00edas en Atenas y han compartido a trav\u00e9s de sus redes sociales varias im\u00e1genes de esta escapada tan especial para ellos.<\/p>\n<p class=\"c-paragraph\">Uno de los sitios tur\u00edsticos que han visitado ha sido el emblem\u00e1tico Parten\u00f3n. All\u00ed, la que a partir de septiembre ser\u00e1 la conductora de <a href=\"https:\/\/www.20minutos.es\/tags\/instituciones-empresas\/vamos-a-ver.html\" title=\"Vamos a ver\" rel=\"nofollow noopener\" target=\"_blank\">Vamos a ver<\/a> <b>ha recreado una sesi\u00f3n de fotos<\/b> que ya se hizo a\u00f1os atr\u00e1s en otro viaje a la capital griega.<\/p>\n<p class=\"c-paragraph\">\u00abChristian\u00a0lo ha intentado, pero <b>hacer fotos parecidas a las que me hizo\u00a0\u00c1lex Rodr\u00edguez\u00a0hace cuatro a\u00f1os es misi\u00f3n imposible<\/b>\u00ab, es el texto con el que Patricia Pardo ha acompa\u00f1ado el carrete de instant\u00e1neas publicado en su perfil de Instagram.<\/p>\n<p class=\"c-paragraph\">A este comentario, han respondido tanto su pareja como su amigo y compa\u00f1ero de profesi\u00f3n. \u00abEn defensa de Christian\u00a0dir\u00e9 que, aunque<b> claramente mis fotos son mejores y est\u00e1n mejor encuadradas<\/b>, el puntito de felicidad y enamoramiento de la joven modelo\u00a0hace que sus fotos en este justo momento de la vida se vean con una luz incre\u00edble\u00bb, ha apuntado el reportero.<\/p>\n<p class=\"c-paragraph\">Por su parte, el que fuera presentador de Pasapalabra ha expresado lo siguiente: \u00abEn mi defensa dir\u00e9 que he tenido dos cosas en contra: 1. <b>Frente a mi musa es complicado no estar nervioso<\/b>. 2. \u00a1\u00c1lex Rodr\u00edguez es mucho \u00c1lex Rodr\u00edguez!\u00bb.<\/p>\n<p class=\"c-paragraph\">Al margen de esta conversaci\u00f3n amistosa, Patricia Pardo ha compartido otra fotograf\u00eda dentro de una tienda de souvenirs t\u00edpicos de Grecia. \u00abEligiendo entre un Pantocr\u00e1tor o una Theotokos en uno de esos <b>rinconcitos fascinantes en los que estar\u00eda horas y horas<\/b>\u00ab, ha apuntado.<\/p>\n<p class=\"c-paragraph\">\u00ab<b>\u00a1Yo te elijo a ti siempre!<\/b>\u00ab, le ha reconocido Christian G\u00e1lvez en tono cari\u00f1oso a trav\u00e9s de un comentario. Con este mensaje, el comunicador demuestra una vez m\u00e1s lo enamorado que est\u00e1 de su mujer y madre de\u00a0Luca, su hijo en com\u00fan.<\/p>\n","protected":false},"excerpt":{"rendered":"Patricia Pardo y Christian G\u00e1lvez est\u00e1n disfrutando de unas rom\u00e1nticas vacaciones en Grecia. Los presentadores llevan unos d\u00edas&hellip;\n","protected":false},"author":2,"featured_media":26580,"comment_status":"","ping_status":"","sticky":false,"template":"","format":"standard","meta":{"footnotes":""},"categories":[174],"tags":[255,13997,2448,146,147,25,24,256,14702,8364,6617,23],"class_list":{"0":"post-26579","1":"post","2":"type-post","3":"status-publish","4":"format-standard","5":"has-post-thumbnail","7":"category-famosos","8":"tag-celebrities","9":"tag-christian","10":"tag-disfrutan","11":"tag-entertainment","12":"tag-entretenimiento","13":"tag-es","14":"tag-espana","15":"tag-famosos","16":"tag-galvez","17":"tag-pardo","18":"tag-patricia","19":"tag-spain"},"share_on_mastodon":{"url":"","error":""},"_links":{"self":[{"href":"https:\/\/www.europesays.com\/es\/wp-json\/wp\/v2\/posts\/26579","targetHints":{"allow":["GET"]}}],"collection":[{"href":"https:\/\/www.europesays.com\/es\/wp-json\/wp\/v2\/posts"}],"about":[{"href":"https:\/\/www.europesays.com\/es\/wp-json\/wp\/v2\/types\/post"}],"author":[{"embeddable":true,"href":"https:\/\/www.europesays.com\/es\/wp-json\/wp\/v2\/users\/2"}],"replies":[{"embeddable":true,"href":"https:\/\/www.europesays.com\/es\/wp-json\/wp\/v2\/comments?post=26579"}],"version-history":[{"count":0,"href":"https:\/\/www.europesays.com\/es\/wp-json\/wp\/v2\/posts\/26579\/revisions"}],"wp:featuredmedia":[{"embeddable":true,"href":"https:\/\/www.europesays.com\/es\/wp-json\/wp\/v2\/media\/26580"}],"wp:attachment":[{"href":"https:\/\/www.europesays.com\/es\/wp-json\/wp\/v2\/media?parent=26579"}],"wp:term":[{"taxonomy":"category","embeddable":true,"href":"https:\/\/www.europesays.com\/es\/wp-json\/wp\/v2\/categories?post=26579"},{"taxonomy":"post_tag","embeddable":true,"href":"https:\/\/www.europesays.com\/es\/wp-json\/wp\/v2\/tags?post=26579"}],"curies":[{"name":"wp","href":"https:\/\/api.w.org\/{rel}","templated":true}]}}