{"id":265790,"date":"2025-12-01T17:22:13","date_gmt":"2025-12-01T17:22:13","guid":{"rendered":"https:\/\/www.europesays.com\/es\/265790\/"},"modified":"2025-12-01T17:22:13","modified_gmt":"2025-12-01T17:22:13","slug":"lideres-religiosos-los-libaneses-exigen-estabilidad-y-justicia","status":"publish","type":"post","link":"https:\/\/www.europesays.com\/es\/265790\/","title":{"rendered":"L\u00edderes religiosos: Los libaneses exigen estabilidad y justicia"},"content":{"rendered":"<p>En la carpa instalada en la Plaza de los M\u00e1rtires de Beirut para el encuentro ecum\u00e9nico e interreligioso con Le\u00f3n XIV, representantes cristianos y musulmanes se alternaron, destacando la necesidad de fortalecer la unidad nacional en el L\u00edbano. El L\u00edbano es una naci\u00f3n de coexistencia y pluralidad religiosa, lo cual enriquece la vida cotidiana. Las guerras artificiales en nombre de las religiones no expresan la verdad de la religi\u00f3n, que se fundamenta en la sacralidad del ser humano.&#13;\n<\/p>\n<p><b>Tiziana Campisi \u2013 Ciudad del Vaticano<\/b><\/p>\n<p>En el encuentro ecum\u00e9nico e interreligioso con el Papa en la Plaza de los M\u00e1rtires de Beirut, s\u00edmbolo de la resistencia libanesa durante el levantamiento contra los turcos durante la Primera Guerra Mundial y uno de los principales focos de las protestas antigubernamentales de 2019, el Patriarca siro-cat\u00f3lico,\u00a0Ignacio Youssif III Younan,\u00a0dio la bienvenida al Pont\u00edfice. Espera, ante todo, que su visita contribuya a establecer la paz y la estabilidad en el L\u00edbano y otros pa\u00edses de Oriente Pr\u00f3ximo, y recuerda que coincide con dos acontecimientos hist\u00f3ricos: el 1700 aniversario del Concilio de Nicea, con motivo del cual las Iglesias libanesas organizaron encuentros ecum\u00e9nicos, y el 60 aniversario de\u00a0<a href=\"https:\/\/www.vatican.va\/archive\/hist_councils\/ii_vatican_council\/documents\/vat-ii_decl_19651028_nostra-aetate_it.html\" target=\"_blank\" rel=\"external nofollow noopener\">Nostra Aetate<\/a>\u00a0y su llamado al di\u00e1logo interreligioso. \u00abNuestros pueblos, por encima de todo, anhelan la estabilidad pol\u00edtica, una paz constructiva y una aut\u00e9ntica fraternidad humana entre todos los ciudadanos\u00bb, afirma el Patriarca Siro-Cat\u00f3lico, convencido de que la presencia de Le\u00f3n \u00abnos animar\u00e1 a fortalecer\u00bb el \u00abcompromiso de vivir juntos en un esp\u00edritu de di\u00e1logo interreligioso sincero, diciendo la verdad con caridad y respeto mutuo\u00bb, en fidelidad a sus ra\u00edces. De ah\u00ed el compromiso de \u00abcaminar juntos\u00bb, \u00abinspirados por la esperanza\u00bb, y \u00abconvertirnos en constructores de una paz aut\u00e9ntica en el L\u00edbano y en todos los pa\u00edses de Oriente Medio\u00bb.<\/p>\n<p>Saludos del Patriarca Cat\u00f3lico Sirio <\/p>\n<p>El saludo del Patriarca sirio cat\u00f3lico es seguido por c\u00e1nticos del Evangelio y el Cor\u00e1n, seguidos de la proyecci\u00f3n de un reportaje titulado \u00abBienaventurados los pacificadores\u00bb, que presenta iniciativas, experiencias e historias de vida que demuestran c\u00f3mo la coexistencia de diferentes religiones, como la que se vive en el L\u00edbano, \u00abes una experiencia enriquecedora para toda la humanidad\u00bb. El v\u00eddeo expresa la esperanza de que, tras varios conflictos, el pa\u00eds pueda lograr una completa \u00abpurificaci\u00f3n de la memoria\u00bb, una \u00absanaci\u00f3n de la memoria libanesa tras la guerra\u00bb. Se espera que la visita del Papa Le\u00f3n \u00absea un verdadero impulso en este camino hacia la construcci\u00f3n de un futuro estable\u00bb. El v\u00eddeo presenta a una serie de personas que relatan su vida cotidiana, cristianos y musulmanes que conviven y sue\u00f1an con un di\u00e1logo m\u00e1s amplio y una coexistencia m\u00e1s pac\u00edfica. Entre las iniciativas destinadas a mejorar esta coexistencia, se ilustra en las escuelas un programa de educaci\u00f3n para la ciudadan\u00eda activa, que incluye la diversidad.<\/p>\n<p>    <img decoding=\"async\" src=\"data:image\/gif;base64,R0lGODlhAQABAIAAAAAAAP\/\/\/yH5BAEAAAAALAAAAAABAAEAAAIBRAA7\" data-original=\"https:\/\/www.vaticannews.va\/content\/dam\/vaticannews\/agenzie\/images\/srv\/2025\/11\/27\/viaggio-apostolico-in-tuerkiye-e-libano\/1764603405790.JPG\/_jcr_content\/renditions\/cq5dam.thumbnail.cropped.750.422.jpeg\" alt=\"Los l\u00edderes religiosos reunidos en semic\u00edrculo en el  Encuentro interreligioso y ecum\u00e9nico \" title=\"Los l\u00edderes religiosos reunidos en semic\u00edrculo en el  Encuentro interreligioso y ecum\u00e9nico \"\/><\/p>\n<p>\n   Los l\u00edderes religiosos reunidos en semic\u00edrculo en el Encuentro interreligioso y ecum\u00e9nico \u00a0 (@Vatican Media)\n  <\/p>\n<p>Difundir el mensaje del Documento sobre la Fraternidad Humana <\/p>\n<p>Ocho l\u00edderes religiosos tomaron la palabra por turnos. El jeque\u00a0Abdullatif Darian, muft\u00ed de la Rep\u00fablica del L\u00edbano y l\u00edder sunita, enfatiz\u00f3 que la Tierra de los Cedros es la naci\u00f3n de la coexistencia, la pluralidad y la diversidad confesional, y que Mahoma, en el Cor\u00e1n, escribe que Dios prescribi\u00f3 la pr\u00e1ctica de la religi\u00f3n y no la divisi\u00f3n de su unidad. Record\u00f3 la bienvenida que recibieron los musulmanes del Negus, el rey cristiano de Abisinia, y el Pacto de Medina, que, al fundar el primer estado isl\u00e1mico, estableci\u00f3 que los creyentes jud\u00edos y cristianos, junto con los musulmanes, constituyen una sola naci\u00f3n. Tambi\u00e9n cit\u00f3 el\u00a0<a href=\"https:\/\/www.vatican.va\/content\/francesco\/it\/travels\/2019\/outside\/documents\/papa-francesco_20190204_documento-fratellanza-umana.html\" rel=\"external nofollow noopener\" target=\"_blank\">Documento sobre la Fraternidad Humana<\/a>\u00a0, firmado en 2019 por el Gran Im\u00e1n de Al-Azhar, Ahmad al-Tayyib, y el Papa Francisco, enfatizando su mensaje. \u201cNos consideramos unidos, religiosa y moralmente y como naci\u00f3n, en la tarea de llevar la antorcha de este mensaje \u2013concluye\u2013 para que la seguridad y la paz prevalezcan en el mundo y el amor reine entre todas las naciones y pueblos\u201d.<\/p>\n<p>El mundo debe ayudar al L\u00edbano a liberarse de las crisis acumuladas <\/p>\n<p>Desde la perspectiva del Patriarca Griego Ortodoxo de Antioqu\u00eda, Yohanna X Yazigi\u00a0, quien repasa brevemente la historia cristiana del L\u00edbano y los estados vecinos, el Papa dio la bienvenida a la naci\u00f3n \u00abque respira con sus dos pulmones, el isl\u00e1mico y el cristiano\u00bb, \u00abuna tierra de coexistencia\u00bb, \u00aben la que los componentes se complementan y se asemejan, de hecho se fusionan para formar el L\u00edbano\u00bb, mientras que el vicepresidente del Consejo Superior Isl\u00e1mico Chiita, el jeque\u00a0Ali El-Khatib\u00a0, espera que la estancia del Pont\u00edfice conduzca al \u00abfortalecimiento de la vacilante unidad nacional en este pa\u00eds, azotado por la continua agresi\u00f3n israel\u00ed contra su pueblo y su tierra\u00bb.\u00bbNuestra cultura espiritual se basa en la fraternidad humana\u00bb, a\u00f1ade, explicando que el sucesor de Mahoma, el im\u00e1n Ali ibn Ab \u1e6calib, sobre la naturaleza de las relaciones entre los seres humanos, afirma que los hombres deben ser considerados \u00abhermanos en la fe\u00bb o \u00absimilares en la creaci\u00f3n\u00bb. El l\u00edder chi\u00ed tambi\u00e9n especifica que el Islam considera la diversidad parte de la naturaleza humana y ense\u00f1a que \u00ablas relaciones entre personas diferentes se rigen por el di\u00e1logo, la comprensi\u00f3n mutua y la cooperaci\u00f3n en la bondad y la piedad; que la coexistencia pac\u00edfica entre los seguidores de diferentes religiones es la regla y el fundamento, y que lo que sucede con las guerras artificiales en nombre de las religiones no expresa la verdad de la religi\u00f3n, que se basa ante todo en la sacralidad y la dignidad del ser humano\u00bb. \u00abPongamos la cuesti\u00f3n del L\u00edbano en sus manos\u00bb, concluye el jeque Ali El-Khatib, dirigi\u00e9ndose a Leone, con la esperanza de que \u00abel mundo pueda ayudar\u00bb al pa\u00eds a liberarse de las crisis acumuladas.<\/p>\n<p>Una paz fundada en la justicia <\/p>\n<p>El Patriarca de Antioqu\u00eda y de Todo el Oriente y cabeza suprema de la Iglesia Ortodoxa Siria a nivel mundial,\u00a0Mar Ignacio Efra\u00edn II,\u00a0no ocult\u00f3 al Pont\u00edfice que, en los \u00faltimos a\u00f1os, en los pa\u00edses de Oriente Medio, musulmanes y cristianos se han convertido en v\u00edctimas de campa\u00f1as terroristas y guerras que han provocado migraciones forzadas, desaf\u00edos que han fortalecido la colaboraci\u00f3n entre las diferentes Iglesias y han dado lugar a lo que el Papa Francisco ha llamado \u00abecumenismo de sangre\u00bb. En nombre de los sentimientos compartidos del pueblo, el Patriarca Ortodoxo Siria especific\u00f3 que todos anhelan estabilidad, justicia y paz, una paz fundada en la justicia, que salvaguarde la dignidad humana y la libertad, en un Estado de derecho y basado en la igualdad de derechos y deberes. Se\u00f1al\u00f3 que cristianos y musulmanes han convivido en el L\u00edbano durante siglos, compartiendo dolor y esperanza, y desean seguir viviendo juntos. Si bien el di\u00e1logo acad\u00e9mico entre representantes religiosos es importante, la experiencia pr\u00e1ctica sigue siendo el elemento m\u00e1s crucial para fortalecerlo. Mar Ignacio Efra\u00edn II a\u00f1ade que en el L\u00edbano, cristianos y musulmanes han aprendido que la coexistencia es fundamentalmente \u00abun di\u00e1logo de vida basado en el encuentro sincero y el respeto mutuo\u00bb y que \u00abel encuentro entre los hijos de diferentes religiones puede construir una sociedad cohesionada, capaz de afrontar el fanatismo y la divisi\u00f3n, e inspirar esperanza\u00bb. En la Naci\u00f3n de los Cedros, \u00abla Iglesia del L\u00edbano y de Oriente sigue siendo testigo de la conciencia humana, llamando al di\u00e1logo franco, al respeto de la libertad religiosa y a la protecci\u00f3n de la dignidad de cada persona\u00bb, concluye el Patriarca, convencido de que el Papa llevar\u00e1 en su coraz\u00f3n \u00ablos sufrimientos de este Oriente atormentado\u00bb y trabajar\u00e1 \u00abpara aliviarlos y garantizar una vida libre y digna para todos sus hijos\u00bb.<\/p>\n<p>Cerrar las puertas del fanatismo y el extremismo <\/p>\n<p>En su discurso, el jeque\u00a0Al-Aql\u00a0de la comunidad drusa, Sami Abi Al-Muna, se\u00f1ala al L\u00edbano como un modelo de diversidad en la unidad. \u00abEstamos convencidos de que nuestra naci\u00f3n debe construirse \u00fanicamente sobre cimientos morales s\u00f3lidos y firmes, que exigen que cada familia espiritual proteja a su compa\u00f1ero en su patria\u00bb, sostiene el l\u00edder druso. Est\u00e1 convencido de que el encuentro de hoy entre cristianos y musulmanes puede \u00abcrear un rayo de esperanza en el sombr\u00edo clima actual\u00bb y que el Papa invita a todos a \u00ababrir las puertas del amor y la misericordia, del amor cristiano y la misericordia isl\u00e1mica, y a cerrar las puertas del fanatismo y el extremismo, para que la voz de la paz sea m\u00e1s fuerte que la voz de la guerra\u00bb.<\/p>\n<p>La Tierra de los Cedros, un puente entre Oriente y Occidente <\/p>\n<p>Finalmente, el Catholic\u00f3s\u00a0Aram I\u00a0, representante de la Iglesia Ortodoxa Armenia en el evento celebrado en la Plaza de los M\u00e1rtires, reitera la riqueza que surge del encuentro de la diversidad en la Tierra de los Cedros. \u00abNuestra diversidad se manifiesta en la unidad\u00bb, se\u00f1ala, \u00abuna unidad que preserva y enriquece esta diversidad al servicio de un L\u00edbano unido, soberano e independiente\u00bb. Para el l\u00edder armenio ortodoxo, en la naci\u00f3n, \u00abla coexistencia entre musulmanes y cristianos constituye el fundamento\u00bb, \u00abel rasgo distintivo\u00bb de su singularidad, y a su vez, la \u00abunidad en la diversidad y el esp\u00edritu de coexistencia\u00bb que la distinguen la convierten en \u00abun puente entre Oriente y Occidente\u00bb. El reto que debe afrontar el pueblo liban\u00e9s es mantener su diversidad \u00aby mantener una s\u00f3lida coexistencia entre musulmanes y cristianos, profundizando y articulando concretamente\u00bb la unidad nacional.<\/p>\n","protected":false},"excerpt":{"rendered":"En la carpa instalada en la Plaza de los M\u00e1rtires de Beirut para el encuentro ecum\u00e9nico e interreligioso&hellip;\n","protected":false},"author":2,"featured_media":265791,"comment_status":"","ping_status":"","sticky":false,"template":"","format":"standard","meta":{"footnotes":""},"categories":[5],"tags":[17,18,21155,65808,27481,25,24,13,14,69,11,12034,387,19,20,13831,9,10,15,16,400,11506,492,14100,23,12,21,22,55874,432],"class_list":{"0":"post-265790","1":"post","2":"type-post","3":"status-publish","4":"format-standard","5":"has-post-thumbnail","7":"category-titulares","8":"tag-breaking-news","9":"tag-breakingnews","10":"tag-cristianos","11":"tag-dialogo-interreligioso","12":"tag-ecumenismo","13":"tag-es","14":"tag-espana","15":"tag-featured-news","16":"tag-featurednews","17":"tag-guerra","18":"tag-headlines","19":"tag-iglesia","20":"tag-islam","21":"tag-latest-news","22":"tag-latestnews","23":"tag-libano","24":"tag-news","25":"tag-noticias","26":"tag-noticias-destacadas","27":"tag-noticiasdestacadas","28":"tag-papa-leon-xiv","29":"tag-paz","30":"tag-sociedad","31":"tag-solidaridad","32":"tag-spain","33":"tag-titulares","34":"tag-ultimas-noticias","35":"tag-ultimasnoticias","36":"tag-viaje-apostolico","37":"tag-violencia"},"share_on_mastodon":{"url":"https:\/\/pubeurope.com\/@es\/115645470700569921","error":""},"_links":{"self":[{"href":"https:\/\/www.europesays.com\/es\/wp-json\/wp\/v2\/posts\/265790","targetHints":{"allow":["GET"]}}],"collection":[{"href":"https:\/\/www.europesays.com\/es\/wp-json\/wp\/v2\/posts"}],"about":[{"href":"https:\/\/www.europesays.com\/es\/wp-json\/wp\/v2\/types\/post"}],"author":[{"embeddable":true,"href":"https:\/\/www.europesays.com\/es\/wp-json\/wp\/v2\/users\/2"}],"replies":[{"embeddable":true,"href":"https:\/\/www.europesays.com\/es\/wp-json\/wp\/v2\/comments?post=265790"}],"version-history":[{"count":0,"href":"https:\/\/www.europesays.com\/es\/wp-json\/wp\/v2\/posts\/265790\/revisions"}],"wp:featuredmedia":[{"embeddable":true,"href":"https:\/\/www.europesays.com\/es\/wp-json\/wp\/v2\/media\/265791"}],"wp:attachment":[{"href":"https:\/\/www.europesays.com\/es\/wp-json\/wp\/v2\/media?parent=265790"}],"wp:term":[{"taxonomy":"category","embeddable":true,"href":"https:\/\/www.europesays.com\/es\/wp-json\/wp\/v2\/categories?post=265790"},{"taxonomy":"post_tag","embeddable":true,"href":"https:\/\/www.europesays.com\/es\/wp-json\/wp\/v2\/tags?post=265790"}],"curies":[{"name":"wp","href":"https:\/\/api.w.org\/{rel}","templated":true}]}}