{"id":265792,"date":"2025-12-01T17:27:12","date_gmt":"2025-12-01T17:27:12","guid":{"rendered":"https:\/\/www.europesays.com\/es\/265792\/"},"modified":"2025-12-01T17:27:12","modified_gmt":"2025-12-01T17:27:12","slug":"francisco-martinez-ruiz-nuevo-presidente-del-real-murcia-club-de-tenis-1919","status":"publish","type":"post","link":"https:\/\/www.europesays.com\/es\/265792\/","title":{"rendered":"Francisco Mart\u00ednez Ruiz, nuevo presidente del Real Murcia Club de Tenis 1919"},"content":{"rendered":"<p><img fetchpriority=\"high\" class=\"v-a-img\" src=\"https:\/\/www.europesays.com\/es\/wp-content\/uploads\/2025\/12\/mruiz-kQeE-U240415747907f5F-1200x840@La Verdad.jpg\" loading=\"eager\" decoding=\"async\" alt=\"Francisco Mart\u00ednez Ruiz, candidato a presidente del Real Murcia Club de Tenis 1919, en el centro de la imagen, rodeado por su equipo de trabajo.\"  width=\"1200\" height=\"840\"\/><\/p>\n<p>Francisco Mart\u00ednez Ruiz, candidato a presidente del Real Murcia Club de Tenis 1919, en el centro de la imagen, rodeado por su equipo de trabajo.          Cedida        <\/p>\n<p>Su candidatura se alza ganadora con el 53% de los votos (709), ligeramente superior al 47% (640) que consigui\u00f3 Jos\u00e9 Daniel Buend\u00eda y su equipo<\/p>\n<p><a class=\"v-mdl-ath__fig-a\" href=\"https:\/\/www.laverdad.es\/autor\/fernando-perals-3252.html\" title=\"Fernando Perals\" rel=\"nofollow noopener\" target=\"_blank\"><br \/>\n<img decoding=\"async\" class=\"v-mdl-ath__img\" src=\"https:\/\/www.europesays.com\/es\/wp-content\/uploads\/2025\/08\/autor-3252-foto-3.jpeg\" alt=\"Fernando Perals\"\/><br \/>\n<\/a><\/p>\n<p class=\"v-mdl-ath__p v-mdl-ath__p--6\">\nLunes, 1 de diciembre 2025, 16:59<\/p>\n<p class=\"v-p\">El <a href=\"https:\/\/www.laverdad.es\/deportes\/tenis\/real-murcia-club-tenis-busca-presidente-dos-20251115073630-nt.html\" title=\"www.laverdad.es\" data-voc-vtm-id=\"in-text-traffic\" data-mrf-link=\"www.laverdad.es\" rel=\"nofollow noopener\" target=\"_blank\">Real Murcia Club de Tenis 1919<\/a> ya tiene nuevo presidente. La candidatura liderada por Francisco Mart\u00ednez Ruiz (Murcia, 68 a\u00f1os) gan\u00f3 unas elecciones que tuvieron lugar este pasado domingo y que se alargaron hasta largas horas de la madrugada. El nuevo mandatario de la instituci\u00f3n se alz\u00f3 ganador con el 53% de los votos (709), ligeramente superior al 47% (640) que consigui\u00f3 la candidatura de Jos\u00e9 Daniel Buend\u00eda. Acudieron a las urnas unos 1.300 socios.<\/p>\n<p class=\"v-p\">\u00abEs un aut\u00e9ntico orgullo liderar la nueva etapa del Real Murcia Club de Tenis 1919. Estoy muy agradecido a la junta gestora, a la anterior presidencia y, sobre todo, a mi equipo, que ha hecho un gran trabajo\u00bb, confes\u00f3 a LA VERDAD el nuevo l\u00edder de la instituci\u00f3n centenaria. \u00abVamos a desarrollar nuestro programa con una clara premisa: pulsando lo que quieren los socios y teniendo en cuenta sus demandas. Somos el segundo organismo deportivo en cuanto a abonados. La opini\u00f3n de los que forman este club ser\u00e1 esencial para desarrollar nuestro trabajo\u00bb, a\u00f1adi\u00f3 Mart\u00ednez Ruiz.<\/p>\n<p class=\"v-p\">El nuevo presidente de Club de Tenis de la capital subraya que \u00abla creaci\u00f3n de una fundaci\u00f3n\u00bb ser\u00e1 una de las bases de su programa, objetivo que considera imprescindible para el crecimiento de la instituci\u00f3n. \u00abLa Junta anterior ha desarrollado un trabajo fant\u00e1stico; nosotros creemos que hay cosas que se pueden mejorar y en ello vamos a trabajar\u00bb, apunta el nuevo presidente de la instituci\u00f3n, en cuyo programa tiene como grandes retos la modernizaci\u00f3n de las instalaciones, avanzar en digitalizaci\u00f3n y una clara apuesta por campeonatos como los Challenger.<\/p>\n<ul class=\"v-u\">\n<li class=\"v-u__l\">\n<p class=\"v-p\">\n<p>1. Presidente:<\/p>\n<p>Francisco Mart\u00ednez Ruiz.\n<\/p>\n<\/li>\n<li class=\"v-u__l\">\n<p class=\"v-p\">\n<p>2. Vicepresidente 1\u00ba<\/p>\n<p>Arturo Moreno.\n<\/p>\n<\/li>\n<li class=\"v-u__l\">\n<p class=\"v-p\">\n<p>3. Vicepresidente 2\u00ba<\/p>\n<p>Juli\u00e1n S\u00e1nchez.\n<\/p>\n<\/li>\n<li class=\"v-u__l\">\n<p class=\"v-p\">\n<p>4. Vicepresidente 3\u00ba<\/p>\n<p>Mar\u00eda Iniesta L\u00f3pez.\n<\/p>\n<\/li>\n<li class=\"v-u__l\">\n<p class=\"v-p\">\n<p>5. Secretario:<\/p>\n<p>Carlos Conesa.\n<\/p>\n<\/li>\n<li class=\"v-u__l\">\n<p class=\"v-p\">\n<p>6. Tesorero:<\/p>\n<p>Aurelio Mart\u00ednez.\n<\/p>\n<\/li>\n<li class=\"v-u__l\">\n<p class=\"v-p\">\n<p>7. Vocales:<\/p>\n<p>Jos\u00e9 Luis Hern\u00e1ndez, Elvira Jaudenes, Ignacio Garrido, Adri\u00e1n Riera, Joaqu\u00edn C\u00e1rceles, Blas Hell\u00edn, Mar\u00eda Jos\u00e9 Serrano, Jes\u00fas Osaba, Rafael Montilla y Joaqu\u00edn C\u00e1rceles.\n<\/p>\n<\/li>\n<li class=\"v-u__l\">\n<p class=\"v-p\">\n<p>8. Colaboradores:<\/p>\n<p>Ana G\u00f3mez y Carlos Gonz\u00e1lez.\n<\/p>\n<\/li>\n<\/ul>\n<p class=\"v-p\">Francisco Mart\u00ednez Ruiz es licenciado en Derecho, pertenece al Cuerpo Superior de Administradores de la Comunidad Aut\u00f3noma y fue director general del Instituto de Fomento durante la etapa de Alberto Garre al frente del Gobierno regional. Su trayectoria le llev\u00f3 tambi\u00e9n a las aulas, ya que ha sido profesor de Derecho Administrativo y Constitucional en la UCAM.<\/p>\n<p>Reporta un error<\/p>\n","protected":false},"excerpt":{"rendered":"Francisco Mart\u00ednez Ruiz, candidato a presidente del Real Murcia Club de Tenis 1919, en el centro de la&hellip;\n","protected":false},"author":2,"featured_media":265793,"comment_status":"","ping_status":"","sticky":false,"template":"","format":"standard","meta":{"footnotes":""},"categories":[274],"tags":[65809,1798,168,25,24,11826,825,1478,524,1461,798,5106,23,167,327,326],"class_list":{"0":"post-265792","1":"post","2":"type-post","3":"status-publish","4":"format-standard","5":"has-post-thumbnail","7":"category-tenis","8":"tag-65809","9":"tag-club","10":"tag-deportes","11":"tag-es","12":"tag-espana","13":"tag-francisco","14":"tag-martinez","15":"tag-murcia","16":"tag-nuevo","17":"tag-presidente","18":"tag-real","19":"tag-ruiz","20":"tag-spain","21":"tag-sports","22":"tag-tenis","23":"tag-tennis"},"share_on_mastodon":{"url":"https:\/\/pubeurope.com\/@es\/115645490935225544","error":""},"_links":{"self":[{"href":"https:\/\/www.europesays.com\/es\/wp-json\/wp\/v2\/posts\/265792","targetHints":{"allow":["GET"]}}],"collection":[{"href":"https:\/\/www.europesays.com\/es\/wp-json\/wp\/v2\/posts"}],"about":[{"href":"https:\/\/www.europesays.com\/es\/wp-json\/wp\/v2\/types\/post"}],"author":[{"embeddable":true,"href":"https:\/\/www.europesays.com\/es\/wp-json\/wp\/v2\/users\/2"}],"replies":[{"embeddable":true,"href":"https:\/\/www.europesays.com\/es\/wp-json\/wp\/v2\/comments?post=265792"}],"version-history":[{"count":0,"href":"https:\/\/www.europesays.com\/es\/wp-json\/wp\/v2\/posts\/265792\/revisions"}],"wp:featuredmedia":[{"embeddable":true,"href":"https:\/\/www.europesays.com\/es\/wp-json\/wp\/v2\/media\/265793"}],"wp:attachment":[{"href":"https:\/\/www.europesays.com\/es\/wp-json\/wp\/v2\/media?parent=265792"}],"wp:term":[{"taxonomy":"category","embeddable":true,"href":"https:\/\/www.europesays.com\/es\/wp-json\/wp\/v2\/categories?post=265792"},{"taxonomy":"post_tag","embeddable":true,"href":"https:\/\/www.europesays.com\/es\/wp-json\/wp\/v2\/tags?post=265792"}],"curies":[{"name":"wp","href":"https:\/\/api.w.org\/{rel}","templated":true}]}}