{"id":265794,"date":"2025-12-01T17:28:09","date_gmt":"2025-12-01T17:28:09","guid":{"rendered":"https:\/\/www.europesays.com\/es\/265794\/"},"modified":"2025-12-01T17:28:09","modified_gmt":"2025-12-01T17:28:09","slug":"girmay-elegido-el-mejor-africano-del-ano-con-un-nuevo-equipo-en-breve","status":"publish","type":"post","link":"https:\/\/www.europesays.com\/es\/265794\/","title":{"rendered":"Girmay, elegido el mejor africano del a\u00f1o&#8230; con un nuevo equipo en breve"},"content":{"rendered":"<p class=\"\">El eritreo Biniam Girmay, del equipo belga Intermarch\u00e9 (ya anunci\u00f3 su salida de cara a 2026),<b> ha sido elegido mejor ciclista de \u00c1frica por quinta ocasi\u00f3n como reconocimiento a su continuidad en la primera l\u00ednea del pelot\u00f3n internacional <\/b>y a su participaci\u00f3n en grandes pruebas como el Tour de Francia, donde qued\u00f3 en segunda posici\u00f3n en la etapa inaugural.<\/p>\n<p class=\"\">Girmay, de 25 a\u00f1os, ya obtuvo este galard\u00f3n en 2020, 2021, 2022 y el pasado a\u00f1o, <b>en el que venci\u00f3 en tres etapas del Tour de Francia y el maillot de la regularidad. <\/b>El premio lo recibi\u00f3 en una ceremonia celebrada en Kigali (Uganda), donde se disputaron los Mundiales de ciclismo a finales de septiembre, informa la Confederaci\u00f3n Africana de Ciclismo en un comunicado.<b> Su futuro apunta al NSN, antiguo equipo Israel, cuyo anuncio se espera que sea en breve.<\/b><\/p>\n<p class=\"\"><b>El podio lo completaron los tambi\u00e9n eritreos Henok Mulubrhan (Astana), segundo, y Natnael Tesfazion (Movistar Team),<\/b> en tercera posici\u00f3n. En categor\u00eda femenina, Kimberly Le Court, de Mauricio, fue la ganadora el premio anual despu\u00e9s de ganar una etapa del Tour de Francia y convertirse en la primera africana en vestir el maillot amarillo, <b>que port\u00f3 durante cuatro jornadas.<\/b><\/p>\n<p class=\"\">Le Court, de 29 a\u00f1os y quien milita en el AG Insurance Soudal Team, tambi\u00e9n se impuso en la cl\u00e1sica Lieja-Basto\u00f1a-Lieja,<b> en la primera ocasi\u00f3n en la que una corredora de \u00c1frica se adjudicaba una prueba del World Tour.<\/b> En segunda posici\u00f3n, qued\u00f3 la sudafricana Ashleig Moolman Pasio, del mismo equipo que Le Court, y tercera fue la et\u00edope Tsige Kiros, del CMC.<\/p>\n<p>Noticias relacionadas<\/p>\n<p class=\"\"><b>\u00a1Tus opiniones importan!<\/b> Comenta en los art\u00edculos y suscr\u00edbete gratis a nuestra <a href=\"https:\/\/asfan.as.com\/newsletters\/\" target=\"_blank\" rel=\"nofollow noopener\" title=\"https:\/\/asfan.as.com\/newsletters\/\">newsletter<\/a> y a las alertas informativas en la <a href=\"https:\/\/as.com\/aplicacion-de-as-n\/\" target=\"_blank\" rel=\"nofollow noopener\" title=\"https:\/\/as.com\/aplicacion-de-as-n\/\">App<\/a> o el canal de <a href=\"https:\/\/www.whatsapp.com\/channel\/0029VaAasdA7j6g745nz9M10\" target=\"_blank\" rel=\"nofollow noopener\" title=\"https:\/\/www.whatsapp.com\/channel\/0029VaAasdA7j6g745nz9M10\">WhatsApp<\/a>. <\/p>\n<p class=\"\">\u00bfBuscas licenciar contenido? Haz clic <a href=\"https:\/\/profesional.elpais.com\/soluciones-sindicacion?utm_medium=interno&amp;utm_source=crosslinking&amp;utm_campaign=sindicacion_as_pie_articulos\" target=\"_blank\" rel=\"nofollow noopener\" title=\"https:\/\/profesional.elpais.com\/soluciones-sindicacion?utm_medium=interno&amp;utm_source=crosslinking&amp;utm_campaign=sindicacion_as_pie_articulos\">aqu\u00ed<\/a><\/p>\n","protected":false},"excerpt":{"rendered":"El eritreo Biniam Girmay, del equipo belga Intermarch\u00e9 (ya anunci\u00f3 su salida de cara a 2026), ha sido&hellip;\n","protected":false},"author":2,"featured_media":265795,"comment_status":"","ping_status":"","sticky":false,"template":"","format":"standard","meta":{"footnotes":""},"categories":[273],"tags":[313,312,168,25,24,23,167],"class_list":{"0":"post-265794","1":"post","2":"type-post","3":"status-publish","4":"format-standard","5":"has-post-thumbnail","7":"category-ciclismo","8":"tag-ciclismo","9":"tag-cycling","10":"tag-deportes","11":"tag-es","12":"tag-espana","13":"tag-spain","14":"tag-sports"},"share_on_mastodon":{"url":"https:\/\/pubeurope.com\/@es\/115645494250901563","error":""},"_links":{"self":[{"href":"https:\/\/www.europesays.com\/es\/wp-json\/wp\/v2\/posts\/265794","targetHints":{"allow":["GET"]}}],"collection":[{"href":"https:\/\/www.europesays.com\/es\/wp-json\/wp\/v2\/posts"}],"about":[{"href":"https:\/\/www.europesays.com\/es\/wp-json\/wp\/v2\/types\/post"}],"author":[{"embeddable":true,"href":"https:\/\/www.europesays.com\/es\/wp-json\/wp\/v2\/users\/2"}],"replies":[{"embeddable":true,"href":"https:\/\/www.europesays.com\/es\/wp-json\/wp\/v2\/comments?post=265794"}],"version-history":[{"count":0,"href":"https:\/\/www.europesays.com\/es\/wp-json\/wp\/v2\/posts\/265794\/revisions"}],"wp:featuredmedia":[{"embeddable":true,"href":"https:\/\/www.europesays.com\/es\/wp-json\/wp\/v2\/media\/265795"}],"wp:attachment":[{"href":"https:\/\/www.europesays.com\/es\/wp-json\/wp\/v2\/media?parent=265794"}],"wp:term":[{"taxonomy":"category","embeddable":true,"href":"https:\/\/www.europesays.com\/es\/wp-json\/wp\/v2\/categories?post=265794"},{"taxonomy":"post_tag","embeddable":true,"href":"https:\/\/www.europesays.com\/es\/wp-json\/wp\/v2\/tags?post=265794"}],"curies":[{"name":"wp","href":"https:\/\/api.w.org\/{rel}","templated":true}]}}