{"id":265796,"date":"2025-12-01T17:30:11","date_gmt":"2025-12-01T17:30:11","guid":{"rendered":"https:\/\/www.europesays.com\/es\/265796\/"},"modified":"2025-12-01T17:30:11","modified_gmt":"2025-12-01T17:30:11","slug":"un-canterano-del-casademont-zaragoza-se-queda-sin-equipo","status":"publish","type":"post","link":"https:\/\/www.europesays.com\/es\/265796\/","title":{"rendered":"Un canterano del Casademont Zaragoza se queda sin equipo"},"content":{"rendered":"<p class=\"paragraph\">El San Pablo Burgos <b>anunci\u00f3 este lunes la finalizaci\u00f3n del contrato temporal<\/b>  que un\u00eda al mallorqu\u00edn Sergi Garc\u00eda con el club castellano, que contemplaba los meses de octubre y de noviembre. El base, <a href=\"https:\/\/www.heraldo.es\/noticias\/deportes\/baloncesto\/2025\/05\/10\/sergi-garcia-tengo-muy-buenos-recuerdos-etapa-casademont-zaragoza-1822105.html\" title=\"Sergi Garc\u00eda: &quot;Tengo muy buenos recuerdos de mi etapa en el Casademont Zaragoza&quot;\" rel=\"nofollow noopener\" target=\"_blank\">formado en las categor\u00edas inferiores del Casademont Zaragoza desde categor\u00eda cadete, <\/a>lleg\u00f3 al conjunto burgal\u00e9s con un acuerdo de dos meses como refuerzo para la direcci\u00f3n de juego en el retorno del equipo a la Liga Endesa, debido a las lesiones de los bases titulares.<\/p>\n<p class=\"paragraph\">Durante este periodo, <b>Garc\u00eda ha participado en cinco encuentros <\/b>de la competici\u00f3n oficial, coincidiendo con la baja de Jon Axel Gudmundsson y posteriormente la de Dani D\u00edez. La etapa del balear en Burgos queda como un compromiso puntual, destinado a cubrir necesidades espec\u00edficas del equipo al inicio de la temporada, ante los problemas f\u00edsicos de Ra\u00fal Neto y posteriormente la lesi\u00f3n del base island\u00e9s. El jugador ha concluido su contrato tras cumplir el plazo convenido, tras apenas haber disfrutado de minutos en los cinco partidos disputados.<\/p>\n<p class=\"paragraph\">El base se form\u00f3 en la cantera del Casademont Zaragoza, donde <b>se incorpor\u00f3 en 2013 procedente del Centro de Tecnificaci\u00f3n de les Illes Balears (CTIB) <\/b>de Mallorca, cuando Garc\u00eda ya era una de las mayores promesas del baloncesto nacional. Por entonces, el jugador acababa de participar en el All-Star del Jordan Brand Classic en Brooklyn y era el capit\u00e1n de la selecci\u00f3n espa\u00f1ola sub-16.<\/p>\n<p>Estreno en la m\u00e1xima categor\u00eda<\/p>\n<p class=\"paragraph\">El mallorqu\u00edn <b>debut\u00f3 con los aragoneses en la Liga Endesa<\/b> en octubre de 2013, de la mano de Jos\u00e9 Luis Ab\u00f3s, con s\u00f3lo 16 a\u00f1os, 8 meses y 14 d\u00edas. Luego ascendi\u00f3 a la primera plantilla del Casademont Zaragoza, pero en diciembre de 2017 fue traspasado al Valencia Basket.<\/p>\n<p class=\"paragraph\">Adem\u00e1s, a lo largo de su carrera, el balear tambi\u00e9n ha militado en el Baskonia, el Baxi Manresa, el Rasta Vechta, el Morabanc Andorra, el Gran Canaria, el R\u00edo Breog\u00e1n y el Covir\u00e1n Granada, al margen de haber sido <b>internacional absoluto con la selecci\u00f3n espa\u00f1ola.<\/b><\/p>\n","protected":false},"excerpt":{"rendered":"El San Pablo Burgos anunci\u00f3 este lunes la finalizaci\u00f3n del contrato temporal que un\u00eda al mallorqu\u00edn Sergi Garc\u00eda&hellip;\n","protected":false},"author":2,"featured_media":265797,"comment_status":"","ping_status":"","sticky":false,"template":"","format":"standard","meta":{"footnotes":""},"categories":[269],"tags":[299,298,13883,2511,168,622,25,24,3041,23,167,491],"class_list":{"0":"post-265796","1":"post","2":"type-post","3":"status-publish","4":"format-standard","5":"has-post-thumbnail","7":"category-baloncesto","8":"tag-baloncesto","9":"tag-basketball","10":"tag-canterano","11":"tag-casademont","12":"tag-deportes","13":"tag-equipo","14":"tag-es","15":"tag-espana","16":"tag-queda","17":"tag-spain","18":"tag-sports","19":"tag-zaragoza"},"share_on_mastodon":{"url":"https:\/\/pubeurope.com\/@es\/115645502514068839","error":""},"_links":{"self":[{"href":"https:\/\/www.europesays.com\/es\/wp-json\/wp\/v2\/posts\/265796","targetHints":{"allow":["GET"]}}],"collection":[{"href":"https:\/\/www.europesays.com\/es\/wp-json\/wp\/v2\/posts"}],"about":[{"href":"https:\/\/www.europesays.com\/es\/wp-json\/wp\/v2\/types\/post"}],"author":[{"embeddable":true,"href":"https:\/\/www.europesays.com\/es\/wp-json\/wp\/v2\/users\/2"}],"replies":[{"embeddable":true,"href":"https:\/\/www.europesays.com\/es\/wp-json\/wp\/v2\/comments?post=265796"}],"version-history":[{"count":0,"href":"https:\/\/www.europesays.com\/es\/wp-json\/wp\/v2\/posts\/265796\/revisions"}],"wp:featuredmedia":[{"embeddable":true,"href":"https:\/\/www.europesays.com\/es\/wp-json\/wp\/v2\/media\/265797"}],"wp:attachment":[{"href":"https:\/\/www.europesays.com\/es\/wp-json\/wp\/v2\/media?parent=265796"}],"wp:term":[{"taxonomy":"category","embeddable":true,"href":"https:\/\/www.europesays.com\/es\/wp-json\/wp\/v2\/categories?post=265796"},{"taxonomy":"post_tag","embeddable":true,"href":"https:\/\/www.europesays.com\/es\/wp-json\/wp\/v2\/tags?post=265796"}],"curies":[{"name":"wp","href":"https:\/\/api.w.org\/{rel}","templated":true}]}}