{"id":265798,"date":"2025-12-01T17:31:19","date_gmt":"2025-12-01T17:31:19","guid":{"rendered":"https:\/\/www.europesays.com\/es\/265798\/"},"modified":"2025-12-01T17:31:19","modified_gmt":"2025-12-01T17:31:19","slug":"el-leganes-ya-busca-recambio-para-sustituir-a-paco-lopez","status":"publish","type":"post","link":"https:\/\/www.europesays.com\/es\/265798\/","title":{"rendered":"El Legan\u00e9s ya busca recambio para sustituir a Paco L\u00f3pez"},"content":{"rendered":"<p class=\"\">El <a href=\"https:\/\/as.com\/noticias\/cd-leganes\/\" target=\"_blank\" rel=\"noreferrer nofollow noopener\" title=\"https:\/\/as.com\/noticias\/cd-leganes\/\"><b>Legan\u00e9s<\/b><\/a> ya <b>se encuentra sondeando el mercado para encontrar un potencial recambio para Paco L\u00f3pez, <\/b>entrenador de los pepineros, muy en entredicho en las \u00faltimas jornadas y, especialmente, despu\u00e9s de haber perdido <a href=\"https:\/\/as.com\/futbol\/segunda\/la-remontada-de-la-confirmacion-f202511-n\/\" target=\"_blank\" rel=\"noreferrer nofollow noopener\" title=\"https:\/\/as.com\/futbol\/segunda\/la-remontada-de-la-confirmacion-f202511-n\/\">contra el Zaragoza (colista todav\u00eda) por 3-2<\/a>. El duelo estuvo marcado por la pol\u00e9mica expulsi\u00f3n a Marvel, acci\u00f3n que distorsiona los an\u00e1lisis del partido, pero no minimiza la situaci\u00f3n real en la clasificaci\u00f3n: el Legan\u00e9s es cuarto por la cola, <b>con 18 puntos<\/b>, los mismos que el <b>Andorra<\/b>, que es el equipo que marca la zona del descenso y <b>a 3 puntos del Zaragoza, colista de la categor\u00eda. <\/b><\/p>\n<p class=\"\">Ante este escenario, las oficinas de Butarque ya se est\u00e1n moviendo. <b>La direcci\u00f3n deportiva ha comenzado a sondear seriamente a agencias de representaci\u00f3n para conocer qu\u00e9 entrenadores tienen a disposici\u00f3n<\/b> en caso de que se tome la decisi\u00f3n pr\u00f3xima de echar a Paco L\u00f3pez. En estos primeros contactos, el Legan\u00e9s transmite que es m\u00e1s que probable que se produzca un cambio, sin especificar cu\u00e1ndo. <\/p>\n<p><a href=\"https:\/\/as.com\/resultados\/ficha\/equipo\/leganes\/132\/\" rel=\"nofollow noopener\" target=\"_blank\"><img decoding=\"async\" src=\"https:\/\/www.europesays.com\/es\/wp-content\/uploads\/2025\/12\/132.png\" alt=\"El Legan\u00e9s ya busca recambio para sustituir a Paco L\u00f3pez\" height=\"80\" width=\"80\"  loading=\"lazy\" data-error-image=\"https:\/\/static.as.com\/dist\/resources\/images\/placeholder-team.png\"\/><\/a>Una semana clave<\/p>\n<p class=\"\">Todo apunta a que no ser\u00e1 esta semana, precisamente por este modus operandi: <b>el Legan\u00e9s est\u00e1 recopilando, primero, una lista de candidatos accesibles en el mercado para, despu\u00e9s, analizarlo y escoger sus favoritos<\/b>. Eso implica que el club no tiene candidatos destacados previos a esta posible decisi\u00f3n, o al menos que los que pudiera tener no convencen del todo. <b>As\u00ed que, salvo sorpresa, Paco L\u00f3pez seguir\u00e1 en una semana que puede ser (\u00e9sta s\u00ed) clave para su futuro. <\/b><\/p>\n<p class=\"\">El Legan\u00e9s recibe en Copa el jueves (19:00) al <b>Albacete<\/b> a partido \u00fanico y, despu\u00e9s, disputar\u00e1 el domingo la 16\u00aa jornada de Liga (16:15) ante el <b>C\u00f3rdoba<\/b>, un partido que, -de acabar en tropiezo- podr\u00eda sumir al Legan\u00e9s por primera vez en la temporada en puestos de descenso, situaci\u00f3n inaudita para un equipo al que la propiedad marc\u00f3 el objetivo (s\u00ed o s\u00ed) de ascender a Primera Divisi\u00f3n. <\/p>\n<p>Objetivo redefinido<\/p>\n<p class=\"\">\u201cA d\u00eda de hoy, el objetivo no puede ser ni ascender, ni playoff ni nada. <a href=\"https:\/\/as.com\/futbol\/segunda\/soriano-tenemos-que-olvidarnos-del-playoff-y-mirar-arriba-hay-que-pensar-en-ganar-f202511-n\/\" target=\"_blank\" rel=\"noreferrer nofollow noopener\" title=\"https:\/\/as.com\/futbol\/segunda\/soriano-tenemos-que-olvidarnos-del-playoff-y-mirar-arriba-hay-que-pensar-en-ganar-f202511-n\/\">El objetivo es el siguiente partido, debemos olvidarnos de playoff y de todo lo que sea mirar arriba.<\/a> Tenemos que conseguir los tres puntos ya y olvidarnos de lo dem\u00e1s\u201d, dijo (rotundo) tras caer ante el Zaragoza, <b>Juan Soriano<\/b>, cuarto capit\u00e1n de los pepineros, alej\u00e1ndose del discurso oficial que parec\u00eda centrarse s\u00f3lo en subir. <\/p>\n<p class=\"\">El portero tambi\u00e9n lanz\u00f3 un mensaje de apoyo a su entrenador: \u201cSiempre he dicho que el m\u00edster no mete goles, ni para balones. El m\u00edster pone a los jugadores. Ante el Almer\u00eda fallamos mucho y el m\u00edster no es el que los marca. <b>El m\u00edster tiene toda la confianza del equipo<\/b>\u201d, afirm\u00f3 en la flash-interview post partido en la televisi\u00f3n. <\/p>\n<p><img decoding=\"async\" src=\"https:\/\/www.europesays.com\/es\/wp-content\/uploads\/2025\/12\/QLL5SPBK4JLPDF7J4YUIH6ZYLA.jpg\" alt=\"El Legan\u00e9s ya busca recambio para sustituir a Paco L\u00f3pez\" height=\"2667\" width=\"4000\"   loading=\"lazy\"\/>Paco L\u00f3pez, en el banquillo del Ibercaja Estadio. CIERZO VISUALConfianza oficial del club<\/p>\n<p class=\"\">Ese mismo mensaje de confianza fue el que, antes del partido, lanz\u00f3 Jeff Luhnow, presidente del club, en la previa de esta visita al Ibercaja Estadio. \u201cSi crey\u00e9semos que cambiar el entrenador nos dar\u00eda mejor rendimiento, lo habr\u00edamos hecho. <b>Pero ni yo, ni Andr\u00e9s, ni los jugadores, internamente no estamos convencidos de que vaya a cambiar la din\u00e1mica.<\/b> S\u00ed, llegar\u00eda un nuevo modelo de juego, pero la plantilla ser\u00eda la misma\u201d, coment\u00f3 el mandatario en el canal de Twicht CD Pepineros. <\/p>\n<p class=\"\"><b>Luhnow<\/b>, adem\u00e1s, insisti\u00f3 en que esa confianza en los t\u00e9cnicos es uno de los valores que les permiten, cuando realmente se necesitan hacer cambios de t\u00e9cnico, escoger a preparadores que s\u00ed quieren ir al Legan\u00e9s porque saben que no se les despedir\u00e1 a las primeras de cambio. <\/p>\n<p>Noticias relacionadas<a href=\"https:\/\/as.com\/futbol\/paco-lopez-los-arbitros-no-son-capaces-de-analizar-el-juego-la-roja-a-marvel-nunca-es-agresion-f202511-n\/\" class=\"s_m_w\" title=\"El entrenador del Legan\u00e9s, muy cr\u00edtico con la roja a su jugador que ha marcado la derrota ante el Zaragoza. \u201cEl Zaragoza los primeros 15 o 20 minutos ha estado mejor que nosotros, pero ya no se puede sacar una conclusi\u00f3n por la roja\u201d. \" data-tb-link=\"\" rel=\"nofollow noopener\" target=\"_blank\"><img decoding=\"async\" src=\"https:\/\/www.europesays.com\/es\/wp-content\/uploads\/2025\/12\/1764610277_962_QLL5SPBK4JLPDF7J4YUIH6ZYLA.jpg\" alt=\"Paco L\u00f3pez: \u201cLos \u00e1rbitros no son capaces de analizar el juego, la roja a Marvel nunca es agresi\u00f3n\u201d\" class=\"\" height=\"9\" width=\"16\"   loading=\"lazy\" data-tb-thumbnail=\"\"\/><\/a><a href=\"https:\/\/as.com\/futbol\/segunda\/luhnow-hay-jugadores-que-no-han-dado-lo-que-esperabamos-f202511-n\/\" class=\"s_m_w\" title=\"El presidente del Legan\u00e9s admite que la situaci\u00f3n actual \u201cnos preocupa mucho\u201d, pero protege a Paco L\u00f3pez ante los malos resultados y deja en manos del mercado invernal un vuelco, aunque sin confirmar si habr\u00e1 fuertes inversiones.  \" data-tb-link=\"\" rel=\"nofollow noopener\" target=\"_blank\"><img decoding=\"async\" src=\"https:\/\/www.europesays.com\/es\/wp-content\/uploads\/2025\/12\/NRLORWKZKHVS66HDSBTMXTY4DY.JPG\" alt=\"Luhnow: \u201cHay jugadores que no han dado lo que esper\u00e1bamos\u201d\" class=\"\" height=\"9\" width=\"16\"   loading=\"lazy\" data-tb-thumbnail=\"\"\/><\/a><\/p>\n<p class=\"\">\u201c<b>La filosof\u00eda de Blue Crow [due\u00f1os del Legan\u00e9s] es que el primer cambio no siempre ser\u00e1 el entrenador.<\/b> Esto nos da tiempo a buscar luego otros entrenadores que cuando vienen, saben que llegan a un club que no va a echar entrenadores cada temporada. Es una ventaja para mejorar el nivel de los entrenadores<\/p>\n<p class=\"\"><b>\u00a1Tus opiniones importan!<\/b> Comenta en los art\u00edculos y suscr\u00edbete gratis a nuestra <a href=\"https:\/\/asfan.as.com\/newsletters\/\" target=\"_blank\" rel=\"nofollow noopener\" title=\"https:\/\/asfan.as.com\/newsletters\/\">newsletter<\/a> y a las alertas informativas en la <a href=\"https:\/\/as.com\/aplicacion-de-as-n\/\" target=\"_blank\" rel=\"nofollow noopener\" title=\"https:\/\/as.com\/aplicacion-de-as-n\/\">App<\/a> o el canal de <a href=\"https:\/\/www.whatsapp.com\/channel\/0029VaAasdA7j6g745nz9M10\" target=\"_blank\" rel=\"nofollow noopener\" title=\"https:\/\/www.whatsapp.com\/channel\/0029VaAasdA7j6g745nz9M10\">WhatsApp<\/a>. \u00bfBuscas licenciar contenido? Haz clic <a href=\"https:\/\/profesional.elpais.com\/soluciones-sindicacion?utm_medium=interno&amp;utm_source=crosslinking&amp;utm_campaign=sindicacion_as_pie_articulos\" target=\"_blank\" rel=\"nofollow noopener\" title=\"https:\/\/profesional.elpais.com\/soluciones-sindicacion?utm_medium=interno&amp;utm_source=crosslinking&amp;utm_campaign=sindicacion_as_pie_articulos\">aqu\u00ed<\/a><\/p>\n","protected":false},"excerpt":{"rendered":"El Legan\u00e9s ya se encuentra sondeando el mercado para encontrar un potencial recambio para Paco L\u00f3pez, entrenador de&hellip;\n","protected":false},"author":2,"featured_media":265799,"comment_status":"","ping_status":"","sticky":false,"template":"","format":"standard","meta":{"footnotes":""},"categories":[268],"tags":[168,25,24,280,282,281,23,167],"class_list":{"0":"post-265798","1":"post","2":"type-post","3":"status-publish","4":"format-standard","5":"has-post-thumbnail","7":"category-futbol","8":"tag-deportes","9":"tag-es","10":"tag-espana","11":"tag-football","12":"tag-futbol","13":"tag-soccer","14":"tag-spain","15":"tag-sports"},"share_on_mastodon":{"url":"https:\/\/pubeurope.com\/@es\/115645506630739349","error":""},"_links":{"self":[{"href":"https:\/\/www.europesays.com\/es\/wp-json\/wp\/v2\/posts\/265798","targetHints":{"allow":["GET"]}}],"collection":[{"href":"https:\/\/www.europesays.com\/es\/wp-json\/wp\/v2\/posts"}],"about":[{"href":"https:\/\/www.europesays.com\/es\/wp-json\/wp\/v2\/types\/post"}],"author":[{"embeddable":true,"href":"https:\/\/www.europesays.com\/es\/wp-json\/wp\/v2\/users\/2"}],"replies":[{"embeddable":true,"href":"https:\/\/www.europesays.com\/es\/wp-json\/wp\/v2\/comments?post=265798"}],"version-history":[{"count":0,"href":"https:\/\/www.europesays.com\/es\/wp-json\/wp\/v2\/posts\/265798\/revisions"}],"wp:featuredmedia":[{"embeddable":true,"href":"https:\/\/www.europesays.com\/es\/wp-json\/wp\/v2\/media\/265799"}],"wp:attachment":[{"href":"https:\/\/www.europesays.com\/es\/wp-json\/wp\/v2\/media?parent=265798"}],"wp:term":[{"taxonomy":"category","embeddable":true,"href":"https:\/\/www.europesays.com\/es\/wp-json\/wp\/v2\/categories?post=265798"},{"taxonomy":"post_tag","embeddable":true,"href":"https:\/\/www.europesays.com\/es\/wp-json\/wp\/v2\/tags?post=265798"}],"curies":[{"name":"wp","href":"https:\/\/api.w.org\/{rel}","templated":true}]}}