{"id":265800,"date":"2025-12-01T17:32:11","date_gmt":"2025-12-01T17:32:11","guid":{"rendered":"https:\/\/www.europesays.com\/es\/265800\/"},"modified":"2025-12-01T17:32:11","modified_gmt":"2025-12-01T17:32:11","slug":"primicia-isabel-pantoja-ni-nueva-vida-en-canarias-ni-en-republica-dominicana","status":"publish","type":"post","link":"https:\/\/www.europesays.com\/es\/265800\/","title":{"rendered":"PRIMICIA. Isabel Pantoja, ni nueva vida en Canarias, ni en Rep\u00fablica Dominicana"},"content":{"rendered":"<p id=\"eWEcUIANem\" data-wc=\"102\"><strong>Isabel Pantoja<\/strong> se ha convertido en noticia en los \u00faltimos d\u00edas no solo por las <a class=\"hm-link ho-link\" href=\"https:\/\/www.hola.com\/actualidad\/20251122868944\/esperada-respuesta-isa-pantoja-hermano-kiko-de-viernes\/\" data-mrf-recirculation=\"article-body-link\" rel=\"nofollow noopener\" target=\"_blank\">pol\u00e9micas entrevistas de sus hijos, Kiko Rivera e Isa Pantoja<\/a>, sino tambi\u00e9n por el lugar en el que se habr\u00eda instalado tras dejar Cantora hace justo un a\u00f1o. Diversas informaciones apuntaban a que la cantante hab\u00eda comenzado una nueva vida en Gran Canaria e incluso aseguraban que viv\u00eda de alquiler en la isla, a tan solo 12 minutos del hogar de <strong>su sobrina, Anabel Pantoja<\/strong>. Pero nada m\u00e1s lejos de la realidad. Su entorno m\u00e1s cercano nos desmiente estos rumores. \u00ab<strong>No est\u00e1 viviendo en Canarias<\/strong>\u00ab, nos confirman.\u00a0<\/p>\n<p> <img src=\"https:\/\/www.europesays.com\/es\/wp-content\/uploads\/2025\/12\/1c3cb2dd9450-gettyimages-1205553687.jpg\"   width=\"1024\" height=\"682\" loading=\"lazy\" decoding=\"async\" alt=\"Isabel Pantoja\" fetchpriority=\"auto\" class=\"image ho-image\"\/>\u00a9 Getty ImagesIsabel Pantoja, durante uno de sus conciertos en el WiZink Center de Madrid, en marzo de 2020<\/p>\n<p id=\"e6MXDB9YZv\" data-wc=\"137\">Lo \u00fanico cierto a d\u00eda de hoy es que la artista, de 69 a\u00f1os, est\u00e1 completamente volcada en su carrera profesional. La pr\u00f3xima primavera arrancar\u00e1 una gira por Am\u00e9rica y ya hay varias fechas confirmadas:<strong>\u00a0actuar\u00e1 en Chile el 29 de abril y el 8 de mayo en Nueva York<\/strong>. El calendario todav\u00eda est\u00e1 abierto y podr\u00eda ampliarse, por lo que no ser\u00eda extra\u00f1o que Isabel se trasladara a vivir temporalmente al otro lado del Atl\u00e1ntico cuando comiencen los conciertos. \u00ab<strong>Necesita tener un centro de operaciones para desplazarse con facilidad y no tener que hacer un vuelo transoce\u00e1nico cada vez que tenga un concierto<\/strong>\u00ab, nos explican desde su entorno. En ese contexto, Rep\u00fablica Dominicana suena con fuerza, aunque no es una opci\u00f3n cerrada: todo depender\u00e1 de los contratos, los promotores y los detalles log\u00edsticos de la gira.<\/p>\n<p> <img src=\"https:\/\/www.europesays.com\/es\/wp-content\/uploads\/2025\/12\/82cb5394f01d-isabel-patoja-gtres2.jpg\"   width=\"682\" height=\"1024\" loading=\"lazy\" decoding=\"async\" alt=\"Isabel Pantoja\" fetchpriority=\"auto\" class=\"image ho-image\"\/>\u00a9 GTRESIsabel Pantoja en un concierto en Valladolid en 2014<\/p>\n<p id=\"eL2TxHuscR\" data-wc=\"31\">Por ahora, <strong>Isabel contin\u00faa viviendo en Espa\u00f1a<\/strong>, poniendo en orden su vida y esperando a que se resuelvan las inc\u00f3gnitas sobre el lugar en el que residir\u00e1 en los pr\u00f3ximos meses.\u00a0<\/p>\n<p> <img src=\"https:\/\/www.europesays.com\/es\/wp-content\/uploads\/2025\/12\/f0bef159d10f-dlu595747036.jpg\"   width=\"1024\" height=\"682\" loading=\"lazy\" decoding=\"async\" alt=\"Isabel Pantoja, entre focos y c\u00e1maras, reaparece en los Juzgados de Pozuelo de Alarc\u00f3n (Madrid)\" fetchpriority=\"auto\" class=\"image ho-image\"\/>\u00a9 GTRESIsabel Pantoja, entre focos y c\u00e1maras, reaparece en los Juzgados de Pozuelo de Alarc\u00f3n (Madrid)<\/p>\n<p id=\"eGiL-Zfr8Y\" data-wc=\"68\">Seg\u00fan ha podido saber \u00a1HOLA!, <strong>la intenci\u00f3n de la artista es dejar todo perfectamente organizado antes de iniciar la gira<\/strong>: quiere marcharse con tranquilidad, sin sobresaltos, y con todos sus asuntos pendientes -incluidos los relacionados con Hacienda- completamente resueltos. La decisi\u00f3n, en cualquier caso, no se tomar\u00e1 de inmediato: <strong>ser\u00e1 en los pr\u00f3ximos meses cuando Isabel pueda concretar d\u00f3nde vivir\u00e1 exactamente<\/strong> durante su nueva e ilusionante etapa profesional.<\/p>\n","protected":false},"excerpt":{"rendered":"Isabel Pantoja se ha convertido en noticia en los \u00faltimos d\u00edas no solo por las pol\u00e9micas entrevistas de&hellip;\n","protected":false},"author":2,"featured_media":265801,"comment_status":"","ping_status":"","sticky":false,"template":"","format":"standard","meta":{"footnotes":""},"categories":[174],"tags":[517,255,146,147,25,24,256,6370,23],"class_list":{"0":"post-265800","1":"post","2":"type-post","3":"status-publish","4":"format-standard","5":"has-post-thumbnail","7":"category-famosos","8":"tag-actualidad","9":"tag-celebrities","10":"tag-entertainment","11":"tag-entretenimiento","12":"tag-es","13":"tag-espana","14":"tag-famosos","15":"tag-isabel-pantoja","16":"tag-spain"},"share_on_mastodon":{"url":"https:\/\/pubeurope.com\/@es\/115645510172159459","error":""},"_links":{"self":[{"href":"https:\/\/www.europesays.com\/es\/wp-json\/wp\/v2\/posts\/265800","targetHints":{"allow":["GET"]}}],"collection":[{"href":"https:\/\/www.europesays.com\/es\/wp-json\/wp\/v2\/posts"}],"about":[{"href":"https:\/\/www.europesays.com\/es\/wp-json\/wp\/v2\/types\/post"}],"author":[{"embeddable":true,"href":"https:\/\/www.europesays.com\/es\/wp-json\/wp\/v2\/users\/2"}],"replies":[{"embeddable":true,"href":"https:\/\/www.europesays.com\/es\/wp-json\/wp\/v2\/comments?post=265800"}],"version-history":[{"count":0,"href":"https:\/\/www.europesays.com\/es\/wp-json\/wp\/v2\/posts\/265800\/revisions"}],"wp:featuredmedia":[{"embeddable":true,"href":"https:\/\/www.europesays.com\/es\/wp-json\/wp\/v2\/media\/265801"}],"wp:attachment":[{"href":"https:\/\/www.europesays.com\/es\/wp-json\/wp\/v2\/media?parent=265800"}],"wp:term":[{"taxonomy":"category","embeddable":true,"href":"https:\/\/www.europesays.com\/es\/wp-json\/wp\/v2\/categories?post=265800"},{"taxonomy":"post_tag","embeddable":true,"href":"https:\/\/www.europesays.com\/es\/wp-json\/wp\/v2\/tags?post=265800"}],"curies":[{"name":"wp","href":"https:\/\/api.w.org\/{rel}","templated":true}]}}