{"id":265812,"date":"2025-12-01T17:39:07","date_gmt":"2025-12-01T17:39:07","guid":{"rendered":"https:\/\/www.europesays.com\/es\/265812\/"},"modified":"2025-12-01T17:39:07","modified_gmt":"2025-12-01T17:39:07","slug":"la-asociacion-ciudadana-anti-sida-de-malaga-alerta-de-que-el-estigma-sigue-provocando-diagnosticos-tardios-de-vih-cadena-ser","status":"publish","type":"post","link":"https:\/\/www.europesays.com\/es\/265812\/","title":{"rendered":"La Asociaci\u00f3n Ciudadana Anti-Sida de M\u00e1laga alerta de que el estigma sigue provocando diagn\u00f3sticos tard\u00edos de VIH &#8211; Cadena SER"},"content":{"rendered":"<ol>\n<li><a href=\"https:\/\/news.google.com\/rss\/articles\/CBMi_AFBVV95cUxNVFJJeE55OVBRbllYMHRJTGoyV1NJYWtmV1YtNENZZVI0TERTenhLZWxad0VvdWJyRHVKbDNvMy15NTRUamhFbElhREZ4UlJUZU1LcHpoZ3haQ3oxZXBxRlpQWXM0c1AzcEtzcndGWEc5Mk40cmNid0xEY3RnSW4zcEJHUEtkMDEwXzE0UFZ1ZndHbGlTVjNuMEVUUk12Y0ppRVNENWJJemVGNWFNM2FpZVVaOGNGY0hodG02YnlaR2VYMzlSNldyQ1VEenMzT0N2VWtZcVFNWnc5eG05OGdQOGNQZ3U3MGZFLU9wMmxHLTN3a19STWFLMV9odDTSAZACQVVfeXFMUFplb3lZY3NweXA5Sm5wcng5blZ4VGhwd1RGR0xZcXRqQjFYSUFXc0Y3eHRNZTc3RjdtdXFnYXU0cEdPRFNESngzS1Nxa3hrZXBTNXNqOUlfS2dzNW84b1hLQmdmbWRFb1FOMVBHSkcyY2FkYWIxVUV3TjBRUmlDOG15TWpkUzFWZE1fTFJZbUlUWFBXT1o0Q1g2OWR3dnhxaV84aGNFVkN3YkRUeUxOb21lVzVPNWF2YWtybkpXelpkM25rZHVvVWtFc1hfeWlucVdFS0NpZFRXdGkwalIzcXBrQTU0bF9kcnhBT0dlaGZnaDM1NmZoQ2NvTnJMdVJwN0d6NS1Mejd3eHlKeVJJUWo?oc=5\" target=\"_blank\" rel=\"nofollow noopener\">La Asociaci\u00f3n Ciudadana Anti-Sida de M\u00e1laga alerta de que el estigma sigue provocando diagn\u00f3sticos tard\u00edos de VIH<\/a>&nbsp;&nbsp;Cadena SER<\/li>\n<li><a href=\"https:\/\/news.google.com\/rss\/articles\/CBMilgFBVV95cUxQZndyeW05M0FLZ1cyLXpsYkl6c0I0QWVHQ1RRQnl2NEI3Zk5JZVE3RDF2Mm1NYml6ZmNjam50ajZvWTE5eGpvUlZzLTlhSmhjb01mSk0yTkthOXNOblo5OTNadENFMW9JRUl2blVRREYwVFZybU9vZWhfNnlJcWhhRzI0Q1hveVVUT0FqRHRBdmhLVklhLWc?oc=5\" target=\"_blank\" rel=\"nofollow noopener\">\u00abAnte el estigma del VIH, somos la respuesta\u00bb<\/a>&nbsp;&nbsp;El Diario Monta\u00f1\u00e9s<\/li>\n<li><a href=\"https:\/\/news.google.com\/rss\/articles\/CBMi2gFBVV95cUxQWVBIdVpDUXJ4bHRCcDdXRTNPRHdHU1M0cnNZVUlBQWc4THQ4aTlCb3lrUktDRDNBcDUxNUt4ZGxadVEyRlN6Mmw0ODcxNUtETVlFTWJGVUxCZW1kaDctV3daZDRTVWdyUm5JbnhmUFZrcVNXakhLblM2V2hUMWo3WWs2UXgwZ3JTNVV5U3pzM3I2NjJEUzFqMWk5OXp0b3hweHpJTElOR1BUbzhtNlI3SUN1TjJpQlZTZ0p1cF80a0dqcThDWGJ2Zlp3eVVLUDRveFY4NGVtN1FCQQ?oc=5\" target=\"_blank\" rel=\"nofollow noopener\">CCOO por la ciencia frente a los bulos que crean estigmas<\/a>&nbsp;&nbsp;CCOO Madrid<\/li>\n<li><a href=\"https:\/\/news.google.com\/rss\/articles\/CBMipAFBVV95cUxNeW50YUQ2UWtQOVV3OEVXSm4tSTVTNmhJMUlWRVdZckJoMnVZU04weUFPbUJQdVhwZ0RNQlQtTlpfQVg0S0dMR2VCMWhVLVNKYlFHYkMtbGJhZGtNaWZEVFhsVy0wV29WWGE5UDZENjhabnJBN1pkdzdQT0VjMXdwdGE1SUtwOVZoS2tGNzlpazZseVBZSDhxMEx1cGJWUS1mXzNkVw?oc=5\" target=\"_blank\" rel=\"nofollow noopener\">La incidencia del SIDA en Castilla-La Mancha en 2025<\/a>&nbsp;&nbsp;elDiario.es<\/li>\n<li><a href=\"https:\/\/news.google.com\/rss\/articles\/CBMi3AFBVV95cUxPYmNGbUtVT051WTlYb3lWYVNpcmhMWHMxRHIwQ1lSUkU0ekhGTTlqUDh5QldodUpvazJXREM4aTIwSWkyanF4eXNXeFd0UWNLbklxS01TckpVaXNQUENEZWVIMTVIaDY5NDc0djhTVDc0eE1wVEEybFQzNTV3ZHlraG1iM25PS0hLYXRROWh2c2ljVUUzWWp6RWRCaFVqTGhkQ3dWMUF2SE5EeTM2MDN4STJ6UWczMmdNdmFNYzkzcTdEQWJuLS1fNklkd3I1TXE2cFBRRmNXRjVXRUZ50gHiAUFVX3lxTE9uOU1yTV82SEN3eTdPVU5jTllhSkRmS2NrY3JtWmxVa3MyWS1nLXlYY0lxd1dQSGtXdEJodDZpbjZOQ081cmRvVzlibHJBMmpyVW5oREtIS3JHNU96eW95RXN2T0g5N2RudEFwTzd5SWtNNndvX1RzRkEwQ0QyTEFkNDRxZTJJYnM5RXlldG41c1BUd01GM19uLWxRYUtqaDNlYkk5TTJqOWJ4Uk1OLVYzTjU0blY3ZzlqVmFiT2ZJT04tbW9BT3FPdjlGRzhWaFR6OHN4SklORmhyVTdCeXA1T1E?oc=5\" target=\"_blank\" rel=\"nofollow noopener\">\u00abLas personas con VIH estamos invisibilizadas y debemos hacernos ver para acabar con los miedos\u00bb<\/a>&nbsp;&nbsp;Levante-EMV<\/li>\n<\/ol>\n","protected":false},"excerpt":{"rendered":"La Asociaci\u00f3n Ciudadana Anti-Sida de M\u00e1laga alerta de que el estigma sigue provocando diagn\u00f3sticos tard\u00edos de VIH&nbsp;&nbsp;Cadena SER&hellip;\n","protected":false},"author":2,"featured_media":248356,"comment_status":"","ping_status":"","sticky":false,"template":"","format":"standard","meta":{"footnotes":""},"categories":[92],"tags":[25,24,165,166,23],"class_list":{"0":"post-265812","1":"post","2":"type-post","3":"status-publish","4":"format-standard","5":"has-post-thumbnail","7":"category-salud","8":"tag-es","9":"tag-espana","10":"tag-health","11":"tag-salud","12":"tag-spain"},"share_on_mastodon":{"url":"https:\/\/pubeurope.com\/@es\/115645537712479040","error":""},"_links":{"self":[{"href":"https:\/\/www.europesays.com\/es\/wp-json\/wp\/v2\/posts\/265812","targetHints":{"allow":["GET"]}}],"collection":[{"href":"https:\/\/www.europesays.com\/es\/wp-json\/wp\/v2\/posts"}],"about":[{"href":"https:\/\/www.europesays.com\/es\/wp-json\/wp\/v2\/types\/post"}],"author":[{"embeddable":true,"href":"https:\/\/www.europesays.com\/es\/wp-json\/wp\/v2\/users\/2"}],"replies":[{"embeddable":true,"href":"https:\/\/www.europesays.com\/es\/wp-json\/wp\/v2\/comments?post=265812"}],"version-history":[{"count":0,"href":"https:\/\/www.europesays.com\/es\/wp-json\/wp\/v2\/posts\/265812\/revisions"}],"wp:featuredmedia":[{"embeddable":true,"href":"https:\/\/www.europesays.com\/es\/wp-json\/wp\/v2\/media\/248356"}],"wp:attachment":[{"href":"https:\/\/www.europesays.com\/es\/wp-json\/wp\/v2\/media?parent=265812"}],"wp:term":[{"taxonomy":"category","embeddable":true,"href":"https:\/\/www.europesays.com\/es\/wp-json\/wp\/v2\/categories?post=265812"},{"taxonomy":"post_tag","embeddable":true,"href":"https:\/\/www.europesays.com\/es\/wp-json\/wp\/v2\/tags?post=265812"}],"curies":[{"name":"wp","href":"https:\/\/api.w.org\/{rel}","templated":true}]}}