{"id":265819,"date":"2025-12-01T17:43:11","date_gmt":"2025-12-01T17:43:11","guid":{"rendered":"https:\/\/www.europesays.com\/es\/265819\/"},"modified":"2025-12-01T17:43:11","modified_gmt":"2025-12-01T17:43:11","slug":"hallan-el-cadaver-de-la-influencer-stefanie-pieper-en-una-maleta-abandonada","status":"publish","type":"post","link":"https:\/\/www.europesays.com\/es\/265819\/","title":{"rendered":"Hallan el cad\u00e1ver de la influencer Stefanie Pieper en una maleta abandonada"},"content":{"rendered":"<p style=\"\">El mundo de las redes sociales se ha vuelto a te\u00f1ir de luto este domingo despu\u00e9s de anunciarse la brutal muerte de la influencer australiana <strong>Stefanie Pieper<\/strong>, de 31, que hab\u00eda desaparecido el pasado domingo 23 de noviembre. La joven fue asesinada y su  &#8230; cuerpo escondido en una maleta enterrada en un bosque de Eslovenia.<\/p>\n<p class=\"voc-p\" style=\"\">Tal y como informa el diario austriaco &#8216;Kronen Zeitung&#8217;, el cad\u00e1ver fue descubierto despu\u00e9s de que su exnovio <strong>Patrik M.<\/strong>, un portero de discoteca de origen esloveno de la misma edad que Pieper y con quien hab\u00eda mantenido una relaci\u00f3n intermitente, confesara el asesinato. Al parecer, el joven estrangul\u00f3 a su expareja y posteriormente la escondi\u00f3 en el interior de una maleta y la dej\u00f3 en el citado paraje natural. Tras su confesi\u00f3n, M. dirigi\u00f3 a los detectives hasta el sitio <a href=\"https:\/\/www.abc.es\/gente\/muere-extranas-circunstancias-influencer-barbara-jankavski-conocida-20251106085135-nt.html\" target=\"_self\" data-voc-vtm-id=\"in-text-traffic\" title=\"donde ocult\u00f3 sus restos\" data-mrf-link=\"www.abc.es\" rel=\"nofollow noopener\">donde ocult\u00f3 sus restos<\/a>. <\/p>\n<p class=\"voc-p\" style=\"\">Stefanie, muy conocida en redes sociales, era famosa por sus consejos sobre moda, belleza y maquillaje. La \u00faltima vez que se la vio con vida fue la madrugada del domingo cuando volvi\u00f3 a su casa en Graz, la capital de Estiria, tras una fiesta prenavide\u00f1a. La joven comparti\u00f3 taxi con una amiga, que la dej\u00f3 en su portal antes de seguir el camino hasta su vivienda. Fueron sus familiares los que<strong> dieron la voz de alarma<\/strong> despu\u00e9s de que no se presentase a una sesi\u00f3n fotogr\u00e1fica al d\u00eda siguiente ni respondiese a las llamadas y mensajes. <\/p>\n<p><img decoding=\"async\" loading=\"lazy\" src=\"https:\/\/www.europesays.com\/es\/wp-content\/uploads\/2025\/12\/G6-U74166620578AYz-760x600@diario_abc.jpg\" class=\"voc-img\" width=\"760\" height=\"600\" alt=\"La influencer Stefanie Pieper\" data-voc-vtm-id=\"in-text-traffic\"\/><\/p>\n<p>La influencer Stefanie Pieper<\/p>\n<p>RR. SS.<\/p>\n<p class=\"voc-p\" style=\"\">La polic\u00eda, al entrar en su apartamento, encontr\u00f3 rastros de sangre en el marco de una puerta y a su perro -un golden retriever llamado Marlow- solo y m\u00e1s tarde recuper\u00f3 su tel\u00e9fono tirado en unos arbustos cercanos. Los vecinos afirmaron haber escuchado \u00abruidos fuertes\u00bb tras<strong> una violenta discusi\u00f3n<\/strong> proveniente de su residencia el d\u00eda en que desapareci\u00f3, alrededor de las 8 de la ma\u00f1ana. Los investigadores descubrieron los \u00faltimos mensajes de WhatsApp de Stefanie enviados a un amigo que advert\u00edan de una \u00abfigura oscura\u00bb que vio despu\u00e9s de regresar de pasear a su perro. Adem\u00e1s, analizaron las c\u00e1maras de seguridad a trav\u00e9s de las cuales se descubri\u00f3 que ese d\u00eda el hombre hab\u00eda cruzado en coche la frontera con Eslovenia y m\u00e1s tarde regres\u00f3 a Austria. A su vuelta, intent\u00f3 prender fuego a su Volkswagen Golf<a href=\"https:\/\/www.abc.es\/gente\/muere-extranas-circunstancias-influencer-barbara-jankavski-conocida-20251106085135-nt.html\" target=\"_self\" data-voc-vtm-id=\"in-text-traffic\" title=\" para borrar las pruebas\" data-mrf-link=\"www.abc.es\" rel=\"nofollow noopener\"> para borrar las pruebas<\/a>.<\/p>\n<p class=\"voc-p\" style=\"\">Por el momento, Patrik M. ha sido trasladado de vuelta a Austria, y tanto su hermano como su padrastro han sido detenidos y enviados a la c\u00e1rcel de Graz-Jakomini mientras se ampl\u00eda la investigaci\u00f3n.<\/p>\n","protected":false},"excerpt":{"rendered":"El mundo de las redes sociales se ha vuelto a te\u00f1ir de luto este domingo despu\u00e9s de anunciarse&hellip;\n","protected":false},"author":2,"featured_media":265820,"comment_status":"","ping_status":"","sticky":false,"template":"","format":"standard","meta":{"footnotes":""},"categories":[42],"tags":[12855,10771,17,18,7573,6247,13,14,10000,11,5764,61,62,63,64,19,20,26561,9,10,15,16,65812,65811,12,21,22,65,66,67],"class_list":{"0":"post-265819","1":"post","2":"type-post","3":"status-publish","4":"format-standard","5":"has-post-thumbnail","7":"category-internacional","8":"tag-abandonada","9":"tag-asesinato","10":"tag-breaking-news","11":"tag-breakingnews","12":"tag-brutal","13":"tag-cadaver","14":"tag-featured-news","15":"tag-featurednews","16":"tag-hallan","17":"tag-headlines","18":"tag-influencer","19":"tag-internacional","20":"tag-international","21":"tag-international-news","22":"tag-internationalnews","23":"tag-latest-news","24":"tag-latestnews","25":"tag-maleta","26":"tag-news","27":"tag-noticias","28":"tag-noticias-destacadas","29":"tag-noticiasdestacadas","30":"tag-pieper","31":"tag-stefanie","32":"tag-titulares","33":"tag-ultimas-noticias","34":"tag-ultimasnoticias","35":"tag-world","36":"tag-world-news","37":"tag-worldnews"},"share_on_mastodon":{"url":"https:\/\/pubeurope.com\/@es\/115645553591427315","error":""},"_links":{"self":[{"href":"https:\/\/www.europesays.com\/es\/wp-json\/wp\/v2\/posts\/265819","targetHints":{"allow":["GET"]}}],"collection":[{"href":"https:\/\/www.europesays.com\/es\/wp-json\/wp\/v2\/posts"}],"about":[{"href":"https:\/\/www.europesays.com\/es\/wp-json\/wp\/v2\/types\/post"}],"author":[{"embeddable":true,"href":"https:\/\/www.europesays.com\/es\/wp-json\/wp\/v2\/users\/2"}],"replies":[{"embeddable":true,"href":"https:\/\/www.europesays.com\/es\/wp-json\/wp\/v2\/comments?post=265819"}],"version-history":[{"count":0,"href":"https:\/\/www.europesays.com\/es\/wp-json\/wp\/v2\/posts\/265819\/revisions"}],"wp:featuredmedia":[{"embeddable":true,"href":"https:\/\/www.europesays.com\/es\/wp-json\/wp\/v2\/media\/265820"}],"wp:attachment":[{"href":"https:\/\/www.europesays.com\/es\/wp-json\/wp\/v2\/media?parent=265819"}],"wp:term":[{"taxonomy":"category","embeddable":true,"href":"https:\/\/www.europesays.com\/es\/wp-json\/wp\/v2\/categories?post=265819"},{"taxonomy":"post_tag","embeddable":true,"href":"https:\/\/www.europesays.com\/es\/wp-json\/wp\/v2\/tags?post=265819"}],"curies":[{"name":"wp","href":"https:\/\/api.w.org\/{rel}","templated":true}]}}