{"id":265826,"date":"2025-12-01T17:51:19","date_gmt":"2025-12-01T17:51:19","guid":{"rendered":"https:\/\/www.europesays.com\/es\/265826\/"},"modified":"2025-12-01T17:51:19","modified_gmt":"2025-12-01T17:51:19","slug":"hugo-de-la-calle-burgos-ciclismo-vuelta-asturias-espana","status":"publish","type":"post","link":"https:\/\/www.europesays.com\/es\/265826\/","title":{"rendered":"HUGO DE LA CALLE BURGOS CICLISMO VUELTA ASTURIAS ESPA\u00d1A"},"content":{"rendered":"<p class=\"ft-text ft-helper-closenews\"><a class=\"ft-link ft-link--decoration\" href=\"https:\/\/www.lne.es\/deportes\/deporte-astur\/2025\/04\/25\/castrillonense-hugo-calle-colocarse-segundo-116747483.html\" rel=\"nofollow noopener\" target=\"_blank\">Hugo de la Calle (Castrill\u00f3n, 21 a\u00f1os)<\/a> sonr\u00ede a pesar de que le duelen las cinco costillas que se rompi\u00f3 en su \u00faltima carrera, en Italia. Sonr\u00ede porque ya piensa en volver a entrenarse y dar continuidad a un a\u00f1o de debut profesional que, reconoce, ni \u00e9l mismo esperaba que fuese tan bueno.<\/p>\n<p class=\"ft-text\"><strong>\u00bfQu\u00e9 balance hace de su primera temporada como profesional? <\/strong><\/p>\n<p class=\"ft-text\">Muy positivo, cuando llegu\u00e9 a casa me preguntaron \u2018si te dicen al principio de temporada el a\u00f1o que ibas a hacer pero que en la \u00faltima carrera te ca\u00edas, \u00bflo firmabas?\u2019. Sin duda, lo hubiera firmado, luego me lo plantear\u00eda un poco con todas las costillas rotas (r\u00ede). Fue muy positivo, yo fui el primer sorprendido, me esperaba una adaptaci\u00f3n complicada y dura a la categor\u00eda, pero sali\u00f3 todo muy bien y solo puedo estar satisfecho, orgulloso y motivado para este a\u00f1o que viene.<\/p>\n<p><img decoding=\"async\" src=\"https:\/\/www.europesays.com\/es\/wp-content\/uploads\/2025\/12\/8a35b2f6-a15f-4b32-be1d-6a4a0bb91389_alta-libre-aspect-ratio_default_0.jpg\" width=\"1200\" height=\"799\" alt=\"Hugo de la Calle\" class=\"ft-helper-img-rd\" loading=\"lazy\"\/><\/p>\n<p class=\"ft-helper-fontColor-quaternary ft-helper-fontSize-body-S ft-helper-spacer-t-xxs\">Hugo de la Calle durante la entrevista con LA NUEVA ESPA\u00d1A  \/ Roberto Men\u00e9ndez <\/p>\n<p class=\"ft-text\"><strong>En la Vuelta a Asturias, a pesar de que el \u00faltimo d\u00eda se le escap\u00f3 el podio, rindi\u00f3 a un gran nivel. <\/strong><\/p>\n<p class=\"ft-text\">Desde el principio de a\u00f1o, <a class=\"ft-link ft-link--decoration\" href=\"https:\/\/www.lne.es\/deportes\/deporte-astur\/2025\/02\/01\/joven-ciclista-asturiano-futuro-hugo-113889598.html\" rel=\"nofollow noopener\" target=\"_blank\">en Mallorca<\/a>, pude dejarme ver y sentir que los mejores del mundo son humanos y que en un buen d\u00eda puedes estar cerca de ellos. Es verdad que la Vuelta a Asturias era un objetivo, pero de cara a estar bien, no a plantearme un resultado. <a class=\"ft-link ft-link--decoration\" href=\"https:\/\/www.lne.es\/deportes\/deporte-astur\/2025\/04\/27\/decepcion-ciclista-asturiano-hugo-calle-116801579.html\" rel=\"nofollow noopener\" target=\"_blank\">La hab\u00eda preparado bien porque tambi\u00e9n quer\u00eda hacer un buen papel en la Itzulia, que iba a ser mi debut en el World Tour (carreras de la m\u00e1xima categor\u00eda), hice un bloque de altura, el primer bloque de altura en toda mi vida, y parece que me sent\u00f3 bien<\/a>. Sufr\u00ed mucho en la Itzulia, cog\u00ed ese punto extra, y fue llegar a la Vuelta a Asturias y desde el primer d\u00eda me encontr\u00e9 mejor que nunca. En ese \u00faltimo d\u00eda un error de juvenil me hizo perder el tercer puesto e incluso el segundo, que fue como sal\u00ed en la etapa, y a ra\u00edz de eso aprend\u00ed que no hay que dar las cosas por hechas.<\/p>\n<p><img decoding=\"async\" src=\"https:\/\/www.europesays.com\/es\/wp-content\/uploads\/2025\/12\/29b14a65-608b-4490-90b3-88f23dfc023c_alta-libre-aspect-ratio_default_0.jpg\" width=\"1200\" height=\"799\" alt=\"Por la izquierda, Samuel Fern\u00e1ndez, Iv\u00e1n Garc\u00eda Cortina, Hugo de la Calle, Eduardo P\u00e9rez-Landaluce, Sinuh\u00e9 Fern\u00e1ndez y, haciendo una foto para conmemorar el encuentro. CICLISMO. CICLISTAS PROFESIONALES ASTURIANOS. BUE\u00d1O\" class=\"ft-helper-img-rd\" loading=\"lazy\"\/><\/p>\n<p class=\"ft-helper-fontColor-quaternary ft-helper-fontSize-body-S ft-helper-spacer-t-xxs\">Por la izquierda, Samuel Fern\u00e1ndez, Iv\u00e1n Garc\u00eda Cortina, Hugo de la Calle, Eduardo P\u00e9rez-Landaluce, Sinuh\u00e9 Fern\u00e1ndez y, haciendo una foto para conmemorar el encuentro entre ciclistas profesionales asturianos.  \/ Roberto Men\u00e9ndez<\/p>\n<p class=\"ft-text\"><strong>El plato fuerte de la temporada fue la Vuelta a Espa\u00f1a, \u00bfno?<\/strong><\/p>\n<p class=\"ft-text\"><a class=\"ft-link ft-link--decoration\" href=\"https:\/\/www.lne.es\/deportes\/deporte-astur\/2025\/08\/19\/tres-asturianos-vuelta-espana-2025-120741769.html\" rel=\"nofollow noopener\" target=\"_blank\">Es el sue\u00f1o de todo ni\u00f1o, para m\u00ed ya era un sue\u00f1o estar con los colores del Burgos Burpellet BH<\/a>, ser ciclista profesional, lo pude cumplir, y encima estar en la salida de la Vuelta, en mi primer a\u00f1o, ya ni te cuento. Me cost\u00f3 empezar a disfrutarla, empezamos con mal pie, no en la primera etapa, que fue bestial, pero a ra\u00edz de ah\u00ed empezaron a surgir los problemas en el equipo y cost\u00f3 entrar en una din\u00e1mica positiva porque viendo a tantos compa\u00f1eros irse a casa&#8230; Quer\u00eda llegar a las etapas de Asturias, y hab\u00eda momentos en que lo ve\u00eda complicado. Fue cuando de verdad me centr\u00e9 en ir d\u00eda a d\u00eda, empec\u00e9 a disfrutar en las etapas, pude completar la Vuelta y vivir una experiencia que se va a quedar toda la vida conmigo.<\/p>\n<p class=\"ft-text\"><strong>\u00bfLleg\u00f3 a enfermar?<\/strong><\/p>\n<p class=\"ft-text\">S\u00ed, doy gracias que no fui de los m\u00e1s afectados. <a class=\"ft-link ft-link--decoration\" href=\"https:\/\/www.lne.es\/deportes\/deporte-astur\/2024\/03\/18\/peloton-asturiano-engorda-cuatro-profesionales-99619100.html\" rel=\"nofollow noopener\" target=\"_blank\">Hubo compa\u00f1eros que estuvieron vomitando y con unas diarreas extremas que daba pena de verlos<\/a>. Yo solo fue un poco de afectaci\u00f3n gastrointestinal, a la hora de comer ten\u00eda problemas para digerir y me costaba realizar las ingestas que deb\u00eda. Muchos d\u00edas, bueno tres exactamente, no pude casi comer encima de la bicicleta y cuando llegaba al final de la carrera llevaba un melocotonazo encima que no sab\u00edas ni por d\u00f3nde iba.<\/p>\n<p class=\"ft-text\"><strong>Se dej\u00f3 ver en la primera etapa.<\/strong><\/p>\n<p class=\"ft-text\"><a class=\"ft-link ft-link--decoration\" href=\"https:\/\/www.lne.es\/deportes\/deporte-astur\/2025\/08\/24\/vuelta-ciclista-espana-comienza-protagonismo-120884367.html\" rel=\"nofollow noopener\" target=\"_blank\">S\u00ed, fue un bonito recuerdo. No lo ten\u00eda en mente antes de la salida, surgi\u00f3 as\u00ed, me lo coment\u00f3 el equipo. <\/a>Tampoco la idea era dejarme solo peregrinando, sino buscar los puntos de la monta\u00f1a para so\u00f1ar con el maillot de lunares y sino estaba la baza del maillot verde, e incluso con las bonificaciones el maillot blanco de mejor joven. No consegu\u00ed ninguno porque hice cuarto en todos los pasos. Luego, el pelot\u00f3n se ech\u00f3 muy r\u00e1pido encima, en un momento me dejaron solo, se par\u00f3 todo el mundo, y me dije tendr\u00e9 que dar pedales yo solo. Estaba esperando a ver cu\u00e1ndo decid\u00edan cogerme, porque al final la fuerza del grupo es muy grande. Fue una bonita experiencia entrar en todos los pueblos, te das cuenta de lo que es la Vuelta. Se sab\u00edan mi nombre y antes de la salida no me conoc\u00edan m\u00e1s que mis padres.<\/p>\n<p><img decoding=\"async\" src=\"https:\/\/www.europesays.com\/es\/wp-content\/uploads\/2025\/12\/66dc1290-eb95-460a-9b02-390ecc292693_alta-libre-aspect-ratio_default_0.jpg\" width=\"1200\" height=\"751\" alt=\"VUELTA CICLISTA A ASTURIAS. ETAPA 3. EN CABEZA, EL JOVEN ADRIA PERICAS EN CABEZA, SEGUIDO DE LOS ASTURIANOS HUGO DE LA CALLE Y SINUHE FERNANDEZ PASANDO DELANTE DEL CASINO DE BOAL\" class=\"ft-helper-img-rd\" loading=\"lazy\"\/><\/p>\n<p class=\"ft-helper-fontColor-quaternary ft-helper-fontSize-body-S ft-helper-spacer-t-xxs\">Hugo de la Calle, detr\u00e1s de Adri\u00e0 Pericas y delante de Sinuh\u00e9 Fern\u00e1ndez, en la Vuelta a Asturias  \/ Juan Plaza <\/p>\n<p class=\"ft-text\"><strong>\u00bfQu\u00e9 tal con el equipo? <\/strong><\/p>\n<p class=\"ft-text\">El equipo desde el primer momento me dio mucha confianza y un calendario que me hizo crecer mucho. El poder correr toda la temporada en Europa y en carreras de gran nivel me da un punto m\u00e1s que espero que este a\u00f1o se note. Solo puedo estar agradecido, han confiado mucho en m\u00ed, incluso la \u00faltima etapa de la Vuelta a Asturias todos estuvieron volcados en intentar defender el podio. Estuve agradecido y sigo agradecido por ese gran trabajo.<\/p>\n<p class=\"ft-text\"><strong>\u00bfQu\u00e9 es lo que m\u00e1s le ha sorprendido del pelot\u00f3n profesional?<\/strong><\/p>\n<p class=\"ft-text\">Muchas cosas, pero creo que lo que m\u00e1s es la diferencia que hay cuando es una carrera World Tour. Muchas veces est\u00e1s corriendo con gente en otras carreras y no notas tanto la diferencia, pero cuando se juntan todos los World Tour el nivel es alt\u00edsimo, la velocidad es alt\u00edsima; es lo que m\u00e1s me ha sorprendido y donde m\u00e1s acusaba la fatiga y m\u00e1s me costaba encontrar ese buen golpe de pedal. Te llevan a un ritmo tan asfixiante que cuando quieres apretar no hay m\u00e1s, sientes que no puedes sufrir pero es que no tienes m\u00e1s en el tanque. Al principio era s\u00faper frustrante porque no entend\u00edas qu\u00e9 pasaba.<\/p>\n<p><img decoding=\"async\" src=\"https:\/\/www.europesays.com\/es\/wp-content\/uploads\/2025\/12\/89069497-3439-423b-8353-5ea1d90342a5_alta-libre-aspect-ratio_default_0.jpg\" width=\"1200\" height=\"800\" alt=\"Por la izquierda, Iv\u00e1n Garc\u00eda Cortina, Hugo de la Calle y Sinuh\u00e9 Fern\u00e1ndez, los ciclistas asturianos presentes en la Vuelta a Espa\u00f1a\" class=\"ft-helper-img-rd\" loading=\"lazy\"\/><\/p>\n<p class=\"ft-helper-fontColor-quaternary ft-helper-fontSize-body-S ft-helper-spacer-t-xxs\">Por la izquierda, Iv\u00e1n Garc\u00eda Cortina, Hugo de la Calle y Sinuh\u00e9 Fern\u00e1ndez, los ciclistas asturianos presentes en la Vuelta a Espa\u00f1a  \/ Roberto Men\u00e9ndez<\/p>\n<p class=\"ft-text\"><strong>\u00bfSe puede hacer algo a ese nivel? <\/strong><\/p>\n<p class=\"ft-text\">Ya no es qu\u00e9 puedo hacer o no. Sab\u00eda de d\u00f3nde ven\u00eda esa limitaci\u00f3n, de ser mi primer a\u00f1o profesional. Me lo hab\u00eda dicho. En el World Tour necesitas esa adaptaci\u00f3n, es esperar, si no es este a\u00f1o ser\u00e1 el que viene, sino el siguiente. Al tener 21 a\u00f1os, muscularmente no est\u00e1s hecho del todo y te falta ese punto extra que te exige el World Tour. Esperemos que despu\u00e9s de haber hecho mi primera grande el a\u00f1o que viene dar un paso adelante.<\/p>\n<p class=\"ft-text\"><strong>Acab\u00f3 la temporada con una dura ca\u00edda en el Giro de Veneto. <\/strong><\/p>\n<p class=\"ft-text\">Estaba s\u00faper satisfecho de c\u00f3mo estaba acabando, pudiendo rematar con dos top ten en las cl\u00e1sicas italianas, donde hay mucho nivel, me estaba demostrando que puedo estar con los mejores. Fue una ca\u00edda muy, muy tonta que me dej\u00f3 un poco mal. Estoy recuperando, tratando de volver a hacer algo, que va siendo hora, pero con las limitaciones que conlleva la lesi\u00f3n, que cada vez que voy al m\u00e9dico me llevo una sorpresa. Al principio, con todo el edema que ten\u00eda al hacerme la primera radiograf\u00eda solo se ve\u00edan dos costillas rotas y cuando hice la siguiente para ver c\u00f3mo iba me llev\u00e9 la sorpresa de que eran cinco. Era paciencia, que no tengo, como todos los deportistas, pero intentar tenerla y que cure lo mejor posible.<\/p>\n<p class=\"ft-text\"><strong>\u00bfAlguna cita marcada en el calendario el pr\u00f3ximo curso?<\/strong><\/p>\n<p class=\"ft-text\">Me gustar\u00eda volver a estar en la salida de la Vuelta a Asturias y por qu\u00e9 no mejorar el resultado de este a\u00f1o. Es complicado. Al equipo ya se lo he transmitido, espero que est\u00e9n de acuerdo.<\/p>\n<p data-close=\"closedContent\" class=\"subscribeHideForDisplay\">Suscr\u00edbete para seguir leyendo<\/p>\n","protected":false},"excerpt":{"rendered":"Hugo de la Calle (Castrill\u00f3n, 21 a\u00f1os) sonr\u00ede a pesar de que le duelen las cinco costillas que&hellip;\n","protected":false},"author":2,"featured_media":265827,"comment_status":"","ping_status":"","sticky":false,"template":"","format":"standard","meta":{"footnotes":""},"categories":[273],"tags":[2513,11922,12232,1770,10872,313,1757,312,168,25,24,9026,628,23,167,3466],"class_list":{"0":"post-265826","1":"post","2":"type-post","3":"status-publish","4":"format-standard","5":"has-post-thumbnail","7":"category-ciclismo","8":"tag-altura","9":"tag-analiza","10":"tag-asturiano","11":"tag-asturias","12":"tag-calle","13":"tag-ciclismo","14":"tag-ciclista","15":"tag-cycling","16":"tag-deportes","17":"tag-es","18":"tag-espana","19":"tag-hugo","20":"tag-italia","21":"tag-spain","22":"tag-sports","23":"tag-sueno"},"share_on_mastodon":{"url":"https:\/\/pubeurope.com\/@es\/115645585322316063","error":""},"_links":{"self":[{"href":"https:\/\/www.europesays.com\/es\/wp-json\/wp\/v2\/posts\/265826","targetHints":{"allow":["GET"]}}],"collection":[{"href":"https:\/\/www.europesays.com\/es\/wp-json\/wp\/v2\/posts"}],"about":[{"href":"https:\/\/www.europesays.com\/es\/wp-json\/wp\/v2\/types\/post"}],"author":[{"embeddable":true,"href":"https:\/\/www.europesays.com\/es\/wp-json\/wp\/v2\/users\/2"}],"replies":[{"embeddable":true,"href":"https:\/\/www.europesays.com\/es\/wp-json\/wp\/v2\/comments?post=265826"}],"version-history":[{"count":0,"href":"https:\/\/www.europesays.com\/es\/wp-json\/wp\/v2\/posts\/265826\/revisions"}],"wp:featuredmedia":[{"embeddable":true,"href":"https:\/\/www.europesays.com\/es\/wp-json\/wp\/v2\/media\/265827"}],"wp:attachment":[{"href":"https:\/\/www.europesays.com\/es\/wp-json\/wp\/v2\/media?parent=265826"}],"wp:term":[{"taxonomy":"category","embeddable":true,"href":"https:\/\/www.europesays.com\/es\/wp-json\/wp\/v2\/categories?post=265826"},{"taxonomy":"post_tag","embeddable":true,"href":"https:\/\/www.europesays.com\/es\/wp-json\/wp\/v2\/tags?post=265826"}],"curies":[{"name":"wp","href":"https:\/\/api.w.org\/{rel}","templated":true}]}}