{"id":265828,"date":"2025-12-01T17:53:09","date_gmt":"2025-12-01T17:53:09","guid":{"rendered":"https:\/\/www.europesays.com\/es\/265828\/"},"modified":"2025-12-01T17:53:09","modified_gmt":"2025-12-01T17:53:09","slug":"joaquin-rodriguez-casademont-zaragoza-destroza-a-panama-con-una-impresionante-actuacion","status":"publish","type":"post","link":"https:\/\/www.europesays.com\/es\/265828\/","title":{"rendered":"Joaqu\u00edn Rodr\u00edguez (Casademont Zaragoza) destroza a Panam\u00e1 con una impresionante actuaci\u00f3n"},"content":{"rendered":"<p class=\"paragraph\">Joaqu\u00edn Rodr\u00edguez volvi\u00f3 a demostrar su talento ofensivo. El escolta, de 26 a\u00f1os de edad, result\u00f3 determinante en la madrugada del lunes<b> en el triunfo de su equipo ante Panam\u00e1 (84-82), <\/b>en la fase de clasificaci\u00f3n para el Mundial de 2027. El uruguayo es <a href=\"https:\/\/www.heraldo.es\/noticias\/deportes\/baloncesto\/2025\/11\/24\/casademont-zaragoza-cede-cinco-jugadores-selecciones-nacionales-1873131.html\" title=\"El Casademont Zaragoza cede a cinco jugadores a las selecciones nacionales\" rel=\"nofollow noopener\" target=\"_blank\">uno de los cinco jugadores del Casademont Zaragoza que han acudido con sus respectivas selecciones<\/a> en esta primera ventana de la FIBA. Tambi\u00e9n lo han hecho Joel Soriano, con la Rep\u00fablica Dominicana; Trae Bell-Haynes, con Canad\u00e1; y Santi Yusta y Miguel Gonz\u00e1lez -este \u00faltimo en calidad de invitado- con el combinado espa\u00f1ol.\u00a0 \u00a0\u00a0<\/p>\n<p class=\"paragraph\">El escolta<b> tuvo una impresionante actuaci\u00f3n<\/b> ante Panam\u00e1. Finaliz\u00f3 el encuentro con 35 cr\u00e9ditos de valoraci\u00f3n, despu\u00e9 sde facturar 29 puntos, 9 rebotes, 4 asistencias y 3 recuperaciones de bal\u00f3n en los 32 minutos que estuvo sobre la pista. Fue el jugador m\u00e1s destacado del choque.\u00a0<\/p>\n<p class=\"paragraph\">Uruguay lleg\u00f3 al \u00faltimo cuarto con el marcador adverso, pero remont\u00f3 en los compases finales <b>con cinco tantos consecutivos<\/b> de Joaqu\u00edn Rodr\u00edguez: primero convirti\u00f3 un lanzamiento triple -el quinto de su cuenta particular-, y luego rob\u00f3 un bal\u00f3n y culmin\u00f3 \u00e9l mismo el contragolpe.\u00a0<\/p>\n<p>Segunda victoria<\/p>\n<p class=\"paragraph\">Con empate a 82 en el marcador, <b>Mart\u00edn Rojas dio el triunfo a los uruguayos <\/b>tras anotar sobre la bocina la \u00faltima canasta del encuentro. El conjunto de\u00a0Gerardo Jauri y ahab\u00eda batido a Panam\u00e1 el pasado 28 de noviembre (60-93) en la primera jornada de esta fase de clasificaci\u00f3n.\u00a0<\/p>\n<p class=\"paragraph\">Anteriormente, el combinado espa\u00f1ol se hab\u00eda impuesto a Georgia (90-61), el pasado domingo, con <b>una gran contribuci\u00f3n del capit\u00e1n del Casademont Zaragoza, Santi Yusta. <\/b>El alero sum\u00f3 17 puntos, 4 rebotes y 6 asistencias en 26 minutos, lo que se tradujo en 19 unidades de valoraci\u00f3n global.\u00a0<\/p>\n<p class=\"paragraph\">Tres d\u00edas antes,<b> en el triunfo ante Dinamarca (64-74), <\/b>Yusta hab\u00eda logrado 10 tantos, 7 capturas y 2 pases de canasta en 21 minutos de juego, en el estreno en el banquillo de Chus Mateo como seleccionador nacional.\u00a0<\/p>\n<p class=\"paragraph\">\u00a0<\/p>\n","protected":false},"excerpt":{"rendered":"Joaqu\u00edn Rodr\u00edguez volvi\u00f3 a demostrar su talento ofensivo. El escolta, de 26 a\u00f1os de edad, result\u00f3 determinante en&hellip;\n","protected":false},"author":2,"featured_media":265829,"comment_status":"","ping_status":"","sticky":false,"template":"","format":"standard","meta":{"footnotes":""},"categories":[269],"tags":[4641,299,298,2511,168,29536,25,24,17031,416,23,167],"class_list":{"0":"post-265828","1":"post","2":"type-post","3":"status-publish","4":"format-standard","5":"has-post-thumbnail","7":"category-baloncesto","8":"tag-actuacion","9":"tag-baloncesto","10":"tag-basketball","11":"tag-casademont","12":"tag-deportes","13":"tag-destroza","14":"tag-es","15":"tag-espana","16":"tag-impresionante","17":"tag-rodriguez","18":"tag-spain","19":"tag-sports"},"share_on_mastodon":{"url":"","error":""},"_links":{"self":[{"href":"https:\/\/www.europesays.com\/es\/wp-json\/wp\/v2\/posts\/265828","targetHints":{"allow":["GET"]}}],"collection":[{"href":"https:\/\/www.europesays.com\/es\/wp-json\/wp\/v2\/posts"}],"about":[{"href":"https:\/\/www.europesays.com\/es\/wp-json\/wp\/v2\/types\/post"}],"author":[{"embeddable":true,"href":"https:\/\/www.europesays.com\/es\/wp-json\/wp\/v2\/users\/2"}],"replies":[{"embeddable":true,"href":"https:\/\/www.europesays.com\/es\/wp-json\/wp\/v2\/comments?post=265828"}],"version-history":[{"count":0,"href":"https:\/\/www.europesays.com\/es\/wp-json\/wp\/v2\/posts\/265828\/revisions"}],"wp:featuredmedia":[{"embeddable":true,"href":"https:\/\/www.europesays.com\/es\/wp-json\/wp\/v2\/media\/265829"}],"wp:attachment":[{"href":"https:\/\/www.europesays.com\/es\/wp-json\/wp\/v2\/media?parent=265828"}],"wp:term":[{"taxonomy":"category","embeddable":true,"href":"https:\/\/www.europesays.com\/es\/wp-json\/wp\/v2\/categories?post=265828"},{"taxonomy":"post_tag","embeddable":true,"href":"https:\/\/www.europesays.com\/es\/wp-json\/wp\/v2\/tags?post=265828"}],"curies":[{"name":"wp","href":"https:\/\/api.w.org\/{rel}","templated":true}]}}