{"id":265835,"date":"2025-12-01T17:58:16","date_gmt":"2025-12-01T17:58:16","guid":{"rendered":"https:\/\/www.europesays.com\/es\/265835\/"},"modified":"2025-12-01T17:58:16","modified_gmt":"2025-12-01T17:58:16","slug":"espana-tampoco-emitira-el-festival-de-eurovision-si-no-participa-eurovision","status":"publish","type":"post","link":"https:\/\/www.europesays.com\/es\/265835\/","title":{"rendered":"Espa\u00f1a tampoco emitir\u00e1 el festival de Eurovisi\u00f3n si no participa | Eurovisi\u00f3n"},"content":{"rendered":"<p>La decisi\u00f3n de RTVE de mantener <a href=\"https:\/\/los40.com\/2025\/11\/24\/espana-participa-en-eurovision-2026-esta-es-la-fecha-clave-para-conocer-la-respuesta-de-rtve\/\" target=\"_blank\" rel=\"nofollow noopener\" title=\"https:\/\/los40.com\/2025\/11\/24\/espana-participa-en-eurovision-2026-esta-es-la-fecha-clave-para-conocer-la-respuesta-de-rtve\/\"><b>su postura firme respecto a la participaci\u00f3n de Espa\u00f1a en el Festival de Eurovisi\u00f3n<\/b><\/a> ha generado un intenso debate pol\u00edtico, cultural y social. A pesar del reciente acuerdo de paz alcanzado entre Israel y Palestina, la corporaci\u00f3n p\u00fablica ha reiterado que <a href=\"https:\/\/los40.com\/2025\/11\/27\/rtve-mantiene-su-postura-si-israel-va-a-eurovision-espana-se-queda-fuera\/\" target=\"_blank\" rel=\"nofollow noopener\" title=\"https:\/\/los40.com\/2025\/11\/27\/rtve-mantiene-su-postura-si-israel-va-a-eurovision-espana-se-queda-fuera\/\">Espa\u00f1a no formar\u00e1 parte del certamen europeo en caso de que Israel figure en la lista de pa\u00edses participantes.<\/a><\/p>\n<p>RTVE tambi\u00e9n ha confirmado que si no participa en Eurovisi\u00f3n 2026 no podr\u00e1 tampoco unirse a la emisi\u00f3n de las semifinales ni tampoco de la final. Y todav\u00eda se puede ir m\u00e1s all\u00e1 y pensar en cu\u00e1nto podr\u00eda prolongarse esta situaci\u00f3n si el conflicto en Oriente Medio sigue extendi\u00e9ndose. Y ya van demasiadas d\u00e9cadas.<\/p>\n<p>La inc\u00f3gnita ahora es c\u00f3mo reaccionar\u00e1 la Uni\u00f3n Europea de Radiodifusi\u00f3n (UER), organizadora de Eurovisi\u00f3n, ante la postura espa\u00f1ola. Si Israel mantiene su participaci\u00f3n, Espa\u00f1a podr\u00eda ausentarse del festival durante varios a\u00f1os, lo que abrir\u00eda un debate sobre la representatividad y la diversidad cultural del certamen. Por otro lado, si la presi\u00f3n internacional aumenta, podr\u00eda plantearse un escenario en el que la UER busque f\u00f3rmulas de mediaci\u00f3n para evitar la exclusi\u00f3n de pa\u00edses y garantizar la participaci\u00f3n de todos los miembros.<\/p>\n<p><img decoding=\"async\" src=\"https:\/\/los40.com\/pf\/resources\/img\/logo-40-v-c.svg?d=914\" alt=\"LOS40\" class=\"i-pro\" width=\"68\" height=\"68\" loading=\"lazy\"\/><\/p>\n<p>El anuncio del acuerdo de paz fue recibido con optimismo por gran parte de la comunidad internacional, que lo interpret\u00f3 como un paso hist\u00f3rico hacia la estabilidad en Oriente Medio. Sin embargo, RTVE ha subrayado que su decisi\u00f3n no est\u00e1 vinculada \u00fanicamente a la coyuntura pol\u00edtica, sino a una cuesti\u00f3n de principios y coherencia institucional.<\/p>\n<p>Fuentes internas de la cadena han se\u00f1alado que la postura responde a un compromiso con los valores de derechos humanos y a la presi\u00f3n de sectores sociales que consideran que la participaci\u00f3n de Israel en Eurovisi\u00f3n supone una &#8216;normalizaci\u00f3n cultural&#8217; de un pa\u00eds cuya pol\u00edtica ha sido objeto de cr\u00edticas durante a\u00f1os.<\/p>\n<p><img decoding=\"async\" src=\"https:\/\/www.europesays.com\/es\/wp-content\/uploads\/2025\/12\/OPBPSWD4SZBRNN7A5HEH3D6AHM.jpg\" alt=\"Baliza V16: cu\u00e1nto cuesta, multas de la DGT y a partir de cu\u00e1ndo es obligatorio\" width=\"165\" height=\"138\"  loading=\"lazy\"\/><\/p>\n<p>Aunque Eurovisi\u00f3n se presenta oficialmente como un festival musical ajeno a la pol\u00edtica, lo cierto es que hist\u00f3ricamente ha sido un espacio donde las tensiones internacionales se reflejan de manera indirecta. La exclusi\u00f3n de pa\u00edses, las votaciones estrat\u00e9gicas y las pol\u00e9micas sobre la presencia de determinados estados han sido parte de su historia.<\/p>\n<p><img loading=\"lazy\" decoding=\"async\" src=\"https:\/\/www.europesays.com\/es\/wp-content\/uploads\/2025\/08\/1755696429_839_maxresdefault.jpg\" width=\"16\" height=\"9\"\/><\/p>\n<p><a href=\"https:\/\/los40.com\/2025\/11\/24\/espana-participa-en-eurovision-2026-esta-es-la-fecha-clave-para-conocer-la-respuesta-de-rtve\/\" target=\"_blank\" rel=\"nofollow noopener\" title=\"https:\/\/los40.com\/2025\/11\/24\/espana-participa-en-eurovision-2026-esta-es-la-fecha-clave-para-conocer-la-respuesta-de-rtve\/\"><b>La decisi\u00f3n de RTVE<\/b><\/a> tambi\u00e9n afecta directamente a la industria musical espa\u00f1ola. Eurovisi\u00f3n ha sido hist\u00f3ricamente una plataforma para dar visibilidad a artistas emergentes o consolidar carreras. La ausencia de Espa\u00f1a en la futura edici\u00f3n genera una gran incertidumbre tanto en el Benidorm Fest como en el futuro del evento en nuestro pa\u00eds.<\/p>\n","protected":false},"excerpt":{"rendered":"La decisi\u00f3n de RTVE de mantener su postura firme respecto a la participaci\u00f3n de Espa\u00f1a en el Festival&hellip;\n","protected":false},"author":2,"featured_media":265836,"comment_status":"","ping_status":"","sticky":false,"template":"","format":"standard","meta":{"footnotes":""},"categories":[171],"tags":[146,147,25,24,23,214,65816,62318],"class_list":{"0":"post-265835","1":"post","2":"type-post","3":"status-publish","4":"format-standard","5":"has-post-thumbnail","7":"category-tv","8":"tag-entertainment","9":"tag-entretenimiento","10":"tag-es","11":"tag-espana","12":"tag-spain","13":"tag-tv","14":"tag-v-16","15":"tag-v16"},"share_on_mastodon":{"url":"https:\/\/pubeurope.com\/@es\/115645614170207300","error":""},"_links":{"self":[{"href":"https:\/\/www.europesays.com\/es\/wp-json\/wp\/v2\/posts\/265835","targetHints":{"allow":["GET"]}}],"collection":[{"href":"https:\/\/www.europesays.com\/es\/wp-json\/wp\/v2\/posts"}],"about":[{"href":"https:\/\/www.europesays.com\/es\/wp-json\/wp\/v2\/types\/post"}],"author":[{"embeddable":true,"href":"https:\/\/www.europesays.com\/es\/wp-json\/wp\/v2\/users\/2"}],"replies":[{"embeddable":true,"href":"https:\/\/www.europesays.com\/es\/wp-json\/wp\/v2\/comments?post=265835"}],"version-history":[{"count":0,"href":"https:\/\/www.europesays.com\/es\/wp-json\/wp\/v2\/posts\/265835\/revisions"}],"wp:featuredmedia":[{"embeddable":true,"href":"https:\/\/www.europesays.com\/es\/wp-json\/wp\/v2\/media\/265836"}],"wp:attachment":[{"href":"https:\/\/www.europesays.com\/es\/wp-json\/wp\/v2\/media?parent=265835"}],"wp:term":[{"taxonomy":"category","embeddable":true,"href":"https:\/\/www.europesays.com\/es\/wp-json\/wp\/v2\/categories?post=265835"},{"taxonomy":"post_tag","embeddable":true,"href":"https:\/\/www.europesays.com\/es\/wp-json\/wp\/v2\/tags?post=265835"}],"curies":[{"name":"wp","href":"https:\/\/api.w.org\/{rel}","templated":true}]}}