{"id":265843,"date":"2025-12-01T18:02:18","date_gmt":"2025-12-01T18:02:18","guid":{"rendered":"https:\/\/www.europesays.com\/es\/265843\/"},"modified":"2025-12-01T18:02:18","modified_gmt":"2025-12-01T18:02:18","slug":"la-oms-recomienda-ozempic-para-tratar-la-obesidad-junto-a-dieta-saludable-y-actividad-fisica","status":"publish","type":"post","link":"https:\/\/www.europesays.com\/es\/265843\/","title":{"rendered":"La OMS recomienda Ozempic para tratar la obesidad junto a dieta saludable y actividad f\u00edsica"},"content":{"rendered":"\n<p> La Organizaci\u00f3n Mundial de la Salud (<strong>OMS<\/strong>) ha publicado este lunes su <strong>primera gu\u00eda sobre el uso de terapias con p\u00e9ptidos similares al glucag\u00f3n-1<\/strong> (<a href=\"https:\/\/www.elconfidencial.com\/salud\/2025-07-20\/glp1-medicamentos-citas-sexo-relaciones-1hms_4175692\/\" target=\"_blank\" rel=\"nofollow noopener\">GLP-1<\/a>) para <strong>tratar la obesidad<\/strong>, donde recomienda estos f\u00e1rmacos en <strong>adultos con obesidad<\/strong> como <strong>tratamiento a largo plazo<\/strong>, en combinaci\u00f3n con una <strong>dieta saludable<\/strong> y la pr\u00e1ctica de <strong>actividad f\u00edsica<\/strong>. <\/p>\n<p> \u00abLa obesidad es uno de los <strong>problemas de salud p\u00fablica<\/strong> m\u00e1s graves de nuestro tiempo. A nivel mundial, <strong>m\u00e1s de mil millones de personas<\/strong> viven con obesidad y se espera que esa cifra se duplique para 2030. Es una <strong>enfermedad cr\u00f3nica y recurrente<\/strong> que <strong>provoca enfermedades card\u00edacas<\/strong>, <strong>diabetes y algunos tipos de c\u00e1ncer<\/strong>. El a\u00f1o pasado se relacion\u00f3 con <strong>3,7 millones de muertes<\/strong> en todo el mundo\u00bb, ha se\u00f1alado en rueda de prensa el <strong>director general de la OMS<\/strong>, <strong>Tedros Adhanom<\/strong>. <\/p>\n<p> Los f\u00e1rmacos GLP-1, entre los que se incluyen <strong>liraglutida<\/strong>, <strong>semaglutida y tirzepatida<\/strong>, originalmente desarrollados para tratar la diabetes, cuentan con la aprobaci\u00f3n de muchos pa\u00edses para el <strong>tratamiento de la obesidad<\/strong>. El pasado septiembre, <strong>la OMS a\u00f1adi\u00f3 estas terapias a su listado de medicamentos esenciales<\/strong> para el <strong>manejo de la diabetes tipo 2<\/strong> en <strong>grupos de alto riesgo<\/strong>. <\/p>\n<p> \u00abEstas terapias forman parte de <strong>una estrategia hol\u00edstica basada en tres pilares<\/strong>. En primer lugar, <strong>crear entornos m\u00e1s saludables<\/strong> mediante <strong>pol\u00edticas s\u00f3lidas<\/strong>; en segundo lugar, proteger a las personas de alto riesgo mediante la <strong>detecci\u00f3n y la intervenci\u00f3n temprana<\/strong>; y tercero, garantizar el <a href=\"https:\/\/www.elconfidencial.com\/mercados\/the-wall-street-journal\/2025-08-09\/farmaceutica-ozempic-pastillas-hunde-bolsa_4188386\/\" target=\"_blank\" rel=\"nofollow noopener\">acceso<\/a> a una atenci\u00f3n centrada en la persona y de por vida para quienes viven con obesidad\u00bb, ha detallado <strong>Adhanom<\/strong>. <\/p>\n<p>              <img decoding=\"async\" class=\"inTextNews__img\" alt=\"Foto: (Youtube | Fit Generation Nutricion)\" src=\"https:\/\/www.europesays.com\/es\/wp-content\/uploads\/2025\/12\/f.elconfidencial.com\/original\/269\/c9d\/ae6\/269c9dae6288c09cdb4bf2c58dff5c21.png\"  \/>     <\/p>\n<p>TE PUEDE INTERESAR<\/p>\n<p>      <a class=\"inTextNews__title\" href=\"https:\/\/www.elconfidencial.com\/alma-corazon-vida\/2025-11-30\/diana-rozzolo-nutricionista-glucogeno-1qrt_4256737\/\" onclick=\"window.ECCO.emit(&#039;amplitude&#039;, { dataEventName: &#039;click_related_article_module&#039;, data: { related_article_url: &#039;https:\/\/www.elconfidencial.com\/alma-corazon-vida\/2025-11-30\/diana-rozzolo-nutricionista-glucogeno-1qrt_4256737\/&#039;, related_article_author: &#039;Laura Lezama&#039;, related_article_section: &#039;alma-corazon-vida&#039; } })\" rel=\"nofollow noopener\" target=\"_blank\"> Diana Rozzolo, nutricionista: \u00abCuando las reservas de gluc\u00f3geno est\u00e9n llenas, el h\u00edgado tender\u00e1 a crear grasa\u00bb <\/a>   <\/p>\n<p>    El Confidencial   <\/p>\n<p> La <strong>nueva gu\u00eda<\/strong> contempla una recomendaci\u00f3n, basada en <strong>evidencia de certeza moderada<\/strong>, sobre el uso de terapias con GLP-1 para el tratamiento a largo plazo, esto es, m\u00e1s de seis meses, de la obesidad en adultos, excluyendo a las mujeres embarazadas. Pese a la eficacia demostrada de los tratamientos, la recomendaci\u00f3n es condicional debido a la falta de datos sobre su uso a largo plazo, su mantenimiento y su interrupci\u00f3n, sus costos actuales, la preparaci\u00f3n inadecuada del sistema de salud y las posibles implicaciones para la equidad. <\/p>\n<p>            Dieta y ejercicio           <\/p>\n<p> \u00abEs fundamental destacar que el uso de GLP-1 no reemplaza la necesidad de una <strong>dieta saludable y de actividad f\u00edsica<\/strong>\u00ab, ha subrayado el director general de la OMS. Por ello, la gu\u00eda incluye una segunda recomendaci\u00f3n, basada en <strong>evidencia de certeza baja<\/strong>, que aconseja incluir una dieta saludable y actividad f\u00edsica, a los adultos con obesidad a quienes se les hayan prescrito <strong>terapias con GLP-1<\/strong>. <\/p>\n<p> A este respecto, la gu\u00eda enfatiza la necesidad de crear entornos m\u00e1s saludables mediante <strong>pol\u00edticas poblacionales s\u00f3lidas<\/strong> para promover la salud y <strong>prevenir la obesidad<\/strong>; proteger a las personas con <strong>alto riesgo de desarrollar obesidad<\/strong> y <strong>comorbilidades relacionadas<\/strong> mediante <strong>pruebas de detecci\u00f3n espec\u00edficas<\/strong> e <strong>intervenciones tempranas estructuradas<\/strong>; y garantizar el acceso a una atenci\u00f3n centrada en la persona y durante toda la vida. <\/p>\n<p> Adhanom ha reconocido los desaf\u00edos que plantea la introducci\u00f3n de estos medicamentos, sobre todo en lo relativo a su elevado coste, por lo que ha abogado por trabajar para garantizar un <strong>acceso equitativo y asequible<\/strong>. \u00abSin una <strong>acci\u00f3n concertada<\/strong>, estos medicamentos podr\u00edan contribuir a <strong>ampliar la brecha entre ricos y pobres<\/strong>, tanto entre pa\u00edses como dentro de ellos\u00bb, ha advertido. <\/p>\n<p>              <img decoding=\"async\" class=\"inTextNews__img\" alt=\"Foto: zhen-yan-catedratico-ejercico-correr-levantar-pesas\" src=\"https:\/\/www.europesays.com\/es\/wp-content\/uploads\/2025\/12\/f.elconfidencial.com\/original\/0b1\/1ac\/9ae\/0b11ac9aeca3044145be90a7f0ea3a29.jpg\"  \/>     <\/p>\n<p>TE PUEDE INTERESAR<\/p>\n<p>      <a class=\"inTextNews__title\" href=\"https:\/\/www.elconfidencial.com\/alma-corazon-vida\/2025-11-15\/zhen-yan-catedratico-ejercico-correr-levantar-pesas_4247515\/\" onclick=\"window.ECCO.emit(&#039;amplitude&#039;, { dataEventName: &#039;click_related_article_module&#039;, data: { related_article_url: &#039;https:\/\/www.elconfidencial.com\/alma-corazon-vida\/2025-11-15\/zhen-yan-catedratico-ejercico-correr-levantar-pesas_4247515\/&#039;, related_article_author: &#039;Silvia L\u00f3pez&#039;, related_article_section: &#039;alma-corazon-vida&#039; } })\" rel=\"nofollow noopener\" target=\"_blank\"> Zhen Yan, catedr\u00e1tico de ejercicio: \u00abTanto correr como levantar pesas reducen la grasa abdominal y subcut\u00e1nea y mejoran el control de la glucosa en sangre\u00bb <\/a>   <\/p>\n<p>    El Confidencial   <\/p>\n<p> De hecho, las proyecciones de la OMS apuntan que, incluso con una r\u00e1pida expansi\u00f3n de la producci\u00f3n, <strong>las terapias GLP-1 llegar\u00e1n a menos del 10 por ciento<\/strong> de quienes podr\u00edan beneficiarse para 2030. Por ello, Adhanom ha instado a la <strong>comunidad mundial<\/strong> a considerar <strong>estrategias para ampliar el acceso<\/strong>, como la <strong>adquisici\u00f3n conjunta<\/strong>, la <strong>fijaci\u00f3n de precios escalonados<\/strong> y las <strong>licencias voluntarias<\/strong>, entre otras. <\/p>\n<p> Los representantes del organismo internacional han precisado que <strong>la nueva gu\u00eda es un documento vivo<\/strong> que ir\u00e1 actualiz\u00e1ndose en funci\u00f3n de la <strong>evidencia<\/strong> y que su elaboraci\u00f3n busca responder a las demandas de <strong>Estados miembros<\/strong> y <strong>sociedades civiles<\/strong>. Asimismo, han se\u00f1alado que la pr\u00f3xima semana se publicar\u00e1 una <a href=\"https:\/\/www.alimente.elconfidencial.com\/bienestar\/2025-04-10\/tratamiento-intranasal-obesidad-uic-1hms_4106256\/\" target=\"_blank\" rel=\"nofollow noopener\">gu\u00eda dirigida a ni\u00f1os menores de 12 a\u00f1os<\/a>. <\/p>\n<p> La Organizaci\u00f3n Mundial de la Salud (<strong>OMS<\/strong>) ha publicado este lunes su <strong>primera gu\u00eda sobre el uso de terapias con p\u00e9ptidos similares al glucag\u00f3n-1<\/strong> (<a href=\"https:\/\/www.elconfidencial.com\/salud\/2025-07-20\/glp1-medicamentos-citas-sexo-relaciones-1hms_4175692\/\" target=\"_blank\" rel=\"nofollow noopener\">GLP-1<\/a>) para <strong>tratar la obesidad<\/strong>, donde recomienda estos f\u00e1rmacos en <strong>adultos con obesidad<\/strong> como <strong>tratamiento a largo plazo<\/strong>, en combinaci\u00f3n con una <strong>dieta saludable<\/strong> y la pr\u00e1ctica de <strong>actividad f\u00edsica<\/strong>. <\/p>\n","protected":false},"excerpt":{"rendered":"La Organizaci\u00f3n Mundial de la Salud (OMS) ha publicado este lunes su primera gu\u00eda sobre el uso de&hellip;\n","protected":false},"author":2,"featured_media":265844,"comment_status":"","ping_status":"","sticky":false,"template":"","format":"standard","meta":{"footnotes":""},"categories":[92],"tags":[25,24,165,166,23],"class_list":{"0":"post-265843","1":"post","2":"type-post","3":"status-publish","4":"format-standard","5":"has-post-thumbnail","7":"category-salud","8":"tag-es","9":"tag-espana","10":"tag-health","11":"tag-salud","12":"tag-spain"},"share_on_mastodon":{"url":"https:\/\/pubeurope.com\/@es\/115645628705695518","error":""},"_links":{"self":[{"href":"https:\/\/www.europesays.com\/es\/wp-json\/wp\/v2\/posts\/265843","targetHints":{"allow":["GET"]}}],"collection":[{"href":"https:\/\/www.europesays.com\/es\/wp-json\/wp\/v2\/posts"}],"about":[{"href":"https:\/\/www.europesays.com\/es\/wp-json\/wp\/v2\/types\/post"}],"author":[{"embeddable":true,"href":"https:\/\/www.europesays.com\/es\/wp-json\/wp\/v2\/users\/2"}],"replies":[{"embeddable":true,"href":"https:\/\/www.europesays.com\/es\/wp-json\/wp\/v2\/comments?post=265843"}],"version-history":[{"count":0,"href":"https:\/\/www.europesays.com\/es\/wp-json\/wp\/v2\/posts\/265843\/revisions"}],"wp:featuredmedia":[{"embeddable":true,"href":"https:\/\/www.europesays.com\/es\/wp-json\/wp\/v2\/media\/265844"}],"wp:attachment":[{"href":"https:\/\/www.europesays.com\/es\/wp-json\/wp\/v2\/media?parent=265843"}],"wp:term":[{"taxonomy":"category","embeddable":true,"href":"https:\/\/www.europesays.com\/es\/wp-json\/wp\/v2\/categories?post=265843"},{"taxonomy":"post_tag","embeddable":true,"href":"https:\/\/www.europesays.com\/es\/wp-json\/wp\/v2\/tags?post=265843"}],"curies":[{"name":"wp","href":"https:\/\/api.w.org\/{rel}","templated":true}]}}